{"id":939,"date":"2014-11-25T12:54:00","date_gmt":"2014-11-25T12:54:00","guid":{"rendered":"http:\/\/fmriachuelo.observatorioess.org.ar\/index.php\/2014\/11\/25\/ee-uu-y-la-injusticia-para-la-poblacion-negra\/"},"modified":"2025-03-14T16:30:05","modified_gmt":"2025-03-14T19:30:05","slug":"ee-uu-y-la-injusticia-para-la-poblacion-negra","status":"publish","type":"post","link":"http:\/\/fmriachuelo.it10.com.ar\/index.php\/2014\/11\/25\/ee-uu-y-la-injusticia-para-la-poblacion-negra\/","title":{"rendered":"EE.UU. Y LA (IN)JUSTICIA PARA LA POBLACION NEGRA"},"content":{"rendered":"<div><span style=\"font-family: Verdana, sans-serif;font-size: large\"><strong><span style=\"color: red;line-height: 107%\">ESTALLAN DISTURBIOS POR FALLO EN FERGUSON&nbsp;Y&nbsp;PROTESTAS EN NUEVA YORK<\/span><\/strong><\/span><a href=\"http:\/\/1.bp.blogspot.com\/-ipm5-FoBNXs\/VHSDsIYVeCI\/AAAAAAAABkE\/HVjWSJz4_eE\/s1600\/safe_image.jpg\" style=\"margin-left: 1em;margin-right: 1em;text-align: center\"><span style=\"font-family: Verdana, sans-serif\"><\/span><\/a><\/div>\n<div style=\"clear: both;text-align: center\"><a href=\"https:\/\/images-blogger-opensocial.googleusercontent.com\/gadgets\/proxy?url=http%3A%2F%2F4.bp.blogspot.com%2F-rzxJF0rVq0w%2FVHR4hAKjPvI%2FAAAAAAAABjo%2F1ID5TRLPptY%2Fs1600%2F2a45517d-e2bc-474e-bbdf-71c436f9f93c-620x400.jpg&amp;container=blogger&amp;gadget=a&amp;rewriteMime=image%2F*\" style=\"clear: left;float: left;margin-bottom: 1em;margin-right: 1em\"><img loading=\"lazy\" decoding=\"async\" border=\"0\" src=\"http:\/\/4.bp.blogspot.com\/-rzxJF0rVq0w\/VHR4hAKjPvI\/AAAAAAAABjo\/1ID5TRLPptY\/s1600\/2a45517d-e2bc-474e-bbdf-71c436f9f93c-620x400.jpg\" height=\"206\" width=\"320\" \/><\/a><a href=\"https:\/\/images-blogger-opensocial.googleusercontent.com\/gadgets\/proxy?url=http%3A%2F%2F1.bp.blogspot.com%2F-ipm5-FoBNXs%2FVHSDsIYVeCI%2FAAAAAAAABkE%2FHVjWSJz4_eE%2Fs1600%2Fsafe_image.jpg&amp;container=blogger&amp;gadget=a&amp;rewriteMime=image%2F*\" style=\"clear: left;float: left;margin-bottom: 1em;margin-right: 1em\"><img loading=\"lazy\" decoding=\"async\" border=\"0\" src=\"http:\/\/1.bp.blogspot.com\/-ipm5-FoBNXs\/VHSDsIYVeCI\/AAAAAAAABkE\/HVjWSJz4_eE\/s1600\/safe_image.jpg\" height=\"167\" width=\"320\" \/><\/a><a href=\"http:\/\/4.bp.blogspot.com\/-rzxJF0rVq0w\/VHR4hAKjPvI\/AAAAAAAABjo\/1ID5TRLPptY\/s1600\/2a45517d-e2bc-474e-bbdf-71c436f9f93c-620x400.jpg\" style=\"margin-left: 1em;margin-right: 1em\"><span style=\"font-family: Verdana, sans-serif\"><\/span><\/a><\/div>\n<p><span style=\"font-family: Verdana, sans-serif\">Estallaron&nbsp; disturbios&nbsp;en las calles de la peque\u00f1a ciudad estadunidense de Ferguson, Missouri, luego de que se diera a conocer el veredicto&nbsp;en donde el polic\u00eda blanco&nbsp;no ser\u00e1 imputado por haber matado a un adolescente negro desarmado.<\/span><br \/><span style=\"font-family: Verdana, sans-serif\">Las protestas por la decisi\u00f3n del jurado en Ferguson, Missouri se extendieron&nbsp;tambi\u00e9n&nbsp;a Nueva York. Las im\u00e1genes que se pueden ver muestran a manifestantes en Times Square. Foto Ap. Otras im\u00e1genes&nbsp; muestran&nbsp;&nbsp; coches en llamas y un gran despliegue de la infanter\u00eda para reprimir la protesta, en Ferguson.<\/span><br \/><a name='more'><\/a><span style=\"font-family: Verdana, sans-serif\">Los manifestantes lanzaron botellas y ladrillos contra veh\u00edculos policiales, como informaron las cadenas televisivas CNN y MSNBC.<\/span><br \/><span style=\"font-family: Verdana, sans-serif\">Adem\u00e1s, varios escaparates de tiendas fueron destruidos.<\/span><br \/><span style=\"font-family: Verdana, sans-serif\">Seg\u00fan la CNN, la polic\u00eda utiliza gas lacrim\u00f3geno para contener a los manifestantes. MSNBC tambi\u00e9n habl\u00f3 de bombas de humo. Las im\u00e1genes televisivas mostraban diferentes fuegos en la ciudad y los reporteros informaron de disparos de armas de fuego.<\/span><br \/><span style=\"font-family: Verdana, sans-serif\">El jurado debati\u00f3 el caso durante tres meses. Revisaron cada prueba y analizaron al detalle cada testimonio, asegur\u00f3 el fiscal del Estado Robert McCulloch.<\/span><br \/><span style=\"font-family: Verdana, sans-serif\">Recordamos que: <strong>Darren<\/strong> <strong>Wilson, el polic\u00eda, &nbsp;dispar\u00f3 al joven Michael Brown caus\u00e1ndole la muerte el 9 de agosto despu\u00e9s de un altercado. La muerte del joven de 18 a\u00f1os desat\u00f3 graves disturbios en la ciudad de 20 mil habitantes. Los manifestantes reclamaban una investigaci\u00f3n judicial amplia. El polic\u00eda aleg\u00f3 defensa propia.<\/strong><\/span><br \/><span style=\"font-family: Verdana, sans-serif\">El presidente de Estados Unidos, Barack Obama, defendi\u00f3 la decisi\u00f3n del gran jurado. \u201cSomos una naci\u00f3n que se basa en el principio del estado constitucional\u201d, dijo esta noche en Washington.<\/span><br \/><span style=\"font-family: Verdana, sans-serif\">Al mismo tiempo, Obama llam\u00f3 a no reaccionar con protestas violentas. \u201cNo hay ninguna disculpa para la violencia\u201d, dijo e inst\u00f3 a la polic\u00eda a acompa\u00f1ar las protestas pac\u00edficas con precauci\u00f3n y contenci\u00f3n.<\/span><br \/><span style=\"font-family: Verdana, sans-serif\">La familia del joven negro se mostr\u00f3 muy cr\u00edtica con la decisi\u00f3n del jurado de no imputar al agente. \u201cEstamos profundamente decepcionados por el hecho de que el asesino de nuestro hijo no tenga que responder por las consecuencias de sus actos\u201d, comunicaron los padres a trav\u00e9s de su abogado.<\/span><br \/><span style=\"font-family: Verdana, sans-serif\">Al mismo tiempo, llamaron a los manifestantes en contra de esta decisi\u00f3n a mantener la calma. \u201cResponder a la violencia con m\u00e1s violencia no es la reacci\u00f3n adecuada\u201d, a\u00f1ade el comunicado.<\/span><br \/><span style=\"font-family: Verdana, sans-serif\">Los padres del joven reiteraron adem\u00e1s su reclamo de que en el futuro la polic\u00eda en Estados Unidos lleve una c\u00e1mara adherida a sus cuerpos.<\/span><\/p>\n<div><\/div>\n<p><a href=\"http:\/\/2.bp.blogspot.com\/-JNuOUVvL624\/VHR7029paYI\/AAAAAAAABj0\/RUw-EVK7-MU\/s1600\/COOP%2BRIACHIUELO%2BPRODUCCIONES.jpg\" style=\"clear: left;float: left;margin-bottom: 1em;margin-right: 1em;text-align: center\"><img loading=\"lazy\" decoding=\"async\" border=\"0\" src=\"http:\/\/2.bp.blogspot.com\/-JNuOUVvL624\/VHR7029paYI\/AAAAAAAABj0\/RUw-EVK7-MU\/s1600\/COOP%2BRIACHIUELO%2BPRODUCCIONES.jpg\" height=\"58\" width=\"200\" \/><\/a><span style=\"clear: left;color: #3d85c6;font-family: Verdana, sans-serif;font-size: x-small;margin-bottom: 1em;margin-right: 1em;text-align: center\"><b>FUENTE: RESUMEN LATINOAMERICANO, REVISTA ANFIBIA<\/b><\/span><\/p>\n","protected":false},"excerpt":{"rendered":"<p>ESTALLAN DISTURBIOS POR FALLO EN FERGUSON&nbsp;Y&nbsp;PROTESTAS EN NUEVA YORK Estallaron&nbsp; disturbios&nbsp;en las calles de la peque\u00f1a ciudad estadunidense de Ferguson, Missouri, luego de que se diera a conocer el veredicto&nbsp;en donde el polic\u00eda blanco&nbsp;no ser\u00e1 imputado por haber matado a un adolescente negro desarmado.Las protestas por la decisi\u00f3n del jurado en Ferguson, Missouri se extendieron&nbsp;tambi\u00e9n&nbsp;a [&hellip;]<\/p>\n","protected":false},"author":4,"featured_media":0,"comment_status":"open","ping_status":"open","sticky":false,"template":"","format":"standard","meta":{"_monsterinsights_skip_tracking":false,"_monsterinsights_sitenote_active":false,"_monsterinsights_sitenote_note":"","_monsterinsights_sitenote_category":0,"jnews-multi-image_gallery":[],"jnews_single_post":{"format":"standard"},"jnews_primary_category":[],"_joinchat":[],"footnotes":""},"categories":[58],"tags":[167],"class_list":["post-939","post","type-post","status-publish","format-standard","hentry","category-noticiariachuelo","tag-politica-internacional"],"_links":{"self":[{"href":"http:\/\/fmriachuelo.it10.com.ar\/index.php\/wp-json\/wp\/v2\/posts\/939","targetHints":{"allow":["GET"]}}],"collection":[{"href":"http:\/\/fmriachuelo.it10.com.ar\/index.php\/wp-json\/wp\/v2\/posts"}],"about":[{"href":"http:\/\/fmriachuelo.it10.com.ar\/index.php\/wp-json\/wp\/v2\/types\/post"}],"author":[{"embeddable":true,"href":"http:\/\/fmriachuelo.it10.com.ar\/index.php\/wp-json\/wp\/v2\/users\/4"}],"replies":[{"embeddable":true,"href":"http:\/\/fmriachuelo.it10.com.ar\/index.php\/wp-json\/wp\/v2\/comments?post=939"}],"version-history":[{"count":1,"href":"http:\/\/fmriachuelo.it10.com.ar\/index.php\/wp-json\/wp\/v2\/posts\/939\/revisions"}],"predecessor-version":[{"id":21967,"href":"http:\/\/fmriachuelo.it10.com.ar\/index.php\/wp-json\/wp\/v2\/posts\/939\/revisions\/21967"}],"wp:attachment":[{"href":"http:\/\/fmriachuelo.it10.com.ar\/index.php\/wp-json\/wp\/v2\/media?parent=939"}],"wp:term":[{"taxonomy":"category","embeddable":true,"href":"http:\/\/fmriachuelo.it10.com.ar\/index.php\/wp-json\/wp\/v2\/categories?post=939"},{"taxonomy":"post_tag","embeddable":true,"href":"http:\/\/fmriachuelo.it10.com.ar\/index.php\/wp-json\/wp\/v2\/tags?post=939"}],"curies":[{"name":"wp","href":"https:\/\/api.w.org\/{rel}","templated":true}]}}