{"id":9373,"date":"2019-04-11T19:10:26","date_gmt":"2019-04-11T19:10:26","guid":{"rendered":"http:\/\/fmriachuelo.com.ar\/?p=9373"},"modified":"2025-02-12T16:37:37","modified_gmt":"2025-02-12T19:37:37","slug":"asamblea-en-el-merendero-los-hermanos-en-concordia","status":"publish","type":"post","link":"http:\/\/fmriachuelo.it10.com.ar\/index.php\/2019\/04\/11\/asamblea-en-el-merendero-los-hermanos-en-concordia\/","title":{"rendered":"ASAMBLEA EN EL MERENDERO \u00abLOS HERMANOS\u00bb DE CONCORDIA"},"content":{"rendered":"<div align=\"left\">\n<p dir=\"ltr\"><strong>[FM Riachuelo 11\/04\/2019] El merendero \u00abLos Hermanos\u00bb es un espacio comunitario que desde el a\u00f1o pasado le brinda la merienda a m\u00e1s e 100 gurices, como se denomina culturalmente a los ni\u00f1xs, del barrio Carretera la Cruz, Concordia, Entre Rios.\u00a0 Su coordinadora Celia Albarracin\u00a0 hace diez a\u00f1os tuvo que atravesar la dif\u00edcil situaci\u00f3n de\u00a0 vivir en un Banco abandonado ubicado en el barrio de la Boca, el cual estaba habitado por varias familias que se encontraban en situaci\u00f3n de calle, lamentablemente el inmueble sufri\u00f3 un incendio en donde murieron sus hijos, situaci\u00f3n que se da como producto de la avanzada inmobiliaria que se encarga de expulsar a las poblaciones m\u00e1s vulnerables de las zonas de alto valor comercial.<\/strong><\/p>\n<p dir=\"ltr\"><img loading=\"lazy\" decoding=\"async\" class=\"alignnone size-full wp-image-9870\" src=\"http:\/\/fmriachuelo.com.ar\/wp-content\/uploads\/2019\/04\/WhatsApp-Image-2019-05-24-at-10.06.37-AM.jpeg\" alt=\"\" width=\"768\" height=\"607\" \/><\/p>\n<p dir=\"ltr\">\u00a0FM Riachuelo en cobertura especial junto al Secretario de Derechos Humanos de la CTEP\u00a0 Lito Borello viaj\u00f3 hasta Concordia para participar de una asamblea de la militancia con el prop\u00f3sito de\u00a0 intercambiar experiencias entre organizaciones populares, los temas que fueron parte de la discusi\u00f3n giraron en torno a\u00a0la importancia de fortalecer la organizaci\u00f3n popular, el valor de rescatar la tradici\u00f3n de lucha hist\u00f3rica que posee\u00a0 Concordia, la importancia de la soberan\u00eda de nuestros pueblos su cultura y sus\u00a0 riquezas\u00a0 naturales que se encuentran en disputa constante por las potencias mundiales como es el caso del agua y los minerales de nuestro suelo, tambi\u00e9n se profundiz\u00f3 en el rol de la comunicaci\u00f3n popular como pr\u00e1ctica militante.<\/p>\n<\/div>\n<div align=\"left\">\n<p dir=\"ltr\"><img loading=\"lazy\" decoding=\"async\" class=\"wp-image-9397 size-large aligncenter\" src=\"http:\/\/fmriachuelo.com.ar\/wp-content\/uploads\/2019\/04\/IMG-20190410-WA0131-1-1024x768.jpg\" alt=\"\" width=\"640\" height=\"480\" \/><\/p>\n<p dir=\"ltr\">El merendero abre sus puertas a partir de las cinco de la tarde en donde se acercan a tomar la leche m\u00e1s de 100 ni\u00f1xs, los integrantes del espacio comunitario adem\u00e1s se organizan en la semana para hacer tareas de limpieza en el barrio con el objetivo de aportar un granito de arena para\u00a0 transformar los espacios que habitan\u00a0 ante un sistema pol\u00edtico corrupto que deja\u00a0 a cientos de j\u00f3venes sin la posibilidad de acceder a educaci\u00f3n, salud y trabajo digno.<\/p>\n<\/div>\n<div align=\"left\">\u00a0Por la tarde se realiz\u00f3 un m\u00f3vil para el programa Rompe el Cerco Informativo donde los j\u00f3venes compartieron su mirada de la jornada de trabajo que realizaron, conversamos con Celia\u00a0 que expres\u00f3 su alegr\u00eda por estar organizados y trabajando para lxs que m\u00e1s necesitan \u00bb nos propusimos armar este merendero porque es la base de lo que necesita la gente ac\u00e1 y venimos trabajando muy bien\u00bb. Tambi\u00e9n conversaron con Joha<\/div>\n<div align=\"left\">que coment\u00f3 durante el m\u00f3vil todos los cambios que hicieron en el barrio a partir de organizarse\u00a0 \u00abestamos viendo un progreso grand\u00edsimo en el barrio y eso es lo que nos motiva d\u00eda a d\u00eda en levantarnos y poder hacer muchas cosas\u00a0 as\u00ed\u00a0 vamos remando para ser m\u00e1s fuerte y hacer cosas fuera de lo com\u00fan\u00bb.<\/div>\n<div align=\"left\"><img loading=\"lazy\" decoding=\"async\" class=\"aligncenter wp-image-9414 size-large\" src=\"http:\/\/fmriachuelo.com.ar\/wp-content\/uploads\/2019\/04\/WhatsApp-Image-2019-04-11-at-3.15.20-PM-1024x576.jpeg\" alt=\"\" width=\"640\" height=\"360\" \/><\/div>\n<div align=\"left\"><\/div>\n<div align=\"left\">\n<p dir=\"ltr\">\u00a0<a href=\"https:\/\/radiocut.fm\/audiocut\/organizados-salimos-adelante-pibes-tienen-tener-su-plato-comida-celia-albarracin\/\"><strong>ESCUCHA EL M\u00d3VIL COMPLETO HACIENDO CLIC AQU\u00cd<\/strong><\/a><\/p>\n<\/div>\n<div align=\"left\"><\/div>\n","protected":false},"excerpt":{"rendered":"<p>[FM Riachuelo 11\/04\/2019] El merendero \u00abLos Hermanos\u00bb es un espacio comunitario que desde el a\u00f1o pasado le brinda la merienda a m\u00e1s e 100 gurices, como se denomina culturalmente a los ni\u00f1xs, del barrio Carretera la Cruz, Concordia, Entre Rios.\u00a0 Su coordinadora Celia Albarracin\u00a0 hace diez a\u00f1os tuvo que atravesar la dif\u00edcil situaci\u00f3n de\u00a0 vivir [&hellip;]<\/p>\n","protected":false},"author":5,"featured_media":9374,"comment_status":"open","ping_status":"open","sticky":false,"template":"","format":"standard","meta":{"_monsterinsights_skip_tracking":false,"_monsterinsights_sitenote_active":false,"_monsterinsights_sitenote_note":"","_monsterinsights_sitenote_category":0,"jnews-multi-image_gallery":[],"jnews_single_post":{"format":"standard"},"jnews_primary_category":[],"_joinchat":[],"footnotes":""},"categories":[145,58,126],"tags":[],"class_list":["post-9373","post","type-post","status-publish","format-standard","has-post-thumbnail","hentry","category-movimientos-populares","category-noticiariachuelo","category-soberania-alimentaria"],"_links":{"self":[{"href":"http:\/\/fmriachuelo.it10.com.ar\/index.php\/wp-json\/wp\/v2\/posts\/9373","targetHints":{"allow":["GET"]}}],"collection":[{"href":"http:\/\/fmriachuelo.it10.com.ar\/index.php\/wp-json\/wp\/v2\/posts"}],"about":[{"href":"http:\/\/fmriachuelo.it10.com.ar\/index.php\/wp-json\/wp\/v2\/types\/post"}],"author":[{"embeddable":true,"href":"http:\/\/fmriachuelo.it10.com.ar\/index.php\/wp-json\/wp\/v2\/users\/5"}],"replies":[{"embeddable":true,"href":"http:\/\/fmriachuelo.it10.com.ar\/index.php\/wp-json\/wp\/v2\/comments?post=9373"}],"version-history":[{"count":1,"href":"http:\/\/fmriachuelo.it10.com.ar\/index.php\/wp-json\/wp\/v2\/posts\/9373\/revisions"}],"predecessor-version":[{"id":22814,"href":"http:\/\/fmriachuelo.it10.com.ar\/index.php\/wp-json\/wp\/v2\/posts\/9373\/revisions\/22814"}],"wp:featuredmedia":[{"embeddable":true,"href":"http:\/\/fmriachuelo.it10.com.ar\/index.php\/wp-json\/"}],"wp:attachment":[{"href":"http:\/\/fmriachuelo.it10.com.ar\/index.php\/wp-json\/wp\/v2\/media?parent=9373"}],"wp:term":[{"taxonomy":"category","embeddable":true,"href":"http:\/\/fmriachuelo.it10.com.ar\/index.php\/wp-json\/wp\/v2\/categories?post=9373"},{"taxonomy":"post_tag","embeddable":true,"href":"http:\/\/fmriachuelo.it10.com.ar\/index.php\/wp-json\/wp\/v2\/tags?post=9373"}],"curies":[{"name":"wp","href":"https:\/\/api.w.org\/{rel}","templated":true}]}}