{"id":9362,"date":"2019-04-09T15:16:24","date_gmt":"2019-04-09T15:16:24","guid":{"rendered":"http:\/\/fmriachuelo.com.ar\/?p=9362"},"modified":"2025-02-18T15:05:56","modified_gmt":"2025-02-18T18:05:56","slug":"solidaridad-con-radio-la-milagrosa","status":"publish","type":"post","link":"http:\/\/fmriachuelo.it10.com.ar\/index.php\/2019\/04\/09\/solidaridad-con-radio-la-milagrosa\/","title":{"rendered":"SOLIDARIDAD CON RADIO LA MILAGROSA"},"content":{"rendered":"<p><strong>[FM Riachuelo 09\/04\/2019]<\/strong> <strong>El pasado jueves 4 del abril radio La milagrosa \u00a0&#8211; FM 1009 -, \u00a0ubicada en el barrio de Mataderos, \u00a0sufri\u00f3 severos da\u00f1os por el paso de la \u00a0tormenta,\u00a0 dejando \u00a0como resultado la p\u00e9rdida del techo y los equipos de trasmisi\u00f3n da\u00f1ados.<\/strong><\/p>\n<p>Ante esta dificultad, La milagrosa se organiza \u00a0y se pone de pie para volver \u00a0a dar pelea, recuperar los micr\u00f3fonos para las voces del barrio.<\/p>\n<p>Para lograr este \u00a0objetivo se plantean acciones en conjunto con la comunidad, realizando un bingo este s\u00e1bado a las 13hs en el barrio de Lugano \u00a0y \u00a0en las pr\u00f3ximas semanas se har\u00e1n rifas, ferias del plato, como as\u00ed \u00a0tambi\u00e9n un locro el \u00a01 de mayo con un gran festival \u00a0al que se sumar\u00e1n varias bandas de rock, folclore y tango.<\/p>\n<p>Desde el\u00a0 programa \u00a0Rompe el Cerco Informativo (RCI), conversamos con Juan coordinador de Radio La Milagrosa que nos dijo,<em><strong> \u201cfue una desgracia con suerte, las chapas volaron a mas de 80 metros, no rompi\u00f3 nada y tampoco lastim\u00f3 a ninguna persona\u201d.<\/strong><\/em><\/p>\n<p>Juan expres\u00f3 lo importante que es trabajar en conjunto con las organizaciones del barrio\u00a0 junto a los medios comunitarios que se suman a la causa para poder poner en funcionamiento, mas temprano que tarde, \u00a0la radio.<\/p>\n<p><span style=\"color: #ff0000\"><strong><span style=\"color: #000000\">Escucha la nota completa:<\/span><\/strong>\u00a0<a href=\"https:\/\/ar.radiocut.fm\/audiocut\/solidaridad-con-radio-milagrosa\/\">https:\/\/ar.radiocut.fm\/audiocut\/solidaridad-con-radio-milagrosa\/<\/a><\/span><\/p>\n","protected":false},"excerpt":{"rendered":"<p>[FM Riachuelo 09\/04\/2019] El pasado jueves 4 del abril radio La milagrosa \u00a0&#8211; FM 1009 -, \u00a0ubicada en el barrio de Mataderos, \u00a0sufri\u00f3 severos da\u00f1os por el paso de la \u00a0tormenta,\u00a0 dejando \u00a0como resultado la p\u00e9rdida del techo y los equipos de trasmisi\u00f3n da\u00f1ados. Ante esta dificultad, La milagrosa se organiza \u00a0y se pone de [&hellip;]<\/p>\n","protected":false},"author":5,"featured_media":9363,"comment_status":"open","ping_status":"open","sticky":false,"template":"","format":"standard","meta":{"_monsterinsights_skip_tracking":false,"_monsterinsights_sitenote_active":false,"_monsterinsights_sitenote_note":"","_monsterinsights_sitenote_category":0,"jnews-multi-image_gallery":[],"jnews_single_post":{"format":"standard"},"jnews_primary_category":[],"_joinchat":[],"footnotes":""},"categories":[141,78,58],"tags":[],"class_list":["post-9362","post","type-post","status-publish","format-standard","has-post-thumbnail","hentry","category-comunicacion-popular","category-economia-popular","category-noticiariachuelo"],"_links":{"self":[{"href":"http:\/\/fmriachuelo.it10.com.ar\/index.php\/wp-json\/wp\/v2\/posts\/9362","targetHints":{"allow":["GET"]}}],"collection":[{"href":"http:\/\/fmriachuelo.it10.com.ar\/index.php\/wp-json\/wp\/v2\/posts"}],"about":[{"href":"http:\/\/fmriachuelo.it10.com.ar\/index.php\/wp-json\/wp\/v2\/types\/post"}],"author":[{"embeddable":true,"href":"http:\/\/fmriachuelo.it10.com.ar\/index.php\/wp-json\/wp\/v2\/users\/5"}],"replies":[{"embeddable":true,"href":"http:\/\/fmriachuelo.it10.com.ar\/index.php\/wp-json\/wp\/v2\/comments?post=9362"}],"version-history":[{"count":1,"href":"http:\/\/fmriachuelo.it10.com.ar\/index.php\/wp-json\/wp\/v2\/posts\/9362\/revisions"}],"predecessor-version":[{"id":22948,"href":"http:\/\/fmriachuelo.it10.com.ar\/index.php\/wp-json\/wp\/v2\/posts\/9362\/revisions\/22948"}],"wp:featuredmedia":[{"embeddable":true,"href":"http:\/\/fmriachuelo.it10.com.ar\/index.php\/wp-json\/"}],"wp:attachment":[{"href":"http:\/\/fmriachuelo.it10.com.ar\/index.php\/wp-json\/wp\/v2\/media?parent=9362"}],"wp:term":[{"taxonomy":"category","embeddable":true,"href":"http:\/\/fmriachuelo.it10.com.ar\/index.php\/wp-json\/wp\/v2\/categories?post=9362"},{"taxonomy":"post_tag","embeddable":true,"href":"http:\/\/fmriachuelo.it10.com.ar\/index.php\/wp-json\/wp\/v2\/tags?post=9362"}],"curies":[{"name":"wp","href":"https:\/\/api.w.org\/{rel}","templated":true}]}}