{"id":936,"date":"2014-11-26T15:06:00","date_gmt":"2014-11-26T15:06:00","guid":{"rendered":"http:\/\/fmriachuelo.observatorioess.org.ar\/index.php\/2014\/11\/26\/a-dos-meses-de-la-desaparicion-de-los-estudiantes-en-mexico\/"},"modified":"2025-03-17T11:09:48","modified_gmt":"2025-03-17T14:09:48","slug":"a-dos-meses-de-la-desaparicion-de-los-estudiantes-en-mexico","status":"publish","type":"post","link":"http:\/\/fmriachuelo.it10.com.ar\/index.php\/2014\/11\/26\/a-dos-meses-de-la-desaparicion-de-los-estudiantes-en-mexico\/","title":{"rendered":"A DOS MESES DE LA DESAPARICI\u00d3N DE LOS ESTUDIANTES EN M\u00c9XICO"},"content":{"rendered":"<div style=\"clear: both;text-align: left\"><span style=\"color: red;font-family: Verdana, sans-serif;font-size: large\"><b>LA DESPARICION FORZADA DE LOS ESTUDIANTES Y LA CONMOCION POLITICA<\/b><\/span><\/div>\n<p><\/p>\n<div><span style=\"font-family: Verdana\">Cuauht\u00e9moc C\u00e1rdenas renuncia al PRD, el partido que fund\u00f3 hace 25 a\u00f1os<\/span><span><\/span><\/div>\n<p><span style=\"font-family: Verdana, sans-serif\">Cuauht\u00e9moc C\u00e1rdenas, fundador del Partido de la Revoluci\u00f3n Democr\u00e1tica (PRD), renunci\u00f3 esta noche a su filiaci\u00f3n pol\u00edtica despu\u00e9s de 25 a\u00f1os de militancia y quien, en 1988, congreg\u00f3 a los partidos comunistas y socialistas del pa\u00eds en el Frente Democr\u00e1tico Nacional (FDN) que dio origen a aquel instituto pol\u00edtico.<\/span><br \/><a name='more'><\/a><span style=\"font-family: Verdana, sans-serif\">En una misiva, C\u00e1rdenas Sol\u00f3rzano, considerado el l\u00edder moral del perredismo, establece que su renuncia es \u201cirrevocable\u201d y que la present\u00f3 ante el Consejo Nacional, instancia m\u00e1xima de direcci\u00f3n del PRD.<br \/>El tres veces excandidato presidencial de la izquierda record\u00f3 que el lunes 17 hizo p\u00fablica una carta abierta dirigida al Comit\u00e9 Ejecutivo Nacional (CEN), en la que destac\u00f3 desacuerdos con la directiva perredista que encabeza Carlos Navarrete Ruiz, integrante de Nueva Izquierda (NI), la \u201ctribu\u201d hegem\u00f3nica de Los Chuchos.<br \/>A dos meses de la desaparici\u00f3n de los 43 estudiantes de la Escuela Normal Rural de Ayotzinapa, el gobierno federal mantiene un despliegue sin precedente para su localizaci\u00f3n, sin embargo no hay indicios de su paradero.<br \/>Hasta el momento 76 personas han sido detenidas, entre ellos el ex alcalde de Iguala Jos\u00e9 Luis Abarca y su esposa, Mar\u00eda de los \u00c1ngeles Pineda Villa, identificados como los autores intelectuales de los hechos ocurridos el 26 de septiembre.<\/span><span style=\"font-family: Verdana, sans-serif\">La desaparici\u00f3n de los estudiantes desnud\u00f3 la colusi\u00f3n de autoridades y narcotr\u00e1fico.<\/span><br \/><span style=\"font-family: Verdana, sans-serif\">Distrito Federal\u2014 Los j\u00f3venes fueron atacados a tiros en Iguala, en el sure\u00f1o estado de Guerrero, por polic\u00edas corruptos bajo \u00f3rdenes del alcalde vinculado con el cartel Guerreros Unidos.<br \/>Seg\u00fan las autoridades, tres sicarios detenidos confesaron que los polic\u00edas se los entregaron, que los mataron y quemaron en una hoguera que ardi\u00f3 por 15 horas, y lanzaron a un r\u00edo los restos calcinados y triturados.<br \/>M\u00e9xico a\u00fan no se repone de esa noche de horror.<br \/>\u201cMarc\u00f3 un despertar civil. La clase pol\u00edtica est\u00e1 en entredicho, pero el pa\u00eds se top\u00f3 de frente con la cruda realidad que muchos no quer\u00edan ver\u201d, opin\u00f3 Jorge Hern\u00e1ndez, analista de la Universidad Nacional Aut\u00f3noma de M\u00e9xico.<br \/>Cada d\u00eda, en una ebullici\u00f3n social de baja intensidad, han ocurrido protestas, algunas con quema de edificios estatales y bloqueos, que pasaron en este tiempo del clamor \u201c\u00a1Vivos se los llevaron, vivos los queremos!\u201d al de \u201c\u00a1Fuera Pe\u00f1a Nieto!\u201d.<br \/>Los padres de los estudiantes, que no aceptan la versi\u00f3n oficial, exigen al gobierno que los busque y se los devuelva vivos.<br \/>\u201cEso es casi un imposible, como pedir la renuncia de Pe\u00f1a Nieto. Aqu\u00ed se aprovechan los anarquistas, con agenda propia, para desestabilizar\u201d, dijo el acad\u00e9mico Jos\u00e9 Antonio Crespo.<br \/>Bajo la amenaza de recrudecer las protestas, estudiantes de Ayotzinapa dieron esta semana al mandatario un \u201cultim\u00e1tum\u201d para que renuncie el 1 de diciembre, cuando se cumplen dos a\u00f1os de su investidura.<br \/>Para Pe\u00f1a Nieto, quien devolvi\u00f3 el poder al Partido de la Revoluci\u00f3n Institucional (PRI), sectores de los manifestantes buscan \u201cdesestabilizar\u201d a su gobierno, molestos por sus reformas energ\u00e9tica y educativa.<br \/>\u201cEl gobierno est\u00e1 pasmado. Este deber\u00eda ser un punto de inflexi\u00f3n para hacer medidas m\u00e1s profundas, de anticorrupci\u00f3n, que toda la clase pol\u00edtica acepte, quiera o no\u201d, consider\u00f3 Crespo.<br \/>Un influyente editorialista, Ciro G\u00f3mez Leyva, fue tajante sobre la relevancia del anuncio que har\u00e1 el presidente ante la tormenta que le cae: \u201cNo tendr\u00e1 una segunda oportunidad\u201d.<br \/>En plena crisis de p\u00e9rdida de confianza, Pe\u00f1a Nieto fue se\u00f1alado de supuesto \u201cconflicto de intereses\u201d por una lujosa mansi\u00f3n que su esposa Ang\u00e9lica Rivera compr\u00f3 a trav\u00e9s de una empresa favorecida con proyectos estatales. Sus aclaraciones no lograron aplacar las cr\u00edticas.<br \/>Aunque prometi\u00f3 pacificar el pa\u00eds, el mandatario continu\u00f3 la ofensiva militar antinarc\u00f3ticos del ex presidente Felipe Calder\u00f3n, que desde 2006 deja unos 80 mil muertos y 22 mil desaparecidos.<br \/>Tambi\u00e9n sigui\u00f3 la certificaci\u00f3n de polic\u00edas con pruebas de confianza, reprobadas por m\u00e1s de 40 mil agentes.<br \/>La \u00fanica novedad fue una Gendarmer\u00eda y un programa de prevenci\u00f3n del crimen.<br \/>Iguala silenci\u00f3 el discurso que exaltaba una baja en la violencia. \u201cHoy est\u00e1 obligado a cambiar de gui\u00f3n\u201d, subray\u00f3 Hope.<br \/><span style=\"color: #3d85c6\"><span style=\"font-size: x-small\"><b>FUENTE: NODAL<\/b><\/span><\/span><\/span><\/p>\n<div style=\"clear: both;text-align: center\"><a href=\"http:\/\/3.bp.blogspot.com\/-4GEPYXoXkm4\/VHXojrL383I\/AAAAAAAABl0\/bIt3cHVlxJw\/s1600\/COOP%2BRIACHIUELO%2BPRODUCCIONES.jpg\" style=\"clear: left;float: left;margin-bottom: 1em;margin-right: 1em\"><img loading=\"lazy\" decoding=\"async\" border=\"0\" src=\"http:\/\/3.bp.blogspot.com\/-4GEPYXoXkm4\/VHXojrL383I\/AAAAAAAABl0\/bIt3cHVlxJw\/s1600\/COOP%2BRIACHIUELO%2BPRODUCCIONES.jpg\" height=\"58\" width=\"200\" \/><\/a><\/div>\n<p><\/p>\n","protected":false},"excerpt":{"rendered":"<p>LA DESPARICION FORZADA DE LOS ESTUDIANTES Y LA CONMOCION POLITICA Cuauht\u00e9moc C\u00e1rdenas renuncia al PRD, el partido que fund\u00f3 hace 25 a\u00f1os Cuauht\u00e9moc C\u00e1rdenas, fundador del Partido de la Revoluci\u00f3n Democr\u00e1tica (PRD), renunci\u00f3 esta noche a su filiaci\u00f3n pol\u00edtica despu\u00e9s de 25 a\u00f1os de militancia y quien, en 1988, congreg\u00f3 a los partidos comunistas y [&hellip;]<\/p>\n","protected":false},"author":4,"featured_media":0,"comment_status":"open","ping_status":"open","sticky":false,"template":"","format":"standard","meta":{"_monsterinsights_skip_tracking":false,"_monsterinsights_sitenote_active":false,"_monsterinsights_sitenote_note":"","_monsterinsights_sitenote_category":0,"jnews-multi-image_gallery":[],"jnews_single_post":{"format":"standard"},"jnews_primary_category":[],"_joinchat":[],"footnotes":""},"categories":[58],"tags":[150],"class_list":["post-936","post","type-post","status-publish","format-standard","hentry","category-noticiariachuelo","tag-patria-grande"],"_links":{"self":[{"href":"http:\/\/fmriachuelo.it10.com.ar\/index.php\/wp-json\/wp\/v2\/posts\/936","targetHints":{"allow":["GET"]}}],"collection":[{"href":"http:\/\/fmriachuelo.it10.com.ar\/index.php\/wp-json\/wp\/v2\/posts"}],"about":[{"href":"http:\/\/fmriachuelo.it10.com.ar\/index.php\/wp-json\/wp\/v2\/types\/post"}],"author":[{"embeddable":true,"href":"http:\/\/fmriachuelo.it10.com.ar\/index.php\/wp-json\/wp\/v2\/users\/4"}],"replies":[{"embeddable":true,"href":"http:\/\/fmriachuelo.it10.com.ar\/index.php\/wp-json\/wp\/v2\/comments?post=936"}],"version-history":[{"count":1,"href":"http:\/\/fmriachuelo.it10.com.ar\/index.php\/wp-json\/wp\/v2\/posts\/936\/revisions"}],"predecessor-version":[{"id":21970,"href":"http:\/\/fmriachuelo.it10.com.ar\/index.php\/wp-json\/wp\/v2\/posts\/936\/revisions\/21970"}],"wp:attachment":[{"href":"http:\/\/fmriachuelo.it10.com.ar\/index.php\/wp-json\/wp\/v2\/media?parent=936"}],"wp:term":[{"taxonomy":"category","embeddable":true,"href":"http:\/\/fmriachuelo.it10.com.ar\/index.php\/wp-json\/wp\/v2\/categories?post=936"},{"taxonomy":"post_tag","embeddable":true,"href":"http:\/\/fmriachuelo.it10.com.ar\/index.php\/wp-json\/wp\/v2\/tags?post=936"}],"curies":[{"name":"wp","href":"https:\/\/api.w.org\/{rel}","templated":true}]}}