{"id":9344,"date":"2019-03-28T12:53:56","date_gmt":"2019-03-28T12:53:56","guid":{"rendered":"http:\/\/fmriachuelo.com.ar\/?p=9344"},"modified":"2019-03-28T12:53:56","modified_gmt":"2019-03-28T12:53:56","slug":"no-al-vaciamiento-del-inta","status":"publish","type":"post","link":"http:\/\/fmriachuelo.it10.com.ar\/index.php\/2019\/03\/28\/no-al-vaciamiento-del-inta\/","title":{"rendered":"NO AL VACIAMIENTO DEL INTA!"},"content":{"rendered":"<p><strong>[FM Riachuelo, 28\/03\/2019] En el marco del anunciado ajuste en el Instituto Nacional de Tecnolog\u00eda Agropecuaria se realiz\u00f3 una movilizaci\u00f3n en su sede central de CABA, donde participaron Organizaciones Sindicales, Movimientos Sociales y Peque\u00f1os Productores junto a trabajadrxs e investigadorxs del INTA, para repudiar este hecho y reclamar que no se recorten los programas que ayudan a la agricultura familiar y no existan despidos en el organismo. Tambi\u00e9n se movilizaron en todo el pa\u00eds y se encuentran en Asamblea permanente todxs sus dependencias.<\/strong><\/p>\n<p>Durante la concentraci\u00f3n estaba reunido el Consejo Directivo del Inta, para tratar este plan de achique as\u00ed es que la comisi\u00f3n interna conformada por los representantes sindicales ingresaron al edificio para dejar clara su postura en contra de esta resoluci\u00f3n, el gobierno oculta que son recortes y lo llaman reestructuraci\u00f3n pero lo cierto es que los presupuestos de la instituci\u00f3n est\u00e1n bajando cada vez m\u00e1s y existe un plan para modificar la estructura de 25 agencias y tambi\u00e9n el cierre de 3 institutos para la Promoci\u00f3n de la Agricultura Familiar perjudicando al sector m\u00e1s vulnerable .<\/p>\n<p>Es por ello que representantes de la agricultura familiar estaban en el lugar para apoyar los reclamos ya que como nos dijo Nazario Ramos cooperativista <em><strong>\u201cEsto es lo \u00faltimo que nos queda a los peque\u00f1os agricultores, No podemos permitir que se pierda el Inta\u201d.<\/strong><\/em><\/p>\n<p>Este ajuste oculta la baja de muchxs puestos de trabajo recortes de salarios a coordinadores, y la entrega de los terrenos a los negocios inmobiliarios.<\/p>\n<p>En \u201cRompe el Cerco Informativo\u201d conversamos con Mariana Morics quien estuvo presente en la movilizaci\u00f3n y nos dijo:\u201d<em><strong>Se vienen produciendo achiques de la estructura, proyectos que se cierran, programas que se caen para cumplir con la modernizaci\u00f3n que se est\u00e1 anunciando. Tener una oficina en cada lugar rec\u00f3ndito de este pa\u00eds es como una joya, el INTA era una instituci\u00f3n que estaba para desarrollar las econom\u00edas regionales, y ayudar a los m\u00e1s desfavorecidos como los agricultores familiares. Las decisiones del INTA siempre se guiaron por el campo sojero, y hace un tiempo se hab\u00eda logrado crear estos Institutos para los m\u00e1s necesitados, ahora con la excusa de que son deficientes quieren cerrarlos, evidentemente priorizando al agro negocio\u201d.<\/strong><\/em><\/p>\n<p>Como dice Mariana <em><strong>\u201c Con un hospital p\u00fablico que no funcione correctamente \u00bfque se hace? \u00bfSe lo cierra?. En realidad est\u00e1n abri\u00e9ndose desde el gobierno con una fuerte pol\u00edtica a los sectores privados, grandes confederaciones rurales y laboratorios, es decir a los sectores globales concentrados, esa es la realidad\u201d.<\/strong><\/em><\/p>\n<p><img loading=\"lazy\" decoding=\"async\" class=\"aligncenter wp-image-9346 \" src=\"http:\/\/fmriachuelo.com.ar\/wp-content\/uploads\/2019\/04\/WhatsApp-Image-2019-04-09-at-09.58.15-300x225.jpeg\" alt=\"\" width=\"343\" height=\"258\" \/><\/p>\n<p>Solo miran al campo que exporta a los grandes comodities, no les interesa ayudar a quienes lo necesitan, este modelo est\u00e1 generando miles de dificultades a quienes trabajan por la soberan\u00eda alimentaria y favorecer a las econom\u00edas regionales que producen los alimentos que come todo nuestro pueblo.<\/p>\n<p>Por ello se seguir\u00e1 luchando para evitar que se lleven por delante a trabajadorxs e investigadorxs, que tanto aportan a nuestra alimentaci\u00f3n.<\/p>\n<p><img loading=\"lazy\" decoding=\"async\" class=\"aligncenter wp-image-9347 \" src=\"http:\/\/fmriachuelo.com.ar\/wp-content\/uploads\/2019\/04\/WhatsApp-Image-2019-04-09-at-09.58.14-300x225.jpeg\" alt=\"\" width=\"346\" height=\"259\" \/><\/p>\n<p>La marcha de hoy no logr\u00f3 detener este vaciamiento, las consecuencias ser\u00e1n contar con menos recursos profesionales y capacidades estatales para que trabajen con sus productos los peque\u00f1os productores, es un claro avance en quitarles el apoyo estatal, por ello se contin\u00faa en Asamblea permanente y con un plan de lucha para resistir esta avanzada, cada vez que se re\u00fana el Consejo Directivo estar\u00e1n all\u00ed reclamando para lograr evitar que lleven adelante este plan de vaciamiento.<\/p>\n<p>ESCUCH\u00c0 LA ENTREVISTA COMPLETA<\/p>\n<p>https:\/\/ar.radiocut.fm\/audiocut\/no-al-vaciamiento-del-inta-entrevista-a-mariana-morics\/<\/p>\n<p>&nbsp;<\/p>\n","protected":false},"excerpt":{"rendered":"<p>[FM Riachuelo, 28\/03\/2019] En el marco del anunciado ajuste en el Instituto Nacional de Tecnolog\u00eda Agropecuaria se realiz\u00f3 una movilizaci\u00f3n en su sede central de CABA, donde participaron Organizaciones Sindicales, Movimientos Sociales y Peque\u00f1os Productores junto a trabajadrxs e investigadorxs del INTA, para repudiar este hecho y reclamar que no se recorten los programas que [&hellip;]<\/p>\n","protected":false},"author":5,"featured_media":9345,"comment_status":"open","ping_status":"open","sticky":false,"template":"","format":"standard","meta":{"_monsterinsights_skip_tracking":false,"_monsterinsights_sitenote_active":false,"_monsterinsights_sitenote_note":"","_monsterinsights_sitenote_category":0,"jnews-multi-image_gallery":[],"jnews_single_post":[],"jnews_primary_category":[],"_joinchat":[],"footnotes":""},"categories":[78,76,74,126],"tags":[],"class_list":["post-9344","post","type-post","status-publish","format-standard","has-post-thumbnail","hentry","category-economia-popular","category-salud-comunitaria","category-san-cayetano","category-soberania-alimentaria"],"_links":{"self":[{"href":"http:\/\/fmriachuelo.it10.com.ar\/index.php\/wp-json\/wp\/v2\/posts\/9344","targetHints":{"allow":["GET"]}}],"collection":[{"href":"http:\/\/fmriachuelo.it10.com.ar\/index.php\/wp-json\/wp\/v2\/posts"}],"about":[{"href":"http:\/\/fmriachuelo.it10.com.ar\/index.php\/wp-json\/wp\/v2\/types\/post"}],"author":[{"embeddable":true,"href":"http:\/\/fmriachuelo.it10.com.ar\/index.php\/wp-json\/wp\/v2\/users\/5"}],"replies":[{"embeddable":true,"href":"http:\/\/fmriachuelo.it10.com.ar\/index.php\/wp-json\/wp\/v2\/comments?post=9344"}],"version-history":[{"count":0,"href":"http:\/\/fmriachuelo.it10.com.ar\/index.php\/wp-json\/wp\/v2\/posts\/9344\/revisions"}],"wp:featuredmedia":[{"embeddable":true,"href":"http:\/\/fmriachuelo.it10.com.ar\/index.php\/wp-json\/"}],"wp:attachment":[{"href":"http:\/\/fmriachuelo.it10.com.ar\/index.php\/wp-json\/wp\/v2\/media?parent=9344"}],"wp:term":[{"taxonomy":"category","embeddable":true,"href":"http:\/\/fmriachuelo.it10.com.ar\/index.php\/wp-json\/wp\/v2\/categories?post=9344"},{"taxonomy":"post_tag","embeddable":true,"href":"http:\/\/fmriachuelo.it10.com.ar\/index.php\/wp-json\/wp\/v2\/tags?post=9344"}],"curies":[{"name":"wp","href":"https:\/\/api.w.org\/{rel}","templated":true}]}}