{"id":934,"date":"2014-11-26T16:40:00","date_gmt":"2014-11-26T16:40:00","guid":{"rendered":"http:\/\/fmriachuelo.observatorioess.org.ar\/index.php\/2014\/11\/26\/ley-de-agricultura-familiar-campesino-indigena\/"},"modified":"2025-03-17T11:17:01","modified_gmt":"2025-03-17T14:17:01","slug":"ley-de-agricultura-familiar-campesino-indigena","status":"publish","type":"post","link":"http:\/\/fmriachuelo.it10.com.ar\/index.php\/2014\/11\/26\/ley-de-agricultura-familiar-campesino-indigena\/","title":{"rendered":"LEY DE AGRICULTURA FAMILIAR CAMPESINO INDIGENA"},"content":{"rendered":"<div><a href=\"https:\/\/images-blogger-opensocial.googleusercontent.com\/gadgets\/proxy?url=http%3A%2F%2F2.bp.blogspot.com%2F-ZkdfhU73i4w%2FVHSwM_WEf1I%2FAAAAAAAABk0%2FVkr3zdbgKUY%2Fs1600%2F5.jpg&amp;container=blogger&amp;gadget=a&amp;rewriteMime=image%2F*\" style=\"clear: left;float: left;margin-bottom: 1em;margin-right: 1em\"><img loading=\"lazy\" decoding=\"async\" border=\"0\" src=\"http:\/\/2.bp.blogspot.com\/-ZkdfhU73i4w\/VHSwM_WEf1I\/AAAAAAAABk0\/Vkr3zdbgKUY\/s1600\/5.jpg\" height=\"200\" width=\"141\" \/><\/a><span style=\"font-family: Verdana, sans-serif;font-size: small\"><span style=\"color: red\"><b>ACTUALIZAMOS<\/b><\/span><\/span><\/p>\n<div><span style=\"font-family: Verdana, sans-serif;font-size: large\"><span style=\"color: red\"><b><span style=\"font-family: Verdana, sans-serif\">SIN PRESUPUESTO NO HAY&nbsp;LEY<\/span><\/b><\/span><\/span><br \/><span style=\"font-size: small\"><span style=\"font-family: Verdana,sans-serif\"><span style=\"color: red\"><b><span style=\"color: black\">Reproducimos Comunicado:<\/span><\/b><\/span><\/span><\/span><br \/><span style=\"font-size: small\"><span style=\"font-family: Verdana,sans-serif\"><span style=\"color: red\"><span style=\"color: black\">(26\/11\/14) <\/span><span style=\"color: black\">Legisladores y miembros de Jefatura de Gabinete se comprometieron a  trabajar conjuntamente para incluir la cuesti\u00f3n presupuestaria en el proyecto de la Ley para la Agricultura Familiar Campesina Ind\u00edgena<span style=\"font-size: small\">.<\/span><\/span><\/span><\/span><\/span><br \/><a name='more'><\/a><span style=\"font-size: small\"><span style=\"font-family: Verdana,sans-serif\"><span style=\"color: red\"><span style=\"color: black\">Las organizaciones de la Agricultura Familiar Campesina Ind\u00edgena nos convocamos hoy en un acto frente al Congreso para manifestarnos sobre la inclusi\u00f3n de asignaci\u00f3n pre<span>&#8230;<\/span><span>supuestaria para la Ley de la Agricultura Familiar en actual tratamiento y que con tantos esfuerzos venimos construyendo, recordando que dicho punto fue arrebatado sin raz\u00f3n alguna durante la anterior sesi\u00f3n de la C\u00e1mara de Diputados.<\/span><\/span><\/span><\/span><\/span><\/p>\n<div><span style=\"font-size: small\"><span style=\"font-family: Verdana,sans-serif\"><span style=\"color: red\"><span style=\"color: black\"> Por tal motivo, mientras realizamos con alegr\u00eda un Festival Cultural con Radio abierta, con la m\u00fasica de los pueblos y una Feria con los diversos productos de nuestra tierra, se mantuvieron paralelamente reuniones con representantes del poder  Legislativo y de Jefatura de Gabinete, donde asumieron el compromiso de incluir para la pr\u00f3xima reuni\u00f3n de la Comisi\u00f3n de Agricultura del dia martes 3, para su posterior votaci\u00f3n el dia mi\u00e9rcoles 4 de diciembre de la semana que viene. Luego el proyecto de Ley se gire nuevamente a Diputados y finalmente la Ley se apruebe con el presupuesto definido.<\/span><\/span><\/span><\/span><br \/><span style=\"font-size: small\"><span style=\"font-family: Verdana,sans-serif\"><span style=\"color: red\"><span style=\"color: black\"> La semana que viene convocaremos nuevamente a concentrar frente al Congreso para acompa\u00f1ar el tratamiento de Ley este en el Senado, y estaremos luego alertas y expectantes a la sesi\u00f3n de Diputados para que no vuelva a repetirse esta historia que dejar\u00eda a la Agricultura Familiar Campesina Ind\u00edgena sin la posibilidad de desarrollar herramientas y pol\u00edticas publicas que fortalezcan el desarrollo de quienes dia a dia y con mucho esfuerzo producimos los alimentos para nuestro pueblo .<\/span><\/span><\/span><\/span><br \/><span style=\"font-size: small\"><span style=\"font-family: Verdana,sans-serif\"> Seguiremos alertas el tratamiento del proyecto de Ley que puede marcar un punto de inflexi\u00f3n en el desarrollo del sector afianzando y construyendo un camino hacia la soberan\u00eda alimentaria.<\/span><\/span><\/p>\n<div style=\"margin-left: 1em;margin-right: 1em\"><span style=\"font-size: small\"><span style=\"font-family: Verdana,sans-serif\"><\/span><\/span><\/div>\n<\/div>\n<\/div>\n<p><span style=\"font-family: Verdana, sans-serif;font-size: large\"><\/span><\/p>\n<div>\n<div><span style=\"font-family: Verdana, sans-serif;font-size: large\"><span style=\"font-size: small\"><b>(25\/11\/14)Radio abierta y festival art\u00edstico frente al Congreso Nacional: Sin presupuesto, No hay Ley.<\/b><\/span><\/span><br \/><span style=\"font-family: Verdana, sans-serif;font-size: large\"><span style=\"font-size: small\"> Las organizaciones de la agricultura familiar, campesina, ind\u00edgena y de pescadores artesanales abajo firmantes realizaremos el d\u00eda mi\u00e9rcoles 26\/11 una radio abierta frente al Congreso Nacional para reclamar la restituci\u00f3n del art\u00edculo 33 de la Ley de Agricultura Familiar, Campesina e Ind\u00edgena, el cual conten\u00eda la asignaci\u00f3n de presupuesto para la implementaci\u00f3n de la misma.<\/span><\/span><br \/><span style=\"font-family: Verdana, sans-serif;font-size: large\"><span style=\"font-family: Verdana, sans-serif\"><span style=\"font-size: small\">Ante la media sanci\u00f3n de la C\u00e1mara de Diputados, las organizaciones del sector exigen la restituci\u00f3n del art\u00edculo 33 de la ley en el tratamiento que resta en el Senado.<br \/> En ese sentido, los referentes de las organizaciones afirmaron que en caso de no ser tratada la ley en el Senado en la pr\u00f3xima semana, realizar\u00e1n una movilizaci\u00f3n al Congreso de la Naci\u00f3n para que se asigne el presupuesto a la ley, tal como lo hab\u00edan acordado con el Presidente de la Comisi\u00f3n de Agricultura, Ganader\u00eda y Pesca de la C\u00e1mara de Diputados de la Naci\u00f3n en el Consejo de la Agricultura Familiar del Ministerio de Agricultura de la Naci\u00f3n.<\/span><\/span><\/span><br \/><span style=\"font-family: Verdana, sans-serif;font-size: large\"><span style=\"font-family: Verdana, sans-serif\"><span style=\"font-size: x-small\"><b>Organizaciones convocantes:<\/b><br \/> ASAMBLEA CAMPESINA INDIGENA DEL NORTE ARGENTINO (ACINA), Jose Luis Castillo<br \/> MOVIMIENTO NACIONAL CAMPESINO INDIGENA \u2013 MNCI \u2013 VIA CAMPESINA, Angel Strapazzon<br \/> FRENTE NACIONAL CAMPESINO (FNC), Benigno Lopez<br \/> GRITO DE ALCORTA, Pedro Peretti<br \/> MOVIMIENTO CAMPESINO DE LIBERACION (MCL), Jos\u00e9 Livolti<br \/> MOVIMIENTO AGRARIO MISIONES (MAM), Salvador Torres<br \/> UNION ARGENTINA DE PESCADORES ARTESANALES (UAPA), Pedro Oroquieta<br \/> FEDERACION DE PEQUE\u00d1OS PRODUCTORES DEL CHACO, Moncho Rios<br \/> ENCUENTRO NACIONAL DE ORGANIZACIONES TERRITORIALES DE PUEBLOS ORIGINARIOS (ENOTPO), Roberto \u00d1ancucheo<br \/> FRENTE AGRARIO EVITA, Miguel \u00c1ngel G\u00f3mez<br \/> ASOCIACI\u00d3N MUJERES RURALES ARGENTINA FEDERAL (AMRAF), Monica Polidoro<br \/> FRENTE PUCARA JUJUY (FPJ) Nelson Castillo<\/span><br \/><b> Contactos de Prensa:<\/b><span style=\"font-size: x-small\"> Angel Strapazzon (MNCI): 0351-209-5334<br \/> Jose Luis Castillo (ACINA): 03482-539156<br \/> Benigno Lopez (FNC): 0370154531814<br \/> Miguel \u00c1ngel G\u00f3mez (Frente Agrario Evita): 116-643-1770<\/span><\/span><\/span><\/div>\n<\/div>\n<p><span style=\"font-family: Verdana, sans-serif;font-size: large\"><\/span><\/p>\n<div><\/div>\n<div><a href=\"http:\/\/3.bp.blogspot.com\/-1lbfmn_bD7o\/VHaHzwcdrqI\/AAAAAAAABnM\/NuFj5vn1Ca0\/s1600\/COOP%2BRIACHIUELO%2BPRODUCCIONES.jpg\" style=\"clear: left;float: left;margin-bottom: 1em;margin-right: 1em\"><img loading=\"lazy\" decoding=\"async\" border=\"0\" src=\"http:\/\/3.bp.blogspot.com\/-1lbfmn_bD7o\/VHaHzwcdrqI\/AAAAAAAABnM\/NuFj5vn1Ca0\/s1600\/COOP%2BRIACHIUELO%2BPRODUCCIONES.jpg\" height=\"58\" width=\"200\" \/><\/a><\/div>\n<div><span style=\"color: blue;font-family: Verdana\">Fuente: Frente Agrario Evita<\/span> <\/div>\n<\/div>\n","protected":false},"excerpt":{"rendered":"<p>ACTUALIZAMOS SIN PRESUPUESTO NO HAY&nbsp;LEYReproducimos Comunicado:(26\/11\/14) Legisladores y miembros de Jefatura de Gabinete se comprometieron a trabajar conjuntamente para incluir la cuesti\u00f3n presupuestaria en el proyecto de la Ley para la Agricultura Familiar Campesina Ind\u00edgena.Las organizaciones de la Agricultura Familiar Campesina Ind\u00edgena nos convocamos hoy en un acto frente al Congreso para manifestarnos sobre la [&hellip;]<\/p>\n","protected":false},"author":4,"featured_media":0,"comment_status":"open","ping_status":"open","sticky":false,"template":"","format":"standard","meta":{"_monsterinsights_skip_tracking":false,"_monsterinsights_sitenote_active":false,"_monsterinsights_sitenote_note":"","_monsterinsights_sitenote_category":0,"jnews-multi-image_gallery":[],"jnews_single_post":{"format":"standard"},"jnews_primary_category":[],"_joinchat":[],"footnotes":""},"categories":[58],"tags":[71,156],"class_list":["post-934","post","type-post","status-publish","format-standard","hentry","category-noticiariachuelo","tag-de-la-tierra","tag-tierra-techo-y-trabajo"],"_links":{"self":[{"href":"http:\/\/fmriachuelo.it10.com.ar\/index.php\/wp-json\/wp\/v2\/posts\/934","targetHints":{"allow":["GET"]}}],"collection":[{"href":"http:\/\/fmriachuelo.it10.com.ar\/index.php\/wp-json\/wp\/v2\/posts"}],"about":[{"href":"http:\/\/fmriachuelo.it10.com.ar\/index.php\/wp-json\/wp\/v2\/types\/post"}],"author":[{"embeddable":true,"href":"http:\/\/fmriachuelo.it10.com.ar\/index.php\/wp-json\/wp\/v2\/users\/4"}],"replies":[{"embeddable":true,"href":"http:\/\/fmriachuelo.it10.com.ar\/index.php\/wp-json\/wp\/v2\/comments?post=934"}],"version-history":[{"count":1,"href":"http:\/\/fmriachuelo.it10.com.ar\/index.php\/wp-json\/wp\/v2\/posts\/934\/revisions"}],"predecessor-version":[{"id":21972,"href":"http:\/\/fmriachuelo.it10.com.ar\/index.php\/wp-json\/wp\/v2\/posts\/934\/revisions\/21972"}],"wp:attachment":[{"href":"http:\/\/fmriachuelo.it10.com.ar\/index.php\/wp-json\/wp\/v2\/media?parent=934"}],"wp:term":[{"taxonomy":"category","embeddable":true,"href":"http:\/\/fmriachuelo.it10.com.ar\/index.php\/wp-json\/wp\/v2\/categories?post=934"},{"taxonomy":"post_tag","embeddable":true,"href":"http:\/\/fmriachuelo.it10.com.ar\/index.php\/wp-json\/wp\/v2\/tags?post=934"}],"curies":[{"name":"wp","href":"https:\/\/api.w.org\/{rel}","templated":true}]}}