{"id":932,"date":"2014-11-27T02:21:00","date_gmt":"2014-11-27T02:21:00","guid":{"rendered":"http:\/\/fmriachuelo.observatorioess.org.ar\/index.php\/2014\/11\/27\/acampe-del-movimiento-quebracho\/"},"modified":"2025-03-17T11:20:10","modified_gmt":"2025-03-17T14:20:10","slug":"acampe-del-movimiento-quebracho","status":"publish","type":"post","link":"http:\/\/fmriachuelo.it10.com.ar\/index.php\/2014\/11\/27\/acampe-del-movimiento-quebracho\/","title":{"rendered":"ACAMPE DEL MOVIMIENTO QUEBRACHO"},"content":{"rendered":"<p><a href=\"http:\/\/4.bp.blogspot.com\/-x517G6hLq5c\/VHZ_nbnSVhI\/AAAAAAAABmo\/LXQZHsY-MDw\/s1600\/10624622_743265315766057_8502928467542085150_n.jpg\" style=\"clear: left;float: left;margin-bottom: 1em;margin-right: 1em\"><img loading=\"lazy\" decoding=\"async\" border=\"0\" src=\"http:\/\/4.bp.blogspot.com\/-x517G6hLq5c\/VHZ_nbnSVhI\/AAAAAAAABmo\/LXQZHsY-MDw\/s1600\/10624622_743265315766057_8502928467542085150_n.jpg\" height=\"155\" width=\"200\" \/><\/a><span style=\"color: red;font-family: Verdana, sans-serif;font-size: large\"><b>\u00a1POR UNA NAVIDAD SIN PRESOS POLITICOS!<\/b><\/span><\/p>\n<div style=\"text-align: justify\"><a href=\"http:\/\/1.bp.blogspot.com\/-LNNdJcujFFo\/VHaDb88RpuI\/AAAAAAAABm8\/IBM-JCxmMAs\/s1600\/_DSC7980.jpg\" style=\"clear: left;float: left;margin-bottom: 1em;margin-right: 1em\"><img loading=\"lazy\" decoding=\"async\" border=\"0\" src=\"http:\/\/1.bp.blogspot.com\/-LNNdJcujFFo\/VHaDb88RpuI\/AAAAAAAABm8\/IBM-JCxmMAs\/s1600\/_DSC7980.jpg\" height=\"120\" width=\"200\" \/><\/a><span style=\"font-family: Verdana, sans-serif\">[FMR 26\/11\/14] Esta ma\u00f1ana, en las puertas de los tribunales de Comodoro Py y del Penal de Ezeiza, las organizaciones populares instalaron dos carpas hasta navidad para exigir al Poder Judicial la libertad de los luchadores sociales  Fernando Esteche y Raul \u201cBoli\u201d Lescano, que sufren una injusta condena&nbsp;como autores intelectuales del escrache que&nbsp;el Movimiento Popular Revolucionario&nbsp;Quebracho realiz\u00f3 contra un local del entonces gobernador Sobisch por&nbsp;el asesinato del maestro Carlos Fuentealba.<\/span><br \/><span style=\"font-family: Verdana\"><\/span><br \/><span style=\"font-family: Verdana\"><strong>ESCUCHA LAS PALABRAS&nbsp; DE<\/strong><\/span><br \/><a href=\"http:\/\/divshare.com\/download\/26482620-2cf\"><strong><span style=\"color: red;font-family: Verdana, sans-serif\">CARLOS BARTOLA MPR QUEBRACHO<\/span><\/strong><\/a>&nbsp;<strong>EN ROMPE&nbsp;&nbsp; EL CERCO<\/strong><\/p>\n<p><a name='more'><\/a><span style=\"font-family: Verdana, sans-serif\"> <\/span><\/div>\n<div style=\"text-align: justify\"><span style=\"font-family: Verdana, sans-serif\">Frente a los tribunales de Comodoro Py se realiz\u00f3 un&nbsp;gran acto, que acompa\u00f1\u00f3 la instalaci\u00f3n de la carpa, &nbsp;con una numerosa asistencia popular&nbsp;que clama por la&nbsp;libertad de los compa\u00f1eros encarcelados. <\/span><\/div>\n<div style=\"text-align: justify\"><span style=\"color: black;font-family: Verdana, sans-serif\">Las diversas fuerzas pol\u00edticas y sociales, junto a sus representantes, &nbsp;del m\u00e1s&nbsp;diverso signo se hicieron presentes solidariz\u00e1ndose y acompa\u00f1ando el acto con sus palabras.<\/span><\/div>\n<div style=\"clear: both;text-align: center\"><a href=\"http:\/\/4.bp.blogspot.com\/-xrULSL8CxQE\/VHZ_xTJUTsI\/AAAAAAAABmw\/lYy5mHsnU50\/s1600\/_DSC7970.jpg\" style=\"clear: left;float: left;margin-bottom: 1em;margin-right: 1em\"><img loading=\"lazy\" decoding=\"async\" border=\"0\" src=\"http:\/\/4.bp.blogspot.com\/-xrULSL8CxQE\/VHZ_xTJUTsI\/AAAAAAAABmw\/lYy5mHsnU50\/s1600\/_DSC7970.jpg\" height=\"163\" width=\"320\" \/><\/a><\/div>\n<p><a href=\"http:\/\/2.bp.blogspot.com\/-3m6rvkHzbxw\/VHaITaFmxrI\/AAAAAAAABnY\/vKsdB5407v4\/s1600\/_DSC8001.jpg\" style=\"clear: left;float: left;margin-bottom: 1em;margin-right: 1em\"><img loading=\"lazy\" decoding=\"async\" border=\"0\" src=\"http:\/\/2.bp.blogspot.com\/-3m6rvkHzbxw\/VHaITaFmxrI\/AAAAAAAABnY\/vKsdB5407v4\/s1600\/_DSC8001.jpg\" height=\"211\" width=\"320\" \/><\/a><span style=\"font-family: Verdana\">Estuvieron presentes:<\/span><br \/><span style=\"font-family: Verdana, sans-serif\">Christian Castillo, Gildo Onorato, Cachorro Godoy, Patricia Cubria, Myriam Bregman, Edgardo Depetri, Karina Nazabal, Negro Martino, Milagro Sala, MTR, Tupac Amaru, Movimiento Evita, Patria Grande, Manuel&#8230; Bertoldi, Clara Condenanza, Agrupaci\u00f3n Rodolfo Walsh, Facultad de Periodismo UNLP, Chino Navarro, PTS, Luis Del\u00eda, Ceprodh, CTD An\u00edbal Ver\u00f3n, Movimiento Estudiantil Liberaci\u00f3n, <\/span><span style=\"font-family: Verdana, sans-serif\">Corriente Nuestroamericana de Trabajadores 19 de diciembre<\/span><span style=\"font-family: Verdana, sans-serif\">, Roberto Perd\u00eda, Lito Borello y OSyP Los Pibes, Martin Fierro Corriente Nacional, Adela Segarra, Leo Grosso, Pablo Ferreyra, Aracely Ferreyra, Frente de Izquierda.<\/span><br \/><span style=\"font-family: Verdana\"><\/span><br \/><span style=\"color: blue;font-family: Verdana\">Fuente: OSyP Los Pibes, MPR Quebracho<\/span><\/p>\n<div style=\"clear: both;text-align: center\"><a href=\"http:\/\/3.bp.blogspot.com\/-1lbfmn_bD7o\/VHaHzwcdrqI\/AAAAAAAABnI\/I8yRKqM9xHU\/s1600\/COOP%2BRIACHIUELO%2BPRODUCCIONES.jpg\" style=\"clear: left;float: left;margin-bottom: 1em;margin-right: 1em\"><img loading=\"lazy\" decoding=\"async\" border=\"0\" src=\"http:\/\/3.bp.blogspot.com\/-1lbfmn_bD7o\/VHaHzwcdrqI\/AAAAAAAABnI\/I8yRKqM9xHU\/s1600\/COOP%2BRIACHIUELO%2BPRODUCCIONES.jpg\" height=\"58\" width=\"200\" \/><\/a><\/div>\n<p><span style=\"font-family: Verdana\"><\/span><br \/><span style=\"color: black;font-family: Times New Roman\"><\/span><\/p>\n","protected":false},"excerpt":{"rendered":"<p>\u00a1POR UNA NAVIDAD SIN PRESOS POLITICOS! [FMR 26\/11\/14] Esta ma\u00f1ana, en las puertas de los tribunales de Comodoro Py y del Penal de Ezeiza, las organizaciones populares instalaron dos carpas hasta navidad para exigir al Poder Judicial la libertad de los luchadores sociales Fernando Esteche y Raul \u201cBoli\u201d Lescano, que sufren una injusta condena&nbsp;como autores [&hellip;]<\/p>\n","protected":false},"author":4,"featured_media":0,"comment_status":"open","ping_status":"open","sticky":false,"template":"","format":"standard","meta":{"_monsterinsights_skip_tracking":false,"_monsterinsights_sitenote_active":false,"_monsterinsights_sitenote_note":"","_monsterinsights_sitenote_category":0,"jnews-multi-image_gallery":[],"jnews_single_post":{"format":"standard"},"jnews_primary_category":[],"_joinchat":[],"footnotes":""},"categories":[58],"tags":[119],"class_list":["post-932","post","type-post","status-publish","format-standard","hentry","category-noticiariachuelo","tag-derechos-humanos"],"_links":{"self":[{"href":"http:\/\/fmriachuelo.it10.com.ar\/index.php\/wp-json\/wp\/v2\/posts\/932","targetHints":{"allow":["GET"]}}],"collection":[{"href":"http:\/\/fmriachuelo.it10.com.ar\/index.php\/wp-json\/wp\/v2\/posts"}],"about":[{"href":"http:\/\/fmriachuelo.it10.com.ar\/index.php\/wp-json\/wp\/v2\/types\/post"}],"author":[{"embeddable":true,"href":"http:\/\/fmriachuelo.it10.com.ar\/index.php\/wp-json\/wp\/v2\/users\/4"}],"replies":[{"embeddable":true,"href":"http:\/\/fmriachuelo.it10.com.ar\/index.php\/wp-json\/wp\/v2\/comments?post=932"}],"version-history":[{"count":1,"href":"http:\/\/fmriachuelo.it10.com.ar\/index.php\/wp-json\/wp\/v2\/posts\/932\/revisions"}],"predecessor-version":[{"id":21974,"href":"http:\/\/fmriachuelo.it10.com.ar\/index.php\/wp-json\/wp\/v2\/posts\/932\/revisions\/21974"}],"wp:attachment":[{"href":"http:\/\/fmriachuelo.it10.com.ar\/index.php\/wp-json\/wp\/v2\/media?parent=932"}],"wp:term":[{"taxonomy":"category","embeddable":true,"href":"http:\/\/fmriachuelo.it10.com.ar\/index.php\/wp-json\/wp\/v2\/categories?post=932"},{"taxonomy":"post_tag","embeddable":true,"href":"http:\/\/fmriachuelo.it10.com.ar\/index.php\/wp-json\/wp\/v2\/tags?post=932"}],"curies":[{"name":"wp","href":"https:\/\/api.w.org\/{rel}","templated":true}]}}