{"id":931,"date":"2014-11-27T13:04:00","date_gmt":"2014-11-27T13:04:00","guid":{"rendered":"http:\/\/fmriachuelo.observatorioess.org.ar\/index.php\/2014\/11\/27\/se-presenta-en-la-legislatura-portena-proyecto-de-ley-para-la-feria-de-la-cooperativa-el-adoquin\/"},"modified":"2025-03-17T11:25:45","modified_gmt":"2025-03-17T14:25:45","slug":"se-presenta-en-la-legislatura-portena-proyecto-de-ley-para-la-feria-de-la-cooperativa-el-adoquin","status":"publish","type":"post","link":"http:\/\/fmriachuelo.it10.com.ar\/index.php\/2014\/11\/27\/se-presenta-en-la-legislatura-portena-proyecto-de-ley-para-la-feria-de-la-cooperativa-el-adoquin\/","title":{"rendered":"SE PRESENTA EN LA LEGISLATURA PORTE\u00d1A PROYECTO DE LEY PARA LA FERIA DE LA COOPERATIVA EL ADOQUIN"},"content":{"rendered":"<p><span style=\"font-size: small\"><span style=\"font-family: Verdana,sans-serif\"><span style=\"color: black\">LA LETRA CHICA DEL DIARIO<\/span><\/span><\/span><br \/><span style=\"font-size: large\"><span style=\"font-family: Verdana,sans-serif\"><span style=\"color: red\"><b>LA FERIA POPULAR ES UN DERECHO A LA CIUDAD<\/b><\/span><\/span><\/span><\/p>\n<div><span style=\"font-size: small\"><span style=\"font-family: Verdana,sans-serif\"><span style=\"color: red\"><span style=\"color: black\">Desde el verano de 2009, cincuenta y seis trabajadores deciden organizarse y promover una cooperativa de artesanos, manualistas y artistas. Lo hacen en el m\u00edtico barrio de San Telmo. Precisamente en el cruce de Defensa e Independencia. La cooperativa eligi\u00f3 el nombre El Adoqu\u00edn, como un modo de nombrar la calle que ocupan. Esa organizaci\u00f3n colectiva fue la \u00fanica forma de hacer frente a los operativos de inspectores y de polic\u00edas que los dejaba sin espacio y, por ende, sin trabajo.<\/span><\/span><\/span><\/span><\/div>\n<p><span style=\"font-size: small\"><span style=\"font-family: Verdana,sans-serif\"><span style=\"color: red\"><\/span><\/span><\/span><\/p>\n<div><a name='more'><\/a><span style=\"font-size: small\"><span style=\"font-family: Verdana,sans-serif\"><span style=\"color: red\"><span style=\"color: black\">Desde entonces, el ritmo de sus domingos ha estado marcado por la venta a un flujo cada vez m\u00e1s importante de turistas, nacionales y extranjeros, y por el asedio cada vez m\u00e1s agresivo de la polic\u00eda. El 800, 900 y 1000 de la calle Defensa se convierte una vez por semana en el teatro de luchas de l\u00f3gicas bajo la mirada p\u00edcara de un personaje del barrio: el doble del capit\u00e1n Jack Sparrow, que posa para sacarse fotos con los paseantes. \u00bfPero luchas de qu\u00e9 y entre qui\u00e9nes? Sin dudas estamos lejos de los imaginarios de la pirater\u00eda. De los 300 integrantes1 de la cooperativa, 294 venden productos propios, hechos a mano, fabricados durante la semana, movilizando sus oficios. Por eso la definici\u00f3n propia es que se trata de \u201ctrabajo digno hecho a mano\u201d. La cooperativa fue, desde el inicio, la forma de estos artesanos de entender que ten\u00edan que crear su propio trabajo, que el sistema no los iba a \u201cabsorber\u201d.<\/span><\/span><\/span><\/span><br \/><span style=\"font-size: small\"><span style=\"font-family: Verdana,sans-serif\"><span style=\"color: red\"><span style=\"color: black\">La gran mayor\u00eda tiene estudios superiores (59 por ciento) y m\u00e1s del 70 por ciento tiene menos de 45 a\u00f1os. Estos j\u00f3venes tuvieron o decidieron hacer de su oficio la fuente de su producci\u00f3n. Les permite sentir la dignidad de su trabajo, por el cual logran sueldos promedios mensuales de 6000 pesos que les permiten vivir de lo que hacen.<\/span><\/span><\/span><\/span><br \/><span style=\"font-size: small\"><span style=\"font-family: Verdana,sans-serif\"><span style=\"color: red\"><span style=\"color: black\">Sin embargo, actualmente varios est\u00e1n siendo judicializados e imputados por \u201cventa no permitida en espacio p\u00fablico\u201d, como sucede en tantos otros lugares de la Ciudad de Buenos Aires. Una simple contravenci\u00f3n que moviliza unidades de investigaciones complejas, fotos e inteligencia de por medio, para desenmascarar esos portadores de pinceles, cortadores de tela, orfebres de la calle, que m\u00e1s que desestabilizadores del orden p\u00fablico como parecen presentarlos las normas, son trabajadores que ejercen un derecho a la ciudad.<\/span><\/span><\/span><\/span><br \/><span style=\"font-size: small\"><span style=\"font-family: Verdana,sans-serif\"><span style=\"color: red\"><span style=\"color: black\">Hoy el legislador Jorge Taiana presentar\u00e1 en la Legislatura porte\u00f1a el proyecto de ley para autorizar la feria cooperativa El Adoqu\u00edn. Una forma de auspiciar que la raz\u00f3n de nuestra polis tenga que ver con una ampliaci\u00f3n de derechos y de espacios para los trabajadores populares. El proyecto de ley tiene como objetivo legalizar el arte en estas tres cuadras y permitir el trabajo sin amenazas en estas veredas halagadas en 20 idiomas en las gu\u00edas tur\u00edsticas de Buenos Aires.<\/span><\/span><\/span><\/span><br \/><span style=\"font-size: small\"><span style=\"font-family: Verdana,sans-serif\"><span style=\"color: red\"><span style=\"color: black\">No es menor otro dato: El Adoqu\u00edn, como organizaci\u00f3n, trabaja las reglas de convivencia en su seno y en el espacio p\u00fablico. Las tres asambleas dominicales que se realizan permiten dirimir las tensiones, recordar y pensar las reglas, fortalecer la unidad y construir horizontes colectivos. Lo que ocurre en las asambleas es el espejo de que lo que se proyecta en la calle. El espacio no puede ser privatizado porque es, como lo dijo uno de los artesanos citando a Le\u00f3n Rozitchner, un \u201cpunto de intersecci\u00f3n sin due\u00f1os\u201d. Estas tres cuadras son cortas pero anchas: en ellas \u201ccabemos todos\u201d dec\u00eda otra de las feriantes. Los que trabajamos, los que paseamos, los que vendemos en los negocios, los que vienen a vernos, valorizamos la ciudad: somos la fuerza viva urbana sin cuya existencia las calles no ser\u00edan m\u00e1s que hormig\u00f3n armado. El Adoqu\u00edn tiene vida, porque crea, piensa y hace con las manos, como dec\u00eda el soci\u00f3logo Richard Sennett, actualizando una pr\u00e1ctica cotidiana de los miles de trabajadores.<\/span><\/span><\/span><\/span><br \/><span style=\"font-size: small\"><span style=\"font-family: Verdana,sans-serif\"><span style=\"color: red\"><span style=\"color: black\">Como tantos otros afluentes al cauce de la transformaci\u00f3n de la historia, los artesanos son trabajadores de la econom\u00eda popular. Por eso se sumaron al proceso de la Confederaci\u00f3n de los Trabajadores de la Econom\u00eda Popular (CTEP). Representan sin duda un cambio de paradigma en el mundo del trabajo. As\u00ed como reconocer a fines de los \u201990 a los desempleados como trabajadores marc\u00f3 una ruptura pol\u00edtica y cognitiva central, reconocer a los trabajadores de la econom\u00eda popular como un sector nuevo y duradero constituye tambi\u00e9n un giro crucial para la Argentina y para Am\u00e9rica latina. Como todos los trabajadores, aspiran a la dignidad de su actividad y eso implica dejar de ser considerados como ilegales y aceptar que la producci\u00f3n y el trabajo fundan derechos, derechos sobre el espacio p\u00fablico, como recurso y territorio donde convivimos todos.<\/span><\/span><\/span><\/span><br \/><span style=\"font-size: small\"><span style=\"font-family: Verdana,sans-serif\"><span style=\"color: red\"><span style=\"color: black\"><sup>1<\/sup> Datos producidos por una encuesta realizada en noviembre 2014.<\/span><\/span><\/span><\/span><br \/><span style=\"font-size: small\"><span style=\"font-family: Verdana,sans-serif\"><span style=\"color: red\"><span style=\"color: black\">Gabriela Olguin&nbsp;Delegada de la cooperativa de trabajo El Adoquin L.T.D.A.<\/span><\/span><\/span><\/span><br \/><span style=\"font-size: small\"><span style=\"font-family: Verdana,sans-serif\"><span style=\"color: red\"><span style=\"color: black\">Alexander Roig, Decano del Idaes-Unsam; investigador del Conicet.<\/span><\/span><\/span><\/span><br \/><span style=\"font-size: small\"><span style=\"font-family: Verdana,sans-serif\"><span style=\"color: red\"><span style=\"color: black\">Fuente Pagina 12<\/span><\/span><\/span><\/span><\/p>\n<div style=\"clear: both;text-align: center\"><span style=\"font-size: small\"><span style=\"font-family: Verdana,sans-serif\"><span style=\"color: red\"><a href=\"http:\/\/1.bp.blogspot.com\/-6xLQi2vkOUU\/VHchK6YWo-I\/AAAAAAAABoE\/s8t6xBonNjs\/s1600\/COOP%2BRIACHIUELO%2BPRODUCCIONES.jpg\" style=\"clear: left;float: left;margin-bottom: 1em;margin-right: 1em\"><img loading=\"lazy\" decoding=\"async\" border=\"0\" src=\"http:\/\/1.bp.blogspot.com\/-6xLQi2vkOUU\/VHchK6YWo-I\/AAAAAAAABoE\/s8t6xBonNjs\/s1600\/COOP%2BRIACHIUELO%2BPRODUCCIONES.jpg\" height=\"58\" width=\"200\" \/><\/a><\/span><\/span><\/span><\/div>\n<\/div>\n<p><span style=\"font-size: small\"><span style=\"font-family: Verdana,sans-serif\"><span style=\"color: red\"><\/span><\/span><\/span><\/p>\n","protected":false},"excerpt":{"rendered":"<p>LA LETRA CHICA DEL DIARIOLA FERIA POPULAR ES UN DERECHO A LA CIUDAD Desde el verano de 2009, cincuenta y seis trabajadores deciden organizarse y promover una cooperativa de artesanos, manualistas y artistas. Lo hacen en el m\u00edtico barrio de San Telmo. Precisamente en el cruce de Defensa e Independencia. La cooperativa eligi\u00f3 el nombre [&hellip;]<\/p>\n","protected":false},"author":4,"featured_media":0,"comment_status":"open","ping_status":"open","sticky":false,"template":"","format":"standard","meta":{"_monsterinsights_skip_tracking":false,"_monsterinsights_sitenote_active":false,"_monsterinsights_sitenote_note":"","_monsterinsights_sitenote_category":0,"jnews-multi-image_gallery":[],"jnews_single_post":{"format":"standard"},"jnews_primary_category":[],"_joinchat":[],"footnotes":""},"categories":[58],"tags":[147],"class_list":["post-931","post","type-post","status-publish","format-standard","hentry","category-noticiariachuelo","tag-habitat"],"_links":{"self":[{"href":"http:\/\/fmriachuelo.it10.com.ar\/index.php\/wp-json\/wp\/v2\/posts\/931","targetHints":{"allow":["GET"]}}],"collection":[{"href":"http:\/\/fmriachuelo.it10.com.ar\/index.php\/wp-json\/wp\/v2\/posts"}],"about":[{"href":"http:\/\/fmriachuelo.it10.com.ar\/index.php\/wp-json\/wp\/v2\/types\/post"}],"author":[{"embeddable":true,"href":"http:\/\/fmriachuelo.it10.com.ar\/index.php\/wp-json\/wp\/v2\/users\/4"}],"replies":[{"embeddable":true,"href":"http:\/\/fmriachuelo.it10.com.ar\/index.php\/wp-json\/wp\/v2\/comments?post=931"}],"version-history":[{"count":1,"href":"http:\/\/fmriachuelo.it10.com.ar\/index.php\/wp-json\/wp\/v2\/posts\/931\/revisions"}],"predecessor-version":[{"id":21975,"href":"http:\/\/fmriachuelo.it10.com.ar\/index.php\/wp-json\/wp\/v2\/posts\/931\/revisions\/21975"}],"wp:attachment":[{"href":"http:\/\/fmriachuelo.it10.com.ar\/index.php\/wp-json\/wp\/v2\/media?parent=931"}],"wp:term":[{"taxonomy":"category","embeddable":true,"href":"http:\/\/fmriachuelo.it10.com.ar\/index.php\/wp-json\/wp\/v2\/categories?post=931"},{"taxonomy":"post_tag","embeddable":true,"href":"http:\/\/fmriachuelo.it10.com.ar\/index.php\/wp-json\/wp\/v2\/tags?post=931"}],"curies":[{"name":"wp","href":"https:\/\/api.w.org\/{rel}","templated":true}]}}