{"id":9309,"date":"2019-03-24T00:22:12","date_gmt":"2019-03-24T00:22:12","guid":{"rendered":"http:\/\/fmriachuelo.com.ar\/?p=9309"},"modified":"2019-03-24T00:22:12","modified_gmt":"2019-03-24T00:22:12","slug":"inauguracion-del-local-de-recicladores-de-la-boca-un-homenaje-al-oso-cisneros","status":"publish","type":"post","link":"http:\/\/fmriachuelo.it10.com.ar\/index.php\/2019\/03\/24\/inauguracion-del-local-de-recicladores-de-la-boca-un-homenaje-al-oso-cisneros\/","title":{"rendered":"INAUGURACI\u00d3N DEL LOCAL DE RECICLADORES DE LA BOCA: UN HOMENAJE AL OSO CISNEROS"},"content":{"rendered":"<p><strong>[FM Riachuelo 23\/03\/2019] Hace quince a\u00f1os, todos los 22 de marzo se realiza el homenaje y la\u00a0 celebraci\u00f3n del nacimiento del militante Mart\u00edn \u201cOso\u201d Cisneros, emblema de la Organizaci\u00f3n Social y Pol\u00edtica Los Pibes y del barrio de La Boca, asesinado en el a\u00f1o 2004. Ayer, la Cooperativa de Recicladores y Cartoneros de La Boca, organizada recientemente decidi\u00f3 unir al festejo del Oso la inauguraci\u00f3n de su local en la calle Suarez 241.<\/strong><\/p>\n<p>Desde temprano, la cuadra de Suarez entre Necochea y Ministro Brin, se fue pintando con los colores t\u00edpicos de la Olla Popular y callejera a la cual se convidaba a los vecinxs del barrio y organizaciones populares que en ese d\u00eda decidieron arrimarse a saludar al Oso y la iniciativa de los compa\u00f1erxs recicladroxs. Con la calle cortada, el asfalto se pobl\u00f3 de bancos, sillas, los puestos del Paseo de la Econom\u00eda Popular \u201cMart\u00edn Oso Cisneros\u201d y la Cooperativa de Vivienda COVILPI, para dar cuenta de algunxs de los trabajos hist\u00f3ricos que Mart\u00edn sembr\u00f3 en la militancia de Los Pibes. El cielo amigable que acompa\u00f1\u00f3 la jornada y los frentes de los conventillos vecinos al local estaban surcados de banderas de la CTEP, Los Pibes y los Recicladores, y tambi\u00e9n de algunas consignas \u2013\u201cLUCHE QUE SE VAN\u201d \u2013 que anticipaban el tono de algunas reflexiones que m\u00e1s tarde se compartieron durante la actividad.<\/p>\n<p><img loading=\"lazy\" decoding=\"async\" class=\"aligncenter wp-image-9312 size-large\" src=\"http:\/\/fmriachuelo.com.ar\/wp-content\/uploads\/2019\/03\/WhatsApp-Image-2019-03-23-at-20.31.08-1024x574.jpeg\" alt=\"\" width=\"640\" height=\"359\" \/><\/p>\n<p>Al mediod\u00eda comenzaron a llegar los primeros vecinos y compa\u00f1eros y compa\u00f1eras de organizaciones hermanas de Los Pibes y del Oso que se hicieron presentes para recordar la vida y militancia del compa\u00f1ero. Y en ese clima de olla en el asfalto, barrio sobre la calle, que tanto reconocimiento y protagonismo le valieron al Oso en la resistencia de los primeros a\u00f1os 2000, Brian Piedrabuena, referente de la Cooperativa de Recicladores, se encarg\u00f3 de compartir los primeros sentimientos: Carla, una compa\u00f1era de 20 a\u00f1os, hija de una de las fundadoras de la cooperativa, hab\u00eda fallecido el d\u00eda anterior, y que atentos a los sue\u00f1os de Carla, y de Mart\u00edn, la decisi\u00f3n de los cooperativistas hab\u00eda sido sostener la actividad de inauguraci\u00f3n que era lo que esos cumpas, constructores y militantes, seguramente hubieran querido. Tras un minuto de silencio muy sentido por los presentes, el micr\u00f3fono circul\u00f3 entre los Recicladores que se animaron a hablar con un mensaje claro y compartido: hay que unirse, hay que luchar, con organizaci\u00f3n popular se consigue lo que se sue\u00f1a, como los compa\u00f1erxs consiguieron ese local.<\/p>\n<p><img loading=\"lazy\" decoding=\"async\" class=\"alignleft wp-image-9313 size-medium\" src=\"http:\/\/fmriachuelo.com.ar\/wp-content\/uploads\/2019\/03\/WhatsApp-Image-2019-03-23-at-20.33.02-300x200.jpeg\" alt=\"\" width=\"300\" height=\"200\" \/>Otro momento distintivo de la jornada se produjo cuando pas\u00f3 por la radio abierto Lito Borello, Coordinador Nacional de la Organizaci\u00f3n Los Pibes, Secretario de Derechos Humanos de la CTEP, y desde m\u00e1s a\u00f1os que ninguno, compa\u00f1ero de militancia del Oso. Adem\u00e1s de reconocer el trabajo de los compa\u00f1eros Recicladores, Borello marc\u00f3 en su intervenci\u00f3n claras referencias al momento pol\u00edtico actual: \u201cNos parec\u00eda que est\u00e9 cumplea\u00f1os ten\u00eda que tener este formato, el de olla popular, cortando una calle, que tiene m\u00e1s que ver con la caracter\u00edstica de la pelea de nuestro Pueblo que con la de los festejos. Era este el mensaje que quer\u00edamos dejar, es esta la manera tanto de homenajear a Carla como homenajear al Oso, coherentes de c\u00f3mo se piensa, de c\u00f3mo se siente, de como se dice pero de como se hace, todos los d\u00edas para construir otra sociedad\u201d.<\/p>\n<p>Lo ocurrido con Carla, tambi\u00e9n tuvo una necesaria interpretaci\u00f3n pol\u00edtica, desde las injusticias cotidianas dirigidas siempre a los m\u00e1s humildes, por parte del Secretario de DDHH de CTEP: \u201cEste sistema no da m\u00e1s, y m\u00e1s all\u00e1 del nombre que le querramos poner a la sociedad por venir, esta claro que este capitalismo lo \u00fanico que nos entrega es guerras, hambre, miseria y muerte. Sin ninguna duda Carla podr\u00eda estar con nosotrxs con veinte a\u00f1os, sin ninguna duda, no hay manera de no saber con claridad que el \u00fanico culpable es este sistema y estas pol\u00edticas que hacen que lxs nuestrxs se mueran en un momento donde no tendr\u00eda que ser as\u00ed\u201d.<\/p>\n<p>Al finalizar, no esquiv\u00f3 el tema electoral que hoy forma parte importante de los debates del campo popular: \u201cOjal\u00e1 que ninguna particularidad t\u00e1ctica de la pelea electoral divida a nuestro pueblo de construir otro mundo posible. Estamos convencidos que tenemos que seguir juntos construyendo el poder popular necesario no solamente para ganar una elecci\u00f3n, sino para construir esa otra sociedad que necesitamos y que necesitan los que vienen detr\u00e1s nuestro, sin organizaci\u00f3n popular, sin poder constituyente no sirve el poder constituido, no se resuelve desde un sill\u00f3n o desde una banca, se resuelve con pueblo alerta, movilizado y organizado para\u00a0 enfrentar al poder f\u00e1ctico, que est\u00e1 haciendo de este mundo un lugar riesgoso para vivir\u201d.<\/p>\n<p><img loading=\"lazy\" decoding=\"async\" class=\"alignright wp-image-9314 size-medium\" src=\"http:\/\/fmriachuelo.com.ar\/wp-content\/uploads\/2019\/03\/WhatsApp-Image-2019-03-23-at-20.33.08-300x168.jpeg\" alt=\"\" width=\"300\" height=\"168\" \/>En sinton\u00eda con Borello, otras intervenciones como la de Roberto Perd\u00eda, dirigente hist\u00f3rico y referente de la Organizaci\u00f3n Libres del Pueblo (OLP), se destacaron por el an\u00e1lisis del momento. En clara alusi\u00f3n a la inauguraci\u00f3n del local de los Recicladores, Perd\u00eda arranc\u00f3 con una cita po\u00e9tica: \u201cDel fondo m\u00e1s hondo surgir\u00e1n las alturas m\u00e1s altas\u201d, para luego continuar, \u201cse me ocurre que as\u00ed es. De aquellos que nada tienen, de aquellos que viven de lo que encuentran, surge la posibilidad de organizaci\u00f3n popular que nos hace falta\u201d. El referente de la OLP, en un gesto hacia los cooperativistas, tambi\u00e9n aludi\u00f3 al fallecimiento de Carla: \u201cEste sistema nos mata, y nos mata cotidianamente, y no solo a trav\u00e9s de la represi\u00f3n directa, ac\u00e1 estar\u00eda la compa\u00f1era Carla hoy, y no est\u00e1. As\u00ed como millones de compa\u00f1erxs que deber\u00edan estar y no est\u00e1n producto del sistema. por eso compa\u00f1erxs, la lucha vale, la lucha sirve no hay forma de reemplazarla m\u00e1s que con esa actividad cotidiana que es entregar lo que uno tiene de vida, para que el futuro exista\u201d.<\/p>\n<p>Sobre el final de la radio abierta, antes del cierre musical a cargo del compa\u00f1ero Sergio Lobo, tambi\u00e9n tuvo una intervenci\u00f3n Jorge \u201cChiqui\u201d Falcone, de la Coordinadora Resistir y Luchas, que expres\u00f3 y areng\u00f3: \u201cEstamos gobernados por las corporaciones multinacionales, por eso nos exprimen y verduguean en sus declaraciones, porque no tienen dios ni patria. Pero los vamos a desalojar, quienes somos los que vamos hacer eso: los que estamos ac\u00e1 y muchos m\u00e1s. Dedos del mismo pu\u00f1o con el que vamos a voltear las puertas del futuro. Repitamos juntxs compa\u00f1erxs: Luche y se van, hasta que el pueblo mande, carajo\u201d.<\/p>\n<p>Durante la actividad, la radio abierta hizo sonar saludos que llegaron desde distintos rincones del pa\u00eds \u2013Juan Carlos Sanchez, de la Pocho Lepratti de La Paz (ER), Carlos Zarza de Huellas de Esperanza, Puerto Iguaz\u00fa, o los compa\u00f1eros de Unidad de Producci\u00f3n Integral \u201cSan Cayetano\u201d de Pipinas\u2013, y del continente como en el caso de Juan Contreras y Roger Capella, militantes del hermano Pueblo de Venezuela, hist\u00f3ricamente hermanados a la Organizaci\u00f3n Los Pibes, y tambi\u00e9n los compa\u00f1eros de TRASOL, federaci\u00f3n de cooperativas de Chile. El saludo del Gringo Castro, Secretario General de la CTEP que se excus\u00f3 por no haber podido estar, fue calurosamente recibido cuando se escuch\u00f3 por la radio que \u201cEstamos convencidos de que compa\u00f1eros como el oso que han entregado su vida por la causa del pueblo, son compa\u00f1erxs que nos sirven como ejemplo para el resto de nuestras vidas, y nosotrxs lxs tenemos que recordar de esta manera, construyendo organizaci\u00f3n popular para liberar a nuestra patria\u201d.<\/p>\n<p>Adem\u00e1s de los mencionados, tambi\u00e9n se acercaron al homenaje los compa\u00f1eros del Movimiento de Movimiento de Trabajadorxs Excluidos (MTE), de Quebracho, la Comunidad Pacheco, el Peronismo 26 de julio, el Frente Popular Dario Santill\u00e1n de La Boca, el compa\u00f1ero Rafa Klejzer, Secretario General de la CTEP Seccional Capital, los cumpas de la Central de Emergencia Villera, trabajadores de la Feria Los Patos que denunciaron su conflicto con el GCBA, la Cooperativa de Vivienda la Nueva Esperanza, la Casa Popular el Fog\u00f3n Avellaneda, Mario Barrios y compa\u00f1eros de la Uni\u00f3n Solidaria de Trabajadores de Avellaneda, Kallpa Wayna, el Movimiento Popular La Dignidad de la Comuna 4, el compa\u00f1ero Adolfo Barja y cumpas del SUTAP, Nestor Jeiffetz del MOI, el Taller de Serigrafia La Panader\u00eda, la Agrupaci\u00f3n Vecinos de La Boca, trabajadores de la Secretar\u00eda de Extensi\u00f3n de la UNDAV, trabajadores del ATAJO de La Boca, Roxana Cainzos y compa\u00f1eras del Merendero Madres en Lucha, medios populares barriales como Sur Capitalino y FM La Caterva, el Frente Barrial 19 y 20, estudiantes y docentes del PAEByt de la Organizaci\u00f3n Los Pibes, Carlos Aznarez director del Resumen Latinoamericano, la Boca Resiste y Propone, el Movimiento Octubres, la Asamblea del Parque Lezama.<\/p>\n<p><img loading=\"lazy\" decoding=\"async\" class=\"aligncenter wp-image-9311 size-large\" src=\"http:\/\/fmriachuelo.com.ar\/wp-content\/uploads\/2019\/03\/WhatsApp-Image-2019-03-23-at-20.31.07-1024x574.jpeg\" alt=\"\" width=\"640\" height=\"359\" \/><\/p>\n","protected":false},"excerpt":{"rendered":"<p>[FM Riachuelo 23\/03\/2019] Hace quince a\u00f1os, todos los 22 de marzo se realiza el homenaje y la\u00a0 celebraci\u00f3n del nacimiento del militante Mart\u00edn \u201cOso\u201d Cisneros, emblema de la Organizaci\u00f3n Social y Pol\u00edtica Los Pibes y del barrio de La Boca, asesinado en el a\u00f1o 2004. Ayer, la Cooperativa de Recicladores y Cartoneros de La Boca, [&hellip;]<\/p>\n","protected":false},"author":5,"featured_media":9310,"comment_status":"open","ping_status":"open","sticky":false,"template":"","format":"standard","meta":{"_monsterinsights_skip_tracking":false,"_monsterinsights_sitenote_active":false,"_monsterinsights_sitenote_note":"","_monsterinsights_sitenote_category":0,"jnews-multi-image_gallery":[],"jnews_single_post":[],"jnews_primary_category":[],"_joinchat":[],"footnotes":""},"categories":[78,80,76,75],"tags":[],"class_list":["post-9309","post","type-post","status-publish","format-standard","has-post-thumbnail","hentry","category-economia-popular","category-educacion","category-salud-comunitaria","category-trabajo"],"_links":{"self":[{"href":"http:\/\/fmriachuelo.it10.com.ar\/index.php\/wp-json\/wp\/v2\/posts\/9309","targetHints":{"allow":["GET"]}}],"collection":[{"href":"http:\/\/fmriachuelo.it10.com.ar\/index.php\/wp-json\/wp\/v2\/posts"}],"about":[{"href":"http:\/\/fmriachuelo.it10.com.ar\/index.php\/wp-json\/wp\/v2\/types\/post"}],"author":[{"embeddable":true,"href":"http:\/\/fmriachuelo.it10.com.ar\/index.php\/wp-json\/wp\/v2\/users\/5"}],"replies":[{"embeddable":true,"href":"http:\/\/fmriachuelo.it10.com.ar\/index.php\/wp-json\/wp\/v2\/comments?post=9309"}],"version-history":[{"count":0,"href":"http:\/\/fmriachuelo.it10.com.ar\/index.php\/wp-json\/wp\/v2\/posts\/9309\/revisions"}],"wp:featuredmedia":[{"embeddable":true,"href":"http:\/\/fmriachuelo.it10.com.ar\/index.php\/wp-json\/"}],"wp:attachment":[{"href":"http:\/\/fmriachuelo.it10.com.ar\/index.php\/wp-json\/wp\/v2\/media?parent=9309"}],"wp:term":[{"taxonomy":"category","embeddable":true,"href":"http:\/\/fmriachuelo.it10.com.ar\/index.php\/wp-json\/wp\/v2\/categories?post=9309"},{"taxonomy":"post_tag","embeddable":true,"href":"http:\/\/fmriachuelo.it10.com.ar\/index.php\/wp-json\/wp\/v2\/tags?post=9309"}],"curies":[{"name":"wp","href":"https:\/\/api.w.org\/{rel}","templated":true}]}}