{"id":9290,"date":"2019-03-21T15:51:58","date_gmt":"2019-03-21T15:51:58","guid":{"rendered":"http:\/\/fmriachuelo.com.ar\/?p=9290"},"modified":"2019-03-21T15:51:58","modified_gmt":"2019-03-21T15:51:58","slug":"9290","status":"publish","type":"post","link":"http:\/\/fmriachuelo.it10.com.ar\/index.php\/2019\/03\/21\/9290\/","title":{"rendered":"\u00abME HACE ACORDAR A LA \u00c9POCA DEL 2001 ES TREMENDA LA NECESIDAD QUE HAY\u00bb"},"content":{"rendered":"<p><strong>\u00a0[FM Riachuelo 21\/03\/2019] En el barrio de La Boca existe un restaurante, en Olavarr\u00eda 695, llamado \u201cEl Campe\u00f3n de la Boca\u201d que es un emprendimiento familiar que hace un tiempo decidieron cerrar su restaurante de 17 a 18 para brindarles la merienda \u00a0a las personas que est\u00e1n en situaci\u00f3n de calle o al que no le alcanza para poder completar las comidas del d\u00eda.\u00a0<\/strong><\/p>\n<p>Desde FM Riachuelo nos acercamos hasta el local para conversar con Alejandra, due\u00f1a de este negocio gastron\u00f3mico, para que nos cuente que la motivo a solidarizarse con los vecinos de su barrio. Alejandra nos explic\u00f3 que cierra su local a la hora de la merienda para recibir a las personas que van en busca \u00a0de algo con que alimentarse, porque todos los d\u00edas se acercaban a su negocio a pedir comida. Tambi\u00e9n nos cont\u00f3 que en el barrio aument\u00f3 la cantidad de personas en situaci\u00f3n de calle y que piden alimentos en locales gastron\u00f3micos.<\/p>\n<p><img loading=\"lazy\" decoding=\"async\" class=\"wp-image-9295 size-medium alignleft\" src=\"http:\/\/fmriachuelo.com.ar\/wp-content\/uploads\/2019\/03\/WhatsApp-Image-2019-03-21-at-11.04.49-1-225x300.jpeg\" alt=\"\" width=\"225\" height=\"300\" \/><\/p>\n<p>\u201cMe hace acordar a la \u00e9poca del 2001. Es muy triste que un ni\u00f1x te pida comida, cada vez es peor, es tremenda la necesidad\u00a0 que hay\u201d, expres\u00f3 conmovida Alejandra y remarc\u00f3 que las ganancias que ingresan a su local no son suficientes para cubrir los gastos del local como consecuencia de los tarifazos y el aumento en los alimentos, pero que sin embargo no puede ignorar la situaci\u00f3n que est\u00e1n atravesando sus vecinos.<\/p>\n<p>Adem\u00e1s de la merienda que brinda de lunes a viernes, a partir de este mi\u00e9rcoles de 20 a 21, \u00a0tambi\u00e9n lxs que lo necesiten pueden acercarse a cenar. \u201cTrabajo haciendo limpieza, pero no me alcanza la plata adem\u00e1s de venir ac\u00e1 tengo que pedir pan a la panader\u00eda para llevarle a mis nietos\u201d, nos dec\u00eda Silvia vecina del barrio que se acerc\u00f3 al restaurante para poder comer algo calentito.<\/p>\n<p>Mientras que el presidente afirma en sus discursos que el pa\u00eds va por buen camino y que la pobreza est\u00e1 disminuyendo, la situaci\u00f3n que se vive en los barrios es esta. Queda cada vez m\u00e1s en evidencia a que sector de la sociedad esta beneficiando y a cuales somete al hambre y la miseria.<\/p>\n","protected":false},"excerpt":{"rendered":"<p>\u00a0[FM Riachuelo 21\/03\/2019] En el barrio de La Boca existe un restaurante, en Olavarr\u00eda 695, llamado \u201cEl Campe\u00f3n de la Boca\u201d que es un emprendimiento familiar que hace un tiempo decidieron cerrar su restaurante de 17 a 18 para brindarles la merienda \u00a0a las personas que est\u00e1n en situaci\u00f3n de calle o al que no [&hellip;]<\/p>\n","protected":false},"author":5,"featured_media":9297,"comment_status":"open","ping_status":"open","sticky":false,"template":"","format":"standard","meta":{"_monsterinsights_skip_tracking":false,"_monsterinsights_sitenote_active":false,"_monsterinsights_sitenote_note":"","_monsterinsights_sitenote_category":0,"jnews-multi-image_gallery":[],"jnews_single_post":[],"jnews_primary_category":[],"_joinchat":[],"footnotes":""},"categories":[78,76,74,75],"tags":[],"class_list":["post-9290","post","type-post","status-publish","format-standard","has-post-thumbnail","hentry","category-economia-popular","category-salud-comunitaria","category-san-cayetano","category-trabajo"],"_links":{"self":[{"href":"http:\/\/fmriachuelo.it10.com.ar\/index.php\/wp-json\/wp\/v2\/posts\/9290","targetHints":{"allow":["GET"]}}],"collection":[{"href":"http:\/\/fmriachuelo.it10.com.ar\/index.php\/wp-json\/wp\/v2\/posts"}],"about":[{"href":"http:\/\/fmriachuelo.it10.com.ar\/index.php\/wp-json\/wp\/v2\/types\/post"}],"author":[{"embeddable":true,"href":"http:\/\/fmriachuelo.it10.com.ar\/index.php\/wp-json\/wp\/v2\/users\/5"}],"replies":[{"embeddable":true,"href":"http:\/\/fmriachuelo.it10.com.ar\/index.php\/wp-json\/wp\/v2\/comments?post=9290"}],"version-history":[{"count":0,"href":"http:\/\/fmriachuelo.it10.com.ar\/index.php\/wp-json\/wp\/v2\/posts\/9290\/revisions"}],"wp:featuredmedia":[{"embeddable":true,"href":"http:\/\/fmriachuelo.it10.com.ar\/index.php\/wp-json\/"}],"wp:attachment":[{"href":"http:\/\/fmriachuelo.it10.com.ar\/index.php\/wp-json\/wp\/v2\/media?parent=9290"}],"wp:term":[{"taxonomy":"category","embeddable":true,"href":"http:\/\/fmriachuelo.it10.com.ar\/index.php\/wp-json\/wp\/v2\/categories?post=9290"},{"taxonomy":"post_tag","embeddable":true,"href":"http:\/\/fmriachuelo.it10.com.ar\/index.php\/wp-json\/wp\/v2\/tags?post=9290"}],"curies":[{"name":"wp","href":"https:\/\/api.w.org\/{rel}","templated":true}]}}