{"id":929,"date":"2014-11-28T18:09:00","date_gmt":"2014-11-28T18:09:00","guid":{"rendered":"http:\/\/fmriachuelo.observatorioess.org.ar\/index.php\/2014\/11\/28\/fuera-monsanto-manu-chao-nuevamente-en-el-acampe-por-la-vida\/"},"modified":"2025-03-17T11:26:59","modified_gmt":"2025-03-17T14:26:59","slug":"fuera-monsanto-manu-chao-nuevamente-en-el-acampe-por-la-vida","status":"publish","type":"post","link":"http:\/\/fmriachuelo.it10.com.ar\/index.php\/2014\/11\/28\/fuera-monsanto-manu-chao-nuevamente-en-el-acampe-por-la-vida\/","title":{"rendered":"\u00a1\u00a1\u00a1FUERA MONSANTO!!! MANU CHAO NUEVAMENTE EN EL ACAMPE POR LA VIDA"},"content":{"rendered":"<div><span style=\"font-size: small\"><span style=\"font-family: Verdana,sans-serif\"><span><b>          <\/b><\/span><span><span>las Madres de ituzaing\u00d3 RENUEVAN PERMANENTEMENTE SU LUCHA<\/span><\/span><b><span style=\"color: red\">&nbsp;<\/span><\/b><\/span><\/span><\/div>\n<div><span style=\"font-size: small\"><span style=\"font-family: Verdana,sans-serif\"><a href=\"http:\/\/1.bp.blogspot.com\/-3uKetgkJ84s\/VHteEr4BlXI\/AAAAAAAABo8\/rO6HgJEjUHQ\/s1600\/manu%2Bchao%2Ben%2Bcordoba.jpg\" style=\"clear: left;float: left;margin-bottom: 1em;margin-right: 1em\"><span style=\"font-size: large\"><img loading=\"lazy\" decoding=\"async\" border=\"0\" src=\"http:\/\/1.bp.blogspot.com\/-3uKetgkJ84s\/VHteEr4BlXI\/AAAAAAAABo8\/rO6HgJEjUHQ\/s1600\/manu%2Bchao%2Ben%2Bcordoba.jpg\" height=\"104\" width=\"200\" \/><\/span><\/a><b><span style=\"color: red\">\u00abSi no nos dejan so\u00f1ar, no los dejaremos dormir\u00bb<\/span><\/b><\/span><\/span><\/div>\n<p><span style=\"font-size: small\"><span style=\"font-family: Verdana,sans-serif\"><span><\/span><a href=\"http:\/\/2.bp.blogspot.com\/-AdUvpXLqkbY\/VHtbrxtdndI\/AAAAAAAABoc\/AucyCDPHGY4\/s1600\/Madres%2Bde%2BItuzaingo.jpg\" style=\"clear: left;float: left;margin-bottom: 1em;margin-right: 1em\"><img loading=\"lazy\" decoding=\"async\" border=\"0\" src=\"http:\/\/2.bp.blogspot.com\/-AdUvpXLqkbY\/VHtbrxtdndI\/AAAAAAAABoc\/AucyCDPHGY4\/s1600\/Madres%2Bde%2BItuzaingo.jpg\" height=\"135\" width=\"200\" \/><\/a><\/span><span style=\"font-family: Verdana,sans-serif\"><span>Respaldando una movida ecol\u00f3gica y social con los vecinos de Malvinas Argentinas, el m\u00fasico Manu Chao regresa a  C\u00f3rdoba para tocar el domingo 30 de noviembre desde las 20 en Plaza de la M\u00fasica.<br \/>Con el lema \u00abFuera Monsanto\u00bb, y en apoyo al Acampe por la Vida, el artista de origen franc\u00e9s que utiliza el arte como una cruzada por el mundo vuelve a nuestra ciudad en el marco del tour \u00abLa ventura\u00bb. <br \/>Tal como suele ocurrir con las visitas de Manu Chao, las entradas para el show del domingo ya se agotaron, y su p\u00fablico se hizo eco con las redes sociales y junto al boca a boca de que se har\u00eda presente. <br \/>As\u00ed es Manu Chao, y con fiel a su estilo presentar\u00e1 el show, donde cantar\u00e1 parte de su extenso repertorio, pidiendo, sobre todo, \u00abFuera Monsanto\u00bb.<br \/><b>FUERA MONSANTO, SUS PLANTAS, FUMIGACIONES Y MODELO PRODUCTIVO.<br \/> NO A LA LEY DE SEMILLAS.<\/b><\/span><\/span><\/span><br \/><span style=\"font-size: small\"><span style=\"font-family: Verdana,sans-serif\"><span><span style=\"color: red\"><b>\u00a1TIERRA PARA VIVIR Y SOBERAN\u00cdA ALIMENTARIA YA!<\/b><\/span><br \/><\/span><\/span><\/span><br \/><a name='more'><\/a><span style=\"font-size: small\"><span style=\"font-family: Verdana,sans-serif\"><\/span><\/span><\/p>\n<div><!-- ESPACIO COMIENZA publi_cola --><span style=\"font-size: small\"><span style=\"font-family: Verdana,sans-serif\"><span> <\/span><\/span><\/span><\/p>\n<div style=\"margin-left: 5px;margin-top: 20px;width: 110px\"><!-- e-planning v3 - Comienzo espacio La Ma\ufffdana Digital _ 6_noticias _ A1_120x60 --><span style=\"font-size: small\"><span style=\"font-family: Verdana,sans-serif\"><span>      &amp;amp;amp;lt;a href=\u00bbhttp:\/\/ads.e-planning.net\/ei\/3\/b678\/5b02eb89c377754b?it=i&amp;amp;amp;amp;rnd=$RANDOM\u00bb target=\u00bb_blank\u00bb&amp;amp;amp;gt;&amp;amp;amp;lt;img alt=\u00bbe-planning.net ad\u00bb src=\u00bbhttp:\/\/ads.e-planning.net\/eb\/3\/b678\/5b02eb89c377754b?o=i&amp;amp;amp;amp;rnd=$RANDOM\u00bb border=0&amp;amp;amp;gt;&amp;amp;amp;lt;\/a&amp;amp;amp;gt;<\/span><\/span><\/span><\/div>\n<\/div>\n<p><span style=\"font-size: small\"> <\/span><span style=\"font-size: small\"><span style=\"font-family: Verdana,sans-serif\">El 25 en el marco de la jornada mundial hasta que se vaya monsanto , realizamos una marcha informativa en la localidad de Malvinas Argentinas.<\/span><br \/><span style=\"font-family: Verdana,sans-serif\"> Agradecemos a todxs lxs que se acercaron y a las organizaciones que una vez m\u00e1s contin\u00faan acompa\u00f1ando y poni\u00e9ndole el cuerpo a esta lucha, que es compromiso de todxs.<\/span><br \/><span style=\"font-family: Verdana,sans-serif\"> La marcha termin\u00f3 como estaba previsto en la plaza de la segunda secci\u00f3n, a metros nada m\u00e1s se encontraba la municipalidad vallada una cuadra a la redonda con personal de infanter\u00eda y polic\u00eda local, una vez m\u00e1s seguimos denunciando el intento de silenciar a un pueblo que busca organizarse, haci\u00e9ndolo preso del miedo, la criminalizaci\u00f3n de la protesta y recordamos lo sucedido en la ultima movilizaci\u00f3n por la localidad que fue fuertemente reprimida y una de las vecinas qued\u00f3 gravemente herida por un cascote arrojado por la polic\u00eda, una vez m\u00e1s en defensa de los intereses de estas empresas capitalistas que no hacen m\u00e1s que profundizar el saqueo, la contaminaci\u00f3n y la muerte.<\/span><\/span><span style=\"font-size: x-small\"><span style=\"font-family: Verdana,sans-serif\"><span style=\"color: #3d85c6\"><b>FUENTE: MADRES DE ITUZAING\u00d3<\/b><\/span><\/span><\/span><\/p>\n<div style=\"clear: both;text-align: center\"><span style=\"font-size: small\"><span style=\"font-family: Verdana,sans-serif\"><a href=\"http:\/\/4.bp.blogspot.com\/-7LM-HucDUso\/VHtdGdhiNDI\/AAAAAAAABos\/1c4Bq_knfjI\/s1600\/COOP%2BRIACHIUELO%2BPRODUCCIONES.jpg\" style=\"clear: left;float: left;margin-bottom: 1em;margin-right: 1em\"><img loading=\"lazy\" decoding=\"async\" border=\"0\" src=\"http:\/\/4.bp.blogspot.com\/-7LM-HucDUso\/VHtdGdhiNDI\/AAAAAAAABos\/1c4Bq_knfjI\/s1600\/COOP%2BRIACHIUELO%2BPRODUCCIONES.jpg\" height=\"58\" width=\"200\" \/><\/a><\/span><\/span><\/div>\n","protected":false},"excerpt":{"rendered":"<p>las Madres de ituzaing\u00d3 RENUEVAN PERMANENTEMENTE SU LUCHA&nbsp; \u00abSi no nos dejan so\u00f1ar, no los dejaremos dormir\u00bb Respaldando una movida ecol\u00f3gica y social con los vecinos de Malvinas Argentinas, el m\u00fasico Manu Chao regresa a C\u00f3rdoba para tocar el domingo 30 de noviembre desde las 20 en Plaza de la M\u00fasica.Con el lema \u00abFuera Monsanto\u00bb, [&hellip;]<\/p>\n","protected":false},"author":4,"featured_media":0,"comment_status":"open","ping_status":"open","sticky":false,"template":"","format":"standard","meta":{"_monsterinsights_skip_tracking":false,"_monsterinsights_sitenote_active":false,"_monsterinsights_sitenote_note":"","_monsterinsights_sitenote_category":0,"jnews-multi-image_gallery":[],"jnews_single_post":{"format":"standard"},"jnews_primary_category":[],"_joinchat":[],"footnotes":""},"categories":[58],"tags":[152,94],"class_list":["post-929","post","type-post","status-publish","format-standard","hentry","category-noticiariachuelo","tag-cultura","tag-soberania-alimentaria"],"_links":{"self":[{"href":"http:\/\/fmriachuelo.it10.com.ar\/index.php\/wp-json\/wp\/v2\/posts\/929","targetHints":{"allow":["GET"]}}],"collection":[{"href":"http:\/\/fmriachuelo.it10.com.ar\/index.php\/wp-json\/wp\/v2\/posts"}],"about":[{"href":"http:\/\/fmriachuelo.it10.com.ar\/index.php\/wp-json\/wp\/v2\/types\/post"}],"author":[{"embeddable":true,"href":"http:\/\/fmriachuelo.it10.com.ar\/index.php\/wp-json\/wp\/v2\/users\/4"}],"replies":[{"embeddable":true,"href":"http:\/\/fmriachuelo.it10.com.ar\/index.php\/wp-json\/wp\/v2\/comments?post=929"}],"version-history":[{"count":1,"href":"http:\/\/fmriachuelo.it10.com.ar\/index.php\/wp-json\/wp\/v2\/posts\/929\/revisions"}],"predecessor-version":[{"id":21977,"href":"http:\/\/fmriachuelo.it10.com.ar\/index.php\/wp-json\/wp\/v2\/posts\/929\/revisions\/21977"}],"wp:attachment":[{"href":"http:\/\/fmriachuelo.it10.com.ar\/index.php\/wp-json\/wp\/v2\/media?parent=929"}],"wp:term":[{"taxonomy":"category","embeddable":true,"href":"http:\/\/fmriachuelo.it10.com.ar\/index.php\/wp-json\/wp\/v2\/categories?post=929"},{"taxonomy":"post_tag","embeddable":true,"href":"http:\/\/fmriachuelo.it10.com.ar\/index.php\/wp-json\/wp\/v2\/tags?post=929"}],"curies":[{"name":"wp","href":"https:\/\/api.w.org\/{rel}","templated":true}]}}