{"id":9285,"date":"2019-03-20T22:53:08","date_gmt":"2019-03-20T22:53:08","guid":{"rendered":"http:\/\/fmriachuelo.com.ar\/?p=9285"},"modified":"2019-03-20T22:53:08","modified_gmt":"2019-03-20T22:53:08","slug":"jornada-nacional-de-lucha-de-movimientos-populares-nos-enorgullecen-nuestros-companerxs-y-su-grado-de-amor-al-pueblo","status":"publish","type":"post","link":"http:\/\/fmriachuelo.it10.com.ar\/index.php\/2019\/03\/20\/jornada-nacional-de-lucha-de-movimientos-populares-nos-enorgullecen-nuestros-companerxs-y-su-grado-de-amor-al-pueblo\/","title":{"rendered":"JORNADA NACIONAL DE LUCHA DE MOVIMIENTOS POPULARES: \u00abNOS ENORGULLECEN NUESTROS COMPA\u00d1ERXS Y SU GRADO DE AMOR AL PUEBLO\u00bb"},"content":{"rendered":"<p><strong>[FM RIACHUELO 20\/03\/2019]\u00a0Hoy se llev\u00f3 adelante la jornada nacional de lucha de los movimientos populares con cortes y ollas en distintos puntos del pa\u00eds. CTEP, CCC, Barrios de Pie y diversas agrupaciones sociales le exigieron al gobierno nacional medidas urgentes para paliar la crisis que golpea con m\u00e1s fuerza a los sectores populares. Rompe el Cerco Informativo dialog\u00f3 con los dirigentes de la CTEP, Esteban \u00abGringo\u00bb Castro (Secretario General) y Lito Borello (Secretario de Derechos Humanos).<\/strong><\/p>\n<p>Esteban \u00abGringo\u00bb Castro remarc\u00f3 <em>\u00abla decisi\u00f3n de \u00e9ste gobierno es llevarnos a la desocupaci\u00f3n y al hambre, pero los compa\u00f1eros y compa\u00f1eras est\u00e1n salv\u00e1ndole la vida a los pibes y evitando el hambre y la desnutrici\u00f3n. Hay que instalar el orgullo que nos da a quienes integramos los movimientos populares el saber que tenemos compa\u00f1eros con ese grado de amor al pueblo\u00bb.<\/em><\/p>\n<p>Por su parte Lito Borello celebr\u00f3 que \u00ab<em>hubo alrededor de un centenar de lugares en donde se llevaron adelante medidas diferentes pero en el marco de esta jornada nacional. Se van creando procesos multisectoriales de unidad\u00bb<\/em>, y agreg\u00f3 que <em>\u00abel pueblo va creciendo en su nivel de conciencia, la bronca se va transformando en organizaci\u00f3n, y esa organizaci\u00f3n es la correlaci\u00f3n de fuerza que va a permitir no solo resistir sino ir por la construcci\u00f3n de otra sociedad\u00bb.<\/em><\/p>\n<p>El secretario de Derechos Humanos de la CTEP tambi\u00e9n resalt\u00f3 que <em>\u00abes importante el balance en cada una de las organizaciones al regreso al territorio. Hay que transmitir un balance positivo, que mas all\u00e1 de que el gobierno (a trav\u00e9s de sus medios hegem\u00f3nicos) quiere hacer creer que es sordo a los reclamos de los nuestros, que quede claro que \u00e9ste es el recorrido que hay que ir haciendo para construir esa masa cr\u00edtica necesaria para el otro mundo posible\u00bb.<\/em><\/p>\n<p>El referente tambi\u00e9n remarc\u00f3 <em>\u00abcada vez se acerca m\u00e1s gente a las organizaciones, que ve cuando salimos a la vereda o cuando abrimos un mercado popular, y va construyendo confianza en medio de una crisis muy fuerte de una casta pol\u00edtica degradada y decadente. Es importante que las organizaciones den lugar a los compa\u00f1eros que est\u00e1n buscando una trinchera, desde donde sacar la bronca y transformarla en algo mas que bronca, en organizaci\u00f3n\u00bb.<\/em> Por \u00faltimo record\u00f3 el cumplea\u00f1os que se celebra este 22 de marzo del militante social Martin \u00abOso\u00bb Cisneros: <em>\u00abno lo recordamos en el d\u00eda de su muerte, lo recordamos en vida. Por eso cada 22 de marzo Martin vuelve a nacer\u00bb.<\/em><\/p>\n<p>Escucha las entrevistas completas en los enlaces:<\/p>\n<p><a href=\"https:\/\/ar.radiocut.fm\/audiocut\/la-bronca-se-va-transformando-en-organizacion-lito-borello-sec-ddhh-ctep\/\">https:\/\/ar.radiocut.fm\/audiocut\/la-bronca-se-va-transformando-en-organizacion-lito-borello-sec-ddhh-ctep\/<\/a><\/p>\n<p><a href=\"https:\/\/radiocut.fm\/audiocut\/nos-enorgullecen-nuestros-companerxs-y-su-grado-de-amor-al-pueblo-gringo-castro-sec-gral-ctep\/\">https:\/\/radiocut.fm\/audiocut\/nos-enorgullecen-nuestros-companerxs-y-su-grado-de-amor-al-pueblo-gringo-castro-sec-gral-ctep\/<\/a><\/p>\n<p>&nbsp;<\/p>\n","protected":false},"excerpt":{"rendered":"<p>[FM RIACHUELO 20\/03\/2019]\u00a0Hoy se llev\u00f3 adelante la jornada nacional de lucha de los movimientos populares con cortes y ollas en distintos puntos del pa\u00eds. CTEP, CCC, Barrios de Pie y diversas agrupaciones sociales le exigieron al gobierno nacional medidas urgentes para paliar la crisis que golpea con m\u00e1s fuerza a los sectores populares. Rompe el [&hellip;]<\/p>\n","protected":false},"author":5,"featured_media":9287,"comment_status":"open","ping_status":"open","sticky":false,"template":"","format":"standard","meta":{"_monsterinsights_skip_tracking":false,"_monsterinsights_sitenote_active":false,"_monsterinsights_sitenote_note":"","_monsterinsights_sitenote_category":0,"jnews-multi-image_gallery":[],"jnews_single_post":[],"jnews_primary_category":[],"_joinchat":[],"footnotes":""},"categories":[76],"tags":[],"class_list":["post-9285","post","type-post","status-publish","format-standard","has-post-thumbnail","hentry","category-salud-comunitaria"],"_links":{"self":[{"href":"http:\/\/fmriachuelo.it10.com.ar\/index.php\/wp-json\/wp\/v2\/posts\/9285","targetHints":{"allow":["GET"]}}],"collection":[{"href":"http:\/\/fmriachuelo.it10.com.ar\/index.php\/wp-json\/wp\/v2\/posts"}],"about":[{"href":"http:\/\/fmriachuelo.it10.com.ar\/index.php\/wp-json\/wp\/v2\/types\/post"}],"author":[{"embeddable":true,"href":"http:\/\/fmriachuelo.it10.com.ar\/index.php\/wp-json\/wp\/v2\/users\/5"}],"replies":[{"embeddable":true,"href":"http:\/\/fmriachuelo.it10.com.ar\/index.php\/wp-json\/wp\/v2\/comments?post=9285"}],"version-history":[{"count":0,"href":"http:\/\/fmriachuelo.it10.com.ar\/index.php\/wp-json\/wp\/v2\/posts\/9285\/revisions"}],"wp:featuredmedia":[{"embeddable":true,"href":"http:\/\/fmriachuelo.it10.com.ar\/index.php\/wp-json\/"}],"wp:attachment":[{"href":"http:\/\/fmriachuelo.it10.com.ar\/index.php\/wp-json\/wp\/v2\/media?parent=9285"}],"wp:term":[{"taxonomy":"category","embeddable":true,"href":"http:\/\/fmriachuelo.it10.com.ar\/index.php\/wp-json\/wp\/v2\/categories?post=9285"},{"taxonomy":"post_tag","embeddable":true,"href":"http:\/\/fmriachuelo.it10.com.ar\/index.php\/wp-json\/wp\/v2\/tags?post=9285"}],"curies":[{"name":"wp","href":"https:\/\/api.w.org\/{rel}","templated":true}]}}