{"id":927,"date":"2014-11-30T00:13:00","date_gmt":"2014-11-30T00:13:00","guid":{"rendered":"http:\/\/fmriachuelo.observatorioess.org.ar\/index.php\/2014\/11\/30\/foro-y-feria-de-la-economia-popular-en-plaza-de-mayo\/"},"modified":"2025-03-17T11:28:49","modified_gmt":"2025-03-17T14:28:49","slug":"foro-y-feria-de-la-economia-popular-en-plaza-de-mayo","status":"publish","type":"post","link":"http:\/\/fmriachuelo.it10.com.ar\/index.php\/2014\/11\/30\/foro-y-feria-de-la-economia-popular-en-plaza-de-mayo\/","title":{"rendered":"FORO Y FERIA DE LA ECONOM\u00cdA POPULAR EN PLAZA DE MAYO"},"content":{"rendered":"<p><span style=\"font-family: Verdana, sans-serif\">LO QUE LOS MEDIOS SILENCIAN<\/span><br \/><a href=\"http:\/\/3.bp.blogspot.com\/-uUsal04F-pA\/VHursEYYi4I\/AAAAAAAABp4\/4mEuUgSGDRI\/s1600\/pza%2Bmayo%2B1.jpg\" style=\"clear: left;float: left;margin-bottom: 1em;margin-right: 1em\"><img loading=\"lazy\" decoding=\"async\" border=\"0\" src=\"http:\/\/3.bp.blogspot.com\/-uUsal04F-pA\/VHursEYYi4I\/AAAAAAAABp4\/4mEuUgSGDRI\/s1600\/pza%2Bmayo%2B1.jpg\" height=\"132\" width=\"200\" \/><\/a><b><span style=\"color: red;font-family: Verdana;font-size: large\">LA CLASE OBRERA DEL SIGLO XXI<\/span><\/b><br \/><a href=\"http:\/\/3.bp.blogspot.com\/-TKSt2V1Fn_U\/VHurxXO8n7I\/AAAAAAAABqA\/t2OgFutnH_Q\/s1600\/pza%2Bmayo%2B3.jpg\" style=\"clear: left;float: left;margin-bottom: 1em;margin-right: 1em\"><img loading=\"lazy\" decoding=\"async\" border=\"0\" src=\"http:\/\/3.bp.blogspot.com\/-TKSt2V1Fn_U\/VHurxXO8n7I\/AAAAAAAABqA\/t2OgFutnH_Q\/s1600\/pza%2Bmayo%2B3.jpg\" height=\"132\" width=\"200\" \/><\/a><span style=\"color: black;font-family: Verdana\">Durante la jornada de este s\u00e1bado, 28 de noviembre, los trabajadores de la Econom\u00eda Popular ocuparon con m\u00e1s de 150 puestos la &nbsp;Plaza de Mayo, en donde se llev\u00f3 a cabo la <b>Feria de Productores y el Foro de la Econom\u00eda Popular<\/b> que organiz\u00f3 la Confederaci\u00f3n de Trabajadores de la Econom\u00eda Popular, Ctep.<\/span><br \/><a href=\"http:\/\/2.bp.blogspot.com\/-fWhGab_i-jk\/VHur3e7ebZI\/AAAAAAAABqI\/FrEj1Blo0Hk\/s1600\/pza%2Bmayo%2B10.jpg\" style=\"clear: left;float: left;margin-bottom: 1em;margin-right: 1em\"><img loading=\"lazy\" decoding=\"async\" border=\"0\" src=\"http:\/\/2.bp.blogspot.com\/-fWhGab_i-jk\/VHur3e7ebZI\/AAAAAAAABqI\/FrEj1Blo0Hk\/s1600\/pza%2Bmayo%2B10.jpg\" height=\"133\" width=\"200\" \/><\/a><span style=\"font-family: Verdana\">Plaza de Mayo, este s\u00e1bado se llen\u00f3 de puestos de productores llegados desde&nbsp;distintos rincones del pa\u00eds que asistieron al 1\u00ba Encuentro de Econom\u00eda Popular y acercaron sus elaboraciones artesanales para hacerlos llegar directamente al p\u00fablico y sin intermediarios.&nbsp;<\/span><br \/><a name='more'><\/a><br \/><span style=\"color: black;font-family: Verdana;font-size: small\">Productos envasados, de las agriculturas familiares, frescos, artesanales, textiles, hechos a mano, artesan\u00edas. Acompa\u00f1\u00f3 la jornada una radio abierta en donde se escuch\u00f3 la voz de estos trabajadores, que se halla silenciada en otros medios.<\/span><\/p>\n<div style=\"clear: both;text-align: center\"><a href=\"http:\/\/2.bp.blogspot.com\/-ithpnlORcR4\/VHuvhd5IyXI\/AAAAAAAABqs\/jjc5yJ85Fak\/s1600\/pza%2Bmayo%2B2.jpg\" style=\"clear: left;float: left;margin-bottom: 1em;margin-right: 1em\"><img loading=\"lazy\" decoding=\"async\" border=\"0\" src=\"http:\/\/2.bp.blogspot.com\/-ithpnlORcR4\/VHuvhd5IyXI\/AAAAAAAABqs\/jjc5yJ85Fak\/s1600\/pza%2Bmayo%2B2.jpg\" height=\"133\" width=\"200\" \/><\/a><\/div>\n<p><a href=\"http:\/\/4.bp.blogspot.com\/-G9324wC-x0g\/VHuvBPjpW2I\/AAAAAAAABqk\/8Mm_0kOBc78\/s1600\/1417290915601.jpg\" style=\"clear: left;float: left;margin-bottom: 1em;margin-right: 1em\"><img loading=\"lazy\" decoding=\"async\" border=\"0\" src=\"http:\/\/4.bp.blogspot.com\/-G9324wC-x0g\/VHuvBPjpW2I\/AAAAAAAABqk\/8Mm_0kOBc78\/s1600\/1417290915601.jpg\" height=\"150\" width=\"200\" \/><\/a><span style=\"font-family: Verdana\">Al mismo tiempo se desarroll\u00f3 el <b>Foro de la Econom\u00eda Popular<\/b>, en una gran carpa con capacidad para 100 personas sentadas, instalada a tal efecto,&nbsp;en donde los trabajadores debatieron en&nbsp;los diferentes paneles: Problem\u00e1ticas de la producci\u00f3n y comercializaci\u00f3n Popular, \u00bfPor qu\u00e9 un gremio de la Econom\u00eda Popular? y Experiencias de Nuestramerica de producci\u00f3n y comercializaci\u00f3n (Coordinado por el Alba de los Movimientos Sociales). El Foro tuvo como cierre las palabras del Secretario General de la Ctep, Esteban Castro.<\/span><\/p>\n<div style=\"clear: both;text-align: center\"><a href=\"http:\/\/3.bp.blogspot.com\/-zD1aspSz9VI\/VHuuddl1qzI\/AAAAAAAABqU\/RKthc8a4Hxc\/s1600\/pza%2Bmayo%2B5.jpg\" style=\"clear: left;float: left;margin-bottom: 1em;margin-right: 1em\"><img loading=\"lazy\" decoding=\"async\" border=\"0\" src=\"http:\/\/3.bp.blogspot.com\/-zD1aspSz9VI\/VHuuddl1qzI\/AAAAAAAABqU\/RKthc8a4Hxc\/s1600\/pza%2Bmayo%2B5.jpg\" height=\"133\" width=\"200\" \/><\/a><\/div>\n<p><a href=\"http:\/\/4.bp.blogspot.com\/-BvaJwFQ3m7Y\/VHuuiCSbTjI\/AAAAAAAABqc\/1nhlohQfvzg\/s1600\/pza%2Bmayo%2B7.jpg\" style=\"clear: left;float: left;margin-bottom: 1em;margin-right: 1em\"><img loading=\"lazy\" decoding=\"async\" border=\"0\" src=\"http:\/\/4.bp.blogspot.com\/-BvaJwFQ3m7Y\/VHuuiCSbTjI\/AAAAAAAABqc\/1nhlohQfvzg\/s1600\/pza%2Bmayo%2B7.jpg\" height=\"133\" width=\"200\" \/><\/a><span style=\"font-family: Verdana, sans-serif\">En el primer panel tomaron la palabra los referentes de las experiencias de producci\u00f3n de la econom\u00eda popular que compartieron sus experiencias y las dificultades en la producci\u00f3n de bienes, servicios y viviendas.<\/span><br \/><span style=\"font-family: Verdana\">En el segundo panel, se ubic\u00f3 la importancia del trabajo y la modificaci\u00f3n que se produce en la condici\u00f3n de trabajador a partir del momento en que se transforma la clase obrera tradicional por el pasaje al capitalismo financiero.&nbsp; <\/span><br \/><span style=\"font-family: Verdana\">En ese contexto se ubic\u00f3 a una nueva clase de trabajadores que aunque ya no son asalariados tradicionales, necesitan la regulaci\u00f3n y dignificaci\u00f3n de su trabajo. <\/span><br \/><span style=\"font-family: Verdana\">El \u00faltimo panel estuvo integrado por los expositores de la Patria Grande, que relataron las experiencias cooperativas de producci\u00f3n de Brasil y Cuba.<\/span><br \/><span style=\"font-family: Verdana\">Para dar por finalizado el Foro, el Secretario General Esteban Castro cerr\u00f3 con unas palabras en donde ubic\u00f3 la importancia de estas dos jornadas de intenso trabajo e intercambio.<\/span><br \/><span style=\"font-family: Verdana\"><span style=\"font-size: x-small\"><span style=\"color: #45818e\"><b>FUENTE: FOTOS CTEP Y FM RIACHUELO<\/b><\/span><\/span><\/span><\/p>\n<div style=\"clear: both;text-align: center\"><a href=\"http:\/\/3.bp.blogspot.com\/-7mGM8HmL-Pw\/VHuyVWPymaI\/AAAAAAAABq4\/2YFDAUnU77E\/s1600\/COOP%2BRIACHIUELO%2BPRODUCCIONES.jpg\" style=\"clear: left;float: left;margin-bottom: 1em;margin-right: 1em\"><img loading=\"lazy\" decoding=\"async\" border=\"0\" src=\"http:\/\/3.bp.blogspot.com\/-7mGM8HmL-Pw\/VHuyVWPymaI\/AAAAAAAABq4\/2YFDAUnU77E\/s1600\/COOP%2BRIACHIUELO%2BPRODUCCIONES.jpg\" height=\"58\" width=\"200\" \/><\/a><\/div>\n","protected":false},"excerpt":{"rendered":"<p>LO QUE LOS MEDIOS SILENCIANLA CLASE OBRERA DEL SIGLO XXIDurante la jornada de este s\u00e1bado, 28 de noviembre, los trabajadores de la Econom\u00eda Popular ocuparon con m\u00e1s de 150 puestos la &nbsp;Plaza de Mayo, en donde se llev\u00f3 a cabo la Feria de Productores y el Foro de la Econom\u00eda Popular que organiz\u00f3 la Confederaci\u00f3n [&hellip;]<\/p>\n","protected":false},"author":4,"featured_media":0,"comment_status":"open","ping_status":"open","sticky":false,"template":"","format":"standard","meta":{"_monsterinsights_skip_tracking":false,"_monsterinsights_sitenote_active":false,"_monsterinsights_sitenote_note":"","_monsterinsights_sitenote_category":0,"jnews-multi-image_gallery":[],"jnews_single_post":{"format":"standard"},"jnews_primary_category":[],"_joinchat":[],"footnotes":""},"categories":[58],"tags":[64,148],"class_list":["post-927","post","type-post","status-publish","format-standard","hentry","category-noticiariachuelo","tag-economia-popular","tag-trabajo"],"_links":{"self":[{"href":"http:\/\/fmriachuelo.it10.com.ar\/index.php\/wp-json\/wp\/v2\/posts\/927","targetHints":{"allow":["GET"]}}],"collection":[{"href":"http:\/\/fmriachuelo.it10.com.ar\/index.php\/wp-json\/wp\/v2\/posts"}],"about":[{"href":"http:\/\/fmriachuelo.it10.com.ar\/index.php\/wp-json\/wp\/v2\/types\/post"}],"author":[{"embeddable":true,"href":"http:\/\/fmriachuelo.it10.com.ar\/index.php\/wp-json\/wp\/v2\/users\/4"}],"replies":[{"embeddable":true,"href":"http:\/\/fmriachuelo.it10.com.ar\/index.php\/wp-json\/wp\/v2\/comments?post=927"}],"version-history":[{"count":1,"href":"http:\/\/fmriachuelo.it10.com.ar\/index.php\/wp-json\/wp\/v2\/posts\/927\/revisions"}],"predecessor-version":[{"id":21979,"href":"http:\/\/fmriachuelo.it10.com.ar\/index.php\/wp-json\/wp\/v2\/posts\/927\/revisions\/21979"}],"wp:attachment":[{"href":"http:\/\/fmriachuelo.it10.com.ar\/index.php\/wp-json\/wp\/v2\/media?parent=927"}],"wp:term":[{"taxonomy":"category","embeddable":true,"href":"http:\/\/fmriachuelo.it10.com.ar\/index.php\/wp-json\/wp\/v2\/categories?post=927"},{"taxonomy":"post_tag","embeddable":true,"href":"http:\/\/fmriachuelo.it10.com.ar\/index.php\/wp-json\/wp\/v2\/tags?post=927"}],"curies":[{"name":"wp","href":"https:\/\/api.w.org\/{rel}","templated":true}]}}