{"id":9269,"date":"2019-03-20T19:13:34","date_gmt":"2019-03-20T19:13:34","guid":{"rendered":"http:\/\/fmriachuelo.com.ar\/?p=9269"},"modified":"2019-03-20T19:13:34","modified_gmt":"2019-03-20T19:13:34","slug":"jornada-de-lucha-nacional-cortes-y-ollas-populares","status":"publish","type":"post","link":"http:\/\/fmriachuelo.it10.com.ar\/index.php\/2019\/03\/20\/jornada-de-lucha-nacional-cortes-y-ollas-populares\/","title":{"rendered":"JORNADA DE LUCHA NACIONAL: CORTES Y OLLAS POPULARES"},"content":{"rendered":"<p><strong>[FM Riachuelo 20\/03\/2019]\u00a0En el d\u00eda de hoy los movimientos populares llevaron adelante una gran Jornada de Lucha a nivel Nacional. A trav\u00e9s de la red de corresponsales populares FM Riachuelo estuvo presente en los cortes y ollas populares que se desarrollaron en los diferentes territorios. <\/strong><\/p>\n<p>En el barrio de La Boca la Organizaci\u00f3n Social y Pol\u00edtica Los Pibes junto a la Cooperativa de Recicladores y Cartoneros de La Boca, el Merendero Madres en Lucha y el Comedor San Jorge, cortaron durante la ma\u00f1ana el Puente Nicol\u00e1s Avellaneda bajo la consigna \u00abLUCHE Y SE VAN\u00bb. All\u00ed Brian de la Cooperativa Recicladores y Cartoneros de La Boca expres\u00f3: \u201d Venimos a la calle a decirle NO al gobierno de Macri, queremos que se vayan, este gobierno no da para m\u00e1s, es un gobierno para un pu\u00f1ado de hijos de su madre que nos viven saqueando el pa\u00eds cada d\u00eda. As\u00ed que nosotros le respondemos con organizaci\u00f3n, lucha y resistencia\u201d.<\/p>\n<p><img loading=\"lazy\" decoding=\"async\" class=\"alignnone size-full wp-image-9271\" src=\"http:\/\/fmriachuelo.com.ar\/wp-content\/uploads\/2019\/03\/WhatsApp-Image-2019-03-20-at-10.46.55.jpeg\" alt=\"\" width=\"1280\" height=\"960\" \/><\/p>\n<p>En Avellaneda una gran cantidad de organizaciones populares march\u00f3 al\u00a0al Puente Pueyrred\u00f3n.\u00a0Luciano \u00c1lvarez, referente de la Casa Popular el Fog\u00f3n, que integra la mesa de organizaciones sociales de Avellaneda, nos dec\u00eda: \u00abestamos en el Puente Pueyrred\u00f3n con un dispositivo militar de la prefectura naval y de la polic\u00eda Federal descomunal. Totalmente alejado del esp\u00edritu de las organizaciones, que era poder manifestar por el nivel de hambre y de miseria que el Gobierno de Mauricio Macri viene instalando en nuestra sociedad. La intenci\u00f3n era poder subir al puente y hacer una asamblea, y el dispositivo militar no nos est\u00e1 dejando acercarnos. Est\u00e1 en una situaci\u00f3n de provocaci\u00f3n permanente contra los y las compa\u00f1eras de las organizaciones populares\u201d.<\/p>\n<p><img loading=\"lazy\" decoding=\"async\" class=\"alignnone size-full wp-image-9278\" src=\"http:\/\/fmriachuelo.com.ar\/wp-content\/uploads\/2019\/03\/WhatsApp-Image-2019-03-20-at-13.29.41-1.jpeg\" alt=\"\" width=\"736\" height=\"484\" \/><\/p>\n<p>Por su parte La Comunidad Pacheco, en unidad con otras agrupaciones que vienen trabajando sobre el eje de la soberan\u00eda alimentaria con sus huertas, estuvieron presentes en el corte de Panamericana y 197 en la zona norte del Gran Buenos Aires. Valeria Gracia, Coordinadora de dicha organizaci\u00f3n manifest\u00f3: \u201dLas razones son claras: necesitamos alimento y trabajo para nuestro Pueblo. Esta situaci\u00f3n no se sostiene m\u00e1s. Estamos ac\u00e1 con muchas organizaciones llenando la colectora de Panamericana. Estamos diciendo \u00a1Basta! Basta a este gobierno, basta a esta situaci\u00f3n de miseria, basta a todo lo que nos est\u00e1n proponiendo desde el Gobierno. Necesitamos que esto sea de otra manera y lo vamos a decir en la calle, porque la calle es nuestro lugar\u201d.<\/p>\n<p><img loading=\"lazy\" decoding=\"async\" class=\"alignnone size-full wp-image-9277\" src=\"http:\/\/fmriachuelo.com.ar\/wp-content\/uploads\/2019\/03\/WhatsApp-Image-2019-03-20-at-12.59.24.jpeg\" alt=\"\" width=\"1280\" height=\"959\" \/><\/p>\n<p>En la ciudad de La Paz, Entre R\u00edos, los movimientos populares tambi\u00e9n salieron a decir\u00a0\u201dBASTA DE HAMBRE! \u201d y a exigir que se declare la Emergencia Alimentaria.\u00a0Juan Carlos S\u00e1nchez dirigente del Frente Barrial Pocho Lepratti, nos cont\u00f3: \u201dTenemos varios puntos que reclamar: Pedir que lo alimentario y laboral sea una pol\u00edtica de Estado. Y aclarar que las poblaciones m\u00e1s castigadas por esta crisis son los ni\u00f1os y las personas mayores. Es por eso que exigimos por la emergencia l\u00e1ctea, porque la leche es algo muy importante para nuestra vida. Y ac\u00e1 una caja de 200 gr. sale alrededor de 180 pesos\u201d.<\/p>\n<p><img loading=\"lazy\" decoding=\"async\" class=\"alignnone size-full wp-image-9280\" src=\"http:\/\/fmriachuelo.com.ar\/wp-content\/uploads\/2019\/03\/WhatsApp-Image-2019-03-20-at-12.14.48.jpeg\" alt=\"\" width=\"774\" height=\"1032\" \/><\/p>\n<p>Sobre el final de la jornada Lito Borello, Secretario de DDHH de la CTEP declar\u00f3: \u00abEl gobierno Nacional de Mauricio Macri est\u00e1 empujando a la sociedad a la desesperaci\u00f3n del hambre y a la angustia del desempleo. Basta! tienen que escuchar los reclamos. Que dejen de pensar solamente en sus negocios y que atiendan el hambre y las necesidades de nuestro pueblo\u00bb.<\/p>\n<p>Hoy a las 18 hs. en Rompe Cerco Informativo tendremos la cobertura completa de esta gran jornada de Lucha y Resistencia. Escuchalo en FM Riachuelo 100.9<\/p>\n","protected":false},"excerpt":{"rendered":"<p>[FM Riachuelo 20\/03\/2019]\u00a0En el d\u00eda de hoy los movimientos populares llevaron adelante una gran Jornada de Lucha a nivel Nacional. A trav\u00e9s de la red de corresponsales populares FM Riachuelo estuvo presente en los cortes y ollas populares que se desarrollaron en los diferentes territorios. En el barrio de La Boca la Organizaci\u00f3n Social y [&hellip;]<\/p>\n","protected":false},"author":5,"featured_media":9274,"comment_status":"open","ping_status":"open","sticky":false,"template":"","format":"standard","meta":{"_monsterinsights_skip_tracking":false,"_monsterinsights_sitenote_active":false,"_monsterinsights_sitenote_note":"","_monsterinsights_sitenote_category":0,"jnews-multi-image_gallery":[],"jnews_single_post":[],"jnews_primary_category":[],"_joinchat":[],"footnotes":""},"categories":[76,74,75],"tags":[],"class_list":["post-9269","post","type-post","status-publish","format-standard","has-post-thumbnail","hentry","category-salud-comunitaria","category-san-cayetano","category-trabajo"],"_links":{"self":[{"href":"http:\/\/fmriachuelo.it10.com.ar\/index.php\/wp-json\/wp\/v2\/posts\/9269","targetHints":{"allow":["GET"]}}],"collection":[{"href":"http:\/\/fmriachuelo.it10.com.ar\/index.php\/wp-json\/wp\/v2\/posts"}],"about":[{"href":"http:\/\/fmriachuelo.it10.com.ar\/index.php\/wp-json\/wp\/v2\/types\/post"}],"author":[{"embeddable":true,"href":"http:\/\/fmriachuelo.it10.com.ar\/index.php\/wp-json\/wp\/v2\/users\/5"}],"replies":[{"embeddable":true,"href":"http:\/\/fmriachuelo.it10.com.ar\/index.php\/wp-json\/wp\/v2\/comments?post=9269"}],"version-history":[{"count":0,"href":"http:\/\/fmriachuelo.it10.com.ar\/index.php\/wp-json\/wp\/v2\/posts\/9269\/revisions"}],"wp:featuredmedia":[{"embeddable":true,"href":"http:\/\/fmriachuelo.it10.com.ar\/index.php\/wp-json\/"}],"wp:attachment":[{"href":"http:\/\/fmriachuelo.it10.com.ar\/index.php\/wp-json\/wp\/v2\/media?parent=9269"}],"wp:term":[{"taxonomy":"category","embeddable":true,"href":"http:\/\/fmriachuelo.it10.com.ar\/index.php\/wp-json\/wp\/v2\/categories?post=9269"},{"taxonomy":"post_tag","embeddable":true,"href":"http:\/\/fmriachuelo.it10.com.ar\/index.php\/wp-json\/wp\/v2\/tags?post=9269"}],"curies":[{"name":"wp","href":"https:\/\/api.w.org\/{rel}","templated":true}]}}