{"id":9257,"date":"2019-03-20T17:12:34","date_gmt":"2019-03-20T17:12:34","guid":{"rendered":"http:\/\/fmriachuelo.com.ar\/?p=9257"},"modified":"2019-03-20T17:12:34","modified_gmt":"2019-03-20T17:12:34","slug":"luche-y-se-van-corte-y-olla-popular-en-la-boca","status":"publish","type":"post","link":"http:\/\/fmriachuelo.it10.com.ar\/index.php\/2019\/03\/20\/luche-y-se-van-corte-y-olla-popular-en-la-boca\/","title":{"rendered":"LUCHE Y SE VAN: CORTE Y OLLA POPULAR EN LA BOCA"},"content":{"rendered":"<p><strong>[FM Riachuelo 20\/03\/2019]\u00a0 En el marco de la jornada nacional de lucha de los Movimientos Populares y bajo la consigna \u00abLuche y Se Van\u00bb, organizaciones sociales del barrio de la Boca se unieron para cortar\u00a0<\/strong><strong>\u00a0una de las subidas del Puente Nicol\u00e1s Avellaneda hacia el lado Sur.<\/strong><\/p>\n<p>La Organizaci\u00f3n Social y Pol\u00edtica Los Pibes, Cooperativa de Recicladores y Cartoneros, merendero Madres en Lucha y el Comedor San Jorge se movilizaron desde\u00a0 la esquina de Su\u00e1rez y Almirante Brown hacia la bajada del hist\u00f3rico Puente Nicol\u00e1s Avellaneda para expresar\u00a0 la bronca que sienten ante un Gobierno que todos los d\u00edas se encarga de generar m\u00e1s hambre y miseria y para exigir que se vaya Macri.<\/p>\n<p>Entre mates y tortas fritas la jornada de lucha se ti\u00f1\u00f3 de bocinazos de distintos autos y camiones que pasaban por el lugar mostrando su apoyo al reclamo, una muestra clara de la situaci\u00f3n social y econ\u00f3mica que atraviesa a todos los sectores de la sociedad.<\/p>\n<p><img loading=\"lazy\" decoding=\"async\" class=\"alignnone size-full wp-image-9260\" src=\"http:\/\/fmriachuelo.com.ar\/wp-content\/uploads\/2019\/03\/WhatsApp-Image-2019-03-20-at-11.06.54-1.jpeg\" alt=\"\" width=\"1280\" height=\"853\" \/><\/p>\n<p>FM Riachuelo realiz\u00f3 una cobertura especial y convers\u00f3 con la Negra Cano, referente de La Organizaci\u00f3n Social y Pol\u00edtica Los Pibes: \u00abQueremos que se vaya Macri. Ya no podemos sostener nada, ni la olla, ni un poco de agua caliente en nuestra casa por el aumento de tarifas de los servicio. Ya basta de hacernos pasar la miseria\u00bb<\/p>\n<p>Tambi\u00e9n Roxana Cainzos, del merendero Madres en Lucha se hizo presente para decir: \u201cla lucha contin\u00faa, seguimos resistiendo las organizaciones del barrio. Desde el merendero Madres en Lucha nos sumamos a la resistencia popular que hay en todo el pa\u00eds para que se vaya Macri\u201d.<\/p>\n<p>\u201cAc\u00e1 hay un barrio que resiste, que lucha y se organiza contra \u00a0todas las carencias que tiene el barrio como educaci\u00f3n y\u00a0 salud. Venimos a decirle basta al Gobierno de Macri. Hoy respondemos con organizaci\u00f3n, lucha y resistencia\u201d.\u00a0 Con estas palabras de Brian, integrante de la Cooperativa de Recicladores y Cartoneros, \u00a0se levant\u00f3 el corte dejando en claro que hay un barrio que se organiza y resiste en las calles.<\/p>\n","protected":false},"excerpt":{"rendered":"<p>[FM Riachuelo 20\/03\/2019]\u00a0 En el marco de la jornada nacional de lucha de los Movimientos Populares y bajo la consigna \u00abLuche y Se Van\u00bb, organizaciones sociales del barrio de la Boca se unieron para cortar\u00a0\u00a0una de las subidas del Puente Nicol\u00e1s Avellaneda hacia el lado Sur. La Organizaci\u00f3n Social y Pol\u00edtica Los Pibes, Cooperativa de [&hellip;]<\/p>\n","protected":false},"author":5,"featured_media":9259,"comment_status":"open","ping_status":"open","sticky":false,"template":"","format":"standard","meta":{"_monsterinsights_skip_tracking":false,"_monsterinsights_sitenote_active":false,"_monsterinsights_sitenote_note":"","_monsterinsights_sitenote_category":0,"jnews-multi-image_gallery":[],"jnews_single_post":[],"jnews_primary_category":[],"_joinchat":[],"footnotes":""},"categories":[78,76,74,75],"tags":[],"class_list":["post-9257","post","type-post","status-publish","format-standard","has-post-thumbnail","hentry","category-economia-popular","category-salud-comunitaria","category-san-cayetano","category-trabajo"],"_links":{"self":[{"href":"http:\/\/fmriachuelo.it10.com.ar\/index.php\/wp-json\/wp\/v2\/posts\/9257","targetHints":{"allow":["GET"]}}],"collection":[{"href":"http:\/\/fmriachuelo.it10.com.ar\/index.php\/wp-json\/wp\/v2\/posts"}],"about":[{"href":"http:\/\/fmriachuelo.it10.com.ar\/index.php\/wp-json\/wp\/v2\/types\/post"}],"author":[{"embeddable":true,"href":"http:\/\/fmriachuelo.it10.com.ar\/index.php\/wp-json\/wp\/v2\/users\/5"}],"replies":[{"embeddable":true,"href":"http:\/\/fmriachuelo.it10.com.ar\/index.php\/wp-json\/wp\/v2\/comments?post=9257"}],"version-history":[{"count":0,"href":"http:\/\/fmriachuelo.it10.com.ar\/index.php\/wp-json\/wp\/v2\/posts\/9257\/revisions"}],"wp:featuredmedia":[{"embeddable":true,"href":"http:\/\/fmriachuelo.it10.com.ar\/index.php\/wp-json\/"}],"wp:attachment":[{"href":"http:\/\/fmriachuelo.it10.com.ar\/index.php\/wp-json\/wp\/v2\/media?parent=9257"}],"wp:term":[{"taxonomy":"category","embeddable":true,"href":"http:\/\/fmriachuelo.it10.com.ar\/index.php\/wp-json\/wp\/v2\/categories?post=9257"},{"taxonomy":"post_tag","embeddable":true,"href":"http:\/\/fmriachuelo.it10.com.ar\/index.php\/wp-json\/wp\/v2\/tags?post=9257"}],"curies":[{"name":"wp","href":"https:\/\/api.w.org\/{rel}","templated":true}]}}