{"id":9250,"date":"2019-03-20T00:16:40","date_gmt":"2019-03-20T00:16:40","guid":{"rendered":"http:\/\/fmriachuelo.com.ar\/?p=9250"},"modified":"2019-03-20T00:16:40","modified_gmt":"2019-03-20T00:16:40","slug":"hacia-la-jornada-de-lucha-de-los-movimientos-sociales","status":"publish","type":"post","link":"http:\/\/fmriachuelo.it10.com.ar\/index.php\/2019\/03\/20\/hacia-la-jornada-de-lucha-de-los-movimientos-sociales\/","title":{"rendered":"\u00abHACIA LA JORNADA DE LUCHA DE LOS MOVIMIENTOS SOCIALES\u00bb"},"content":{"rendered":"<p><strong>[FM Riachuelo 19\/03\/2019] Ma\u00f1ana mi\u00e9rcoles los Movimientos Populares convocan a una jornada nacional de lucha con asambleas y ollas populares en diferentes puntos del pa\u00eds, para seguir exigiendo una paritaria social con actualizaci\u00f3n de los programas de empleo desfasados por la inflaci\u00f3n y la reincorporaci\u00f3n de trabajadores y trabajadoras dados\/as de baja injustamente.<\/strong><\/p>\n<p>Es por eso que desde el programa Rompe el Cerco Informativo, conversaron con \u00a0referentes de distintos espacios de la Organizaci\u00f3n Social y Pol\u00edtica Los Pibes, Luciano \u00c1lvarez de la Casa Popular El Fog\u00f3n \u00a0de Avellaneda y con Valeria Gracia, Coordinadora de la Comunidad Pacheco, para saber c\u00f3mo lxs trabajadorxs de la econom\u00eda popular se est\u00e1n organizando desde diferentes territorios ante una nueva jornada de lucha en las calles.<\/p>\n<p>Luciano referente del fog\u00f3n cont\u00f3 a RCI como est\u00e1 prevista la jornada de protesta \u00a0en todo el pa\u00eds y como se van a desarrollar las diferentes \u00a0actividades de radio abierta y ollas populares en cada uno de los lugares, expresando y exigiendo la agenda de lxs trabajadorxs de la \u00a0econom\u00eda popular.<\/p>\n<p>\u00c1lvarez dijo: <em><strong>\u201cArranco este a\u00f1o y lejos de que haya habido algo que haya beneficiado a los sectores m\u00e1s humildes, la agenda del gobierno lo que hizo fue seguir incrementando el costo de la vida estamos en una escala inflacionaria gigante que se va comiendo el poder adquisitivo de los salarios de lxs trabajadorxs formales y mucho m\u00e1s de los salarios sociales complementarios de lxs trabajadorxs de la econom\u00eda popular y por sobre eso \u00a0veinte mil salarios sociales complementarios que se han ca\u00eddo, han retirado el monotributo social a much\u00edsimos compa\u00f1erxs , trabajadorxs rurales, as\u00ed que sobre esa agenda es que ma\u00f1ana se va a salir a la calle para extender este debate a toda la base social de nuestros movimientos, y exigirle al gobierno nacional en este caso, en la cabeza de Mat\u00edas kelly que es el Secretario de Econom\u00eda Social del Ministerio de Desarrollo, que se retrotraigan todas estas medidas, que por sobre el rumbo de la pol\u00edtica econ\u00f3mica del gobierno nacional que est\u00e1 destrozando la econom\u00eda general de los argentinos, encima las medidas que tomo adelante en el ministerio de desarrollo se lo empeoraron a\u00fan m\u00e1s a esos sesenta mil \u00a0compa\u00f1erxs \u00a0que perdieron los monotributos sociales\u201d.<\/strong><\/em><\/p>\n<p>Por eso ma\u00f1ana mi\u00e9rcoles a partir de las 10hs van a estar concentrando en Plaza Alsina en el Partido de Avellaneda, junto a otras organizaciones y movimientos sociales, para confluir hasta el Puente Pueyrred\u00f3n en donde van a concluir con una asamblea arriba del puente a las 13hs.<\/p>\n<p>Luciano agrego:<em><strong> \u201cEsperemos que prime la cordura en el gobierno nacional, esperemos que la mente m\u00e1s l\u00facidas de Patricia Bullrich y todos los Bulldog, que se dedican a perseguir y reprimir a lxs trabajadorxs de la econom\u00eda popular, ma\u00f1ana \u00a0no quieran generar un nuevo hecho de violencia la intenci\u00f3n nuestra no es m\u00e1s ni menos que visibilizar este reclamo, y lograr que se retrotraigan estas medidas y que no se siga empeorando la vida de lxs trabajadorxs de la econom\u00eda popular\u201d.<\/strong><\/em><\/p>\n<p>Para finalizar dijo: <em><strong>\u201cPara nosotrxs cada d\u00eda que pasa es un d\u00eda m\u00e1s de p\u00e9rdida de derechos de puestos de trabajos, nosotros creemos que este gobierno ya se tendr\u00eda que haber ido lo antes posible para no seguir da\u00f1ando a nuestro pueblo, mientras tanto tenemos que salir y exigir, que en cada una de estas peque\u00f1as medidas como los monotributos sociales no nos metan un hachazo m\u00e1s a nuestros derechos\u201d.<\/strong><\/em><\/p>\n<p>Desde la comunidad de Pacheco\u00a0 en zona norte tambien hay organizaci\u00f3n, van a concentrar todas las agrupaciones en un punto clave para expresar el reclamo de lxs trabajadorxs de la econom\u00eda popular.<\/p>\n<p>Valeria dijo:<em><strong> \u201cMa\u00f1ana estaremos las organizaciones de la econom\u00eda popular, que somos las que estamos en esto de defender nuestro alimento, defender nuestra soberan\u00eda y estar preocupados porque el pueblo no solo se alimente, sino que se alimente bien\u201d.<\/strong><\/em><\/p>\n<p>Ma\u00f1ana al mediod\u00eda a las 12hs van a estar concentrando en panamericana y 197, para expresar en una jornada de lucha con ollas populares que nuestro pueblo necesita comer y comer sano.<\/p>\n<p>&nbsp;<\/p>\n","protected":false},"excerpt":{"rendered":"<p>[FM Riachuelo 19\/03\/2019] Ma\u00f1ana mi\u00e9rcoles los Movimientos Populares convocan a una jornada nacional de lucha con asambleas y ollas populares en diferentes puntos del pa\u00eds, para seguir exigiendo una paritaria social con actualizaci\u00f3n de los programas de empleo desfasados por la inflaci\u00f3n y la reincorporaci\u00f3n de trabajadores y trabajadoras dados\/as de baja injustamente. Es por [&hellip;]<\/p>\n","protected":false},"author":5,"featured_media":9216,"comment_status":"open","ping_status":"open","sticky":false,"template":"","format":"standard","meta":{"_monsterinsights_skip_tracking":false,"_monsterinsights_sitenote_active":false,"_monsterinsights_sitenote_note":"","_monsterinsights_sitenote_category":0,"jnews-multi-image_gallery":[],"jnews_single_post":[],"jnews_primary_category":[],"_joinchat":[],"footnotes":""},"categories":[78,76,74,75],"tags":[],"class_list":["post-9250","post","type-post","status-publish","format-standard","has-post-thumbnail","hentry","category-economia-popular","category-salud-comunitaria","category-san-cayetano","category-trabajo"],"_links":{"self":[{"href":"http:\/\/fmriachuelo.it10.com.ar\/index.php\/wp-json\/wp\/v2\/posts\/9250","targetHints":{"allow":["GET"]}}],"collection":[{"href":"http:\/\/fmriachuelo.it10.com.ar\/index.php\/wp-json\/wp\/v2\/posts"}],"about":[{"href":"http:\/\/fmriachuelo.it10.com.ar\/index.php\/wp-json\/wp\/v2\/types\/post"}],"author":[{"embeddable":true,"href":"http:\/\/fmriachuelo.it10.com.ar\/index.php\/wp-json\/wp\/v2\/users\/5"}],"replies":[{"embeddable":true,"href":"http:\/\/fmriachuelo.it10.com.ar\/index.php\/wp-json\/wp\/v2\/comments?post=9250"}],"version-history":[{"count":0,"href":"http:\/\/fmriachuelo.it10.com.ar\/index.php\/wp-json\/wp\/v2\/posts\/9250\/revisions"}],"wp:featuredmedia":[{"embeddable":true,"href":"http:\/\/fmriachuelo.it10.com.ar\/index.php\/wp-json\/"}],"wp:attachment":[{"href":"http:\/\/fmriachuelo.it10.com.ar\/index.php\/wp-json\/wp\/v2\/media?parent=9250"}],"wp:term":[{"taxonomy":"category","embeddable":true,"href":"http:\/\/fmriachuelo.it10.com.ar\/index.php\/wp-json\/wp\/v2\/categories?post=9250"},{"taxonomy":"post_tag","embeddable":true,"href":"http:\/\/fmriachuelo.it10.com.ar\/index.php\/wp-json\/wp\/v2\/tags?post=9250"}],"curies":[{"name":"wp","href":"https:\/\/api.w.org\/{rel}","templated":true}]}}