{"id":9243,"date":"2019-03-19T22:36:58","date_gmt":"2019-03-19T22:36:58","guid":{"rendered":"http:\/\/fmriachuelo.com.ar\/?p=9243"},"modified":"2019-03-19T22:36:58","modified_gmt":"2019-03-19T22:36:58","slug":"taller-de-los-panuelos-en-la-semana-de-la-memoria-en-la-boca-decimos-basta","status":"publish","type":"post","link":"http:\/\/fmriachuelo.it10.com.ar\/index.php\/2019\/03\/19\/taller-de-los-panuelos-en-la-semana-de-la-memoria-en-la-boca-decimos-basta\/","title":{"rendered":"\u00abTALLER DE LOS PA\u00d1UELOS\u00bb: EN LA SEMANA DE LA MEMORIA EN LA BOCA DECIMOS BASTA!"},"content":{"rendered":"<p><strong>[FM Riachuelo 19\/03\/2019] Hoy los compa\u00f1eros del Frente Popular Dario Santillan junto a Roxana Cainzos del Merendero Madres en Lucha, realizaron un \u00abTaller de Pa\u00f1uelos\u00bb que ser\u00e1n colgados en la puerta del Merendero en homenaje a la lucha, la resistencia y la organizaci\u00f3n, en la semana de la Memoria por la Verdad y la Justicia, previo a lo que ser\u00e1 la \u00abMarcha de las Antorchas\u00bb en La Boca este viernes.<\/strong><br \/>\n<strong>A 43 a\u00f1os de la noche de horror donde comenz\u00f3 la Dictadura C\u00edvico Militar m\u00e1s sangrienta y perversa de n<\/strong><span class=\"text_exposed_show\"><strong>uestra historia decimos: Basta a este retroceso de de DD.HH y a las pol\u00edticas neoliberales de Macri, que hambrean, persiguen y reprimen a nuestro Pueblo<\/strong>.<\/span><\/p>\n<p>Es importante pensar que en este contexto actual donde el poder es el mismo con otra estrategia,se siguen produciendo hechos contrarios a los derechos humanos, casos de violencia institucional, hambre, ajuste y persecuci\u00f3n de los Movimientos Populares y de sus referentes y militantes, por ello la importancia de reunirse entre las organizaciones en los territorios para recordar, pero tambi\u00e9n para reflexionar sobre este presente que sigue dejando luchadores ca\u00eddos en la defensa de\u00a0 sus derechos, y para trabajar unidos y lograr que un mundo mejor sea posible.<\/p>\n<p><img loading=\"lazy\" decoding=\"async\" class=\"aligncenter wp-image-9245 \" src=\"http:\/\/fmriachuelo.com.ar\/wp-content\/uploads\/2019\/03\/WhatsApp-Image-2019-03-19-at-18.49.00-1-300x200.jpeg\" alt=\"\" width=\"376\" height=\"250\" \/><\/p>\n<p>Porque creemos que con organizaci\u00f3n unidad y lucha se podr\u00e1 parar esta nueva avanzada neoliberal sobre los derechos del pueblo, es que nos aunamos en la defensa de nuestros principios y trabajando en la\u00a0 Econom\u00eda Popular y la Soberan\u00eda Alimentaria como faro,\u00a0 podremos evitar que la avanzada represiva\u00a0 y las politicas de ajuste y hambre sigan golpeando a nuestro pueblo. Con unidad en la\u00a0 lucha y Memoria lograremos vencer al enemigo.<\/p>\n<p><strong>Por\u00a0<\/strong><strong>los de hoy y por los de ayer decimos<\/strong><\/p>\n<p><strong>Nunca M\u00e1s!\u00a0<\/strong><strong>Basta de ajuste!\u00a0<\/strong><strong>Basta de Hambre<\/strong>!<\/p>\n<p>Escucha los testimonios del Taller de Los Pa\u00f1uelos<\/p>\n<p><a href=\"https:\/\/soundcloud.com\/prensa-fm-riachuelo\/sets\/taller-de-los-panuelo-en-la-boca-en-la-semana-de-la-memoria\">https:\/\/soundcloud.com\/prensa-fm-riachuelo\/sets\/taller-de-los-panuelo-en-la-boca-en-la-semana-de-la-memoria<\/a><\/p>\n","protected":false},"excerpt":{"rendered":"<p>[FM Riachuelo 19\/03\/2019] Hoy los compa\u00f1eros del Frente Popular Dario Santillan junto a Roxana Cainzos del Merendero Madres en Lucha, realizaron un \u00abTaller de Pa\u00f1uelos\u00bb que ser\u00e1n colgados en la puerta del Merendero en homenaje a la lucha, la resistencia y la organizaci\u00f3n, en la semana de la Memoria por la Verdad y la Justicia, [&hellip;]<\/p>\n","protected":false},"author":5,"featured_media":9244,"comment_status":"open","ping_status":"open","sticky":false,"template":"","format":"standard","meta":{"_monsterinsights_skip_tracking":false,"_monsterinsights_sitenote_active":false,"_monsterinsights_sitenote_note":"","_monsterinsights_sitenote_category":0,"jnews-multi-image_gallery":[],"jnews_single_post":[],"jnews_primary_category":[],"_joinchat":[],"footnotes":""},"categories":[78,80,76],"tags":[],"class_list":["post-9243","post","type-post","status-publish","format-standard","has-post-thumbnail","hentry","category-economia-popular","category-educacion","category-salud-comunitaria"],"_links":{"self":[{"href":"http:\/\/fmriachuelo.it10.com.ar\/index.php\/wp-json\/wp\/v2\/posts\/9243","targetHints":{"allow":["GET"]}}],"collection":[{"href":"http:\/\/fmriachuelo.it10.com.ar\/index.php\/wp-json\/wp\/v2\/posts"}],"about":[{"href":"http:\/\/fmriachuelo.it10.com.ar\/index.php\/wp-json\/wp\/v2\/types\/post"}],"author":[{"embeddable":true,"href":"http:\/\/fmriachuelo.it10.com.ar\/index.php\/wp-json\/wp\/v2\/users\/5"}],"replies":[{"embeddable":true,"href":"http:\/\/fmriachuelo.it10.com.ar\/index.php\/wp-json\/wp\/v2\/comments?post=9243"}],"version-history":[{"count":0,"href":"http:\/\/fmriachuelo.it10.com.ar\/index.php\/wp-json\/wp\/v2\/posts\/9243\/revisions"}],"wp:featuredmedia":[{"embeddable":true,"href":"http:\/\/fmriachuelo.it10.com.ar\/index.php\/wp-json\/"}],"wp:attachment":[{"href":"http:\/\/fmriachuelo.it10.com.ar\/index.php\/wp-json\/wp\/v2\/media?parent=9243"}],"wp:term":[{"taxonomy":"category","embeddable":true,"href":"http:\/\/fmriachuelo.it10.com.ar\/index.php\/wp-json\/wp\/v2\/categories?post=9243"},{"taxonomy":"post_tag","embeddable":true,"href":"http:\/\/fmriachuelo.it10.com.ar\/index.php\/wp-json\/wp\/v2\/tags?post=9243"}],"curies":[{"name":"wp","href":"https:\/\/api.w.org\/{rel}","templated":true}]}}