{"id":921,"date":"2014-12-01T17:11:00","date_gmt":"2014-12-01T17:11:00","guid":{"rendered":"http:\/\/fmriachuelo.observatorioess.org.ar\/index.php\/2014\/12\/01\/premian-un-programa-que-se-emite-por-fm-riachuelo\/"},"modified":"2025-03-17T11:31:57","modified_gmt":"2025-03-17T14:31:57","slug":"premian-un-programa-que-se-emite-por-fm-riachuelo","status":"publish","type":"post","link":"http:\/\/fmriachuelo.it10.com.ar\/index.php\/2014\/12\/01\/premian-un-programa-que-se-emite-por-fm-riachuelo\/","title":{"rendered":"PREMIAN UN PROGRAMA QUE SE EMITE POR FM RIACHUELO"},"content":{"rendered":"<div style=\"clear: both;text-align: center\"><span style=\"font-size: small\"><span style=\"font-family: Verdana,sans-serif\"><a href=\"http:\/\/1.bp.blogspot.com\/-6y5QbaM6fEQ\/VHzWP478lqI\/AAAAAAAABuA\/fHdZu_tP3Jg\/s1600\/10714216_10152923837095854_6909683768169307862_o.jpg\" style=\"clear: left;float: left;margin-bottom: 1em;margin-right: 1em\"><img loading=\"lazy\" decoding=\"async\" border=\"0\" src=\"http:\/\/1.bp.blogspot.com\/-6y5QbaM6fEQ\/VHzWP478lqI\/AAAAAAAABuA\/fHdZu_tP3Jg\/s1600\/10714216_10152923837095854_6909683768169307862_o.jpg\" height=\"200\" width=\"132\" \/><\/a><\/span><\/span><\/div>\n<p><span style=\"font-size: small\"><span style=\"font-family: Verdana,sans-serif\"><span style=\"font-size: large\"><b><span style=\"color: red\">HORA LIBRE EN EL BARRIO POR FM RIACHUELO<\/span><\/b><\/span><br \/>El mi\u00e9rcoles 26 de noviembre el Programa REC recibi\u00f3 el \u00abPremio Especial al mejor Programa de Ni\u00f1as, Ni\u00f1os y Adolescentes\u00bb por la emisi\u00f3n de HORA LIBRE en la entrega de los Premios Construyendo Ciudadan\u00eda del AFSCA.<\/span><\/span><br \/><span style=\"font-size: small\"><span style=\"font-family: Verdana,sans-serif\">&nbsp;La  Distinci\u00f3n otorgada fue por el CONACAI (Consejo Asesor de la  Comunicaci\u00f3n Audiovisual y la Infancia) y AFSCA (Autoridad Federal de  Servicios de Comunicaci\u00f3n Audiovisual). <a href=\"http:\/\/1.bp.blogspot.com\/-xbP5va4dGWE\/VHzWRmNim2I\/AAAAAAAABuI\/6IkKLeIXYlw\/s1600\/10750109_10152924696615854_8993702976157090512_o.jpg\" style=\"clear: left;float: left;margin-bottom: 1em;margin-right: 1em\"><img loading=\"lazy\" decoding=\"async\" border=\"0\" src=\"http:\/\/1.bp.blogspot.com\/-xbP5va4dGWE\/VHzWRmNim2I\/AAAAAAAABuI\/6IkKLeIXYlw\/s1600\/10750109_10152924696615854_8993702976157090512_o.jpg\" height=\"131\" width=\"200\" \/><\/a>Un reconocimiento al trabajo  colectivo que incluye a docentes, directivos, alumnas, alumnos, radios  comunitarias y todos aquellos que hacen posible esta propuesta de  Educaci\u00f3n y Comunicaci\u00f3n en las escuelas p\u00fablicas de la ciudad de Buenos  Aires.<br \/><b>Equipo docente del Programa REC<\/b><\/span><\/span><br \/><span style=\"font-size: small\"><span style=\"font-family: Verdana,sans-serif\"><a href=\"http:\/\/vimeo.com\/113060038\"><span style=\"font-size: x-small\"><span style=\"color: #3d85c6\"><b>VER ENTREGA DE PREMIO<\/b><\/span><\/span><\/a><br \/><span style=\"color: #3d85c6;font-size: x-small\"><b>FM  Riachuelo agradece la confianza y felicita por el esfuerzo, la  capacidad y la excelente calidad del programa que tenemos el honor de  compartir.<\/b><\/span><\/span><\/span><\/p>\n<div style=\"clear: both;text-align: center\"><span style=\"font-size: small\"><span style=\"font-family: Verdana,sans-serif\"><a href=\"https:\/\/images-blogger-opensocial.googleusercontent.com\/gadgets\/proxy?url=http%3A%2F%2F2.bp.blogspot.com%2F-LU1J7kST7TQ%2FVHyhKP5ddlI%2FAAAAAAAABs0%2F5VmcNTcnunM%2Fs1600%2FCOOP%252BRIACHIUELO%252BPRODUCCIONES.jpg&amp;container=blogger&amp;gadget=a&amp;rewriteMime=image%2F*\" style=\"clear: left;float: left;margin-bottom: 1em;margin-right: 1em\"><img loading=\"lazy\" decoding=\"async\" border=\"0\" height=\"58\" src=\"https:\/\/images-blogger-opensocial.googleusercontent.com\/gadgets\/proxy?url=http%3A%2F%2F2.bp.blogspot.com%2F-LU1J7kST7TQ%2FVHyhKP5ddlI%2FAAAAAAAABs0%2F5VmcNTcnunM%2Fs1600%2FCOOP%252BRIACHIUELO%252BPRODUCCIONES.jpg&amp;container=blogger&amp;gadget=a&amp;rewriteMime=image%2F*\" width=\"200\" \/><\/a><\/span><\/span><\/div>\n<p><span style=\"font-size: small\"><span style=\"font-family: Verdana,sans-serif\"><\/span><\/span><\/p>\n","protected":false},"excerpt":{"rendered":"<p>HORA LIBRE EN EL BARRIO POR FM RIACHUELOEl mi\u00e9rcoles 26 de noviembre el Programa REC recibi\u00f3 el \u00abPremio Especial al mejor Programa de Ni\u00f1as, Ni\u00f1os y Adolescentes\u00bb por la emisi\u00f3n de HORA LIBRE en la entrega de los Premios Construyendo Ciudadan\u00eda del AFSCA.&nbsp;La Distinci\u00f3n otorgada fue por el CONACAI (Consejo Asesor de la Comunicaci\u00f3n Audiovisual [&hellip;]<\/p>\n","protected":false},"author":4,"featured_media":0,"comment_status":"open","ping_status":"open","sticky":false,"template":"","format":"standard","meta":{"_monsterinsights_skip_tracking":false,"_monsterinsights_sitenote_active":false,"_monsterinsights_sitenote_note":"","_monsterinsights_sitenote_category":0,"jnews-multi-image_gallery":[],"jnews_single_post":{"format":"standard"},"jnews_primary_category":[],"_joinchat":[],"footnotes":""},"categories":[58],"tags":[159],"class_list":["post-921","post","type-post","status-publish","format-standard","hentry","category-noticiariachuelo","tag-comunicacion"],"_links":{"self":[{"href":"http:\/\/fmriachuelo.it10.com.ar\/index.php\/wp-json\/wp\/v2\/posts\/921","targetHints":{"allow":["GET"]}}],"collection":[{"href":"http:\/\/fmriachuelo.it10.com.ar\/index.php\/wp-json\/wp\/v2\/posts"}],"about":[{"href":"http:\/\/fmriachuelo.it10.com.ar\/index.php\/wp-json\/wp\/v2\/types\/post"}],"author":[{"embeddable":true,"href":"http:\/\/fmriachuelo.it10.com.ar\/index.php\/wp-json\/wp\/v2\/users\/4"}],"replies":[{"embeddable":true,"href":"http:\/\/fmriachuelo.it10.com.ar\/index.php\/wp-json\/wp\/v2\/comments?post=921"}],"version-history":[{"count":1,"href":"http:\/\/fmriachuelo.it10.com.ar\/index.php\/wp-json\/wp\/v2\/posts\/921\/revisions"}],"predecessor-version":[{"id":21985,"href":"http:\/\/fmriachuelo.it10.com.ar\/index.php\/wp-json\/wp\/v2\/posts\/921\/revisions\/21985"}],"wp:attachment":[{"href":"http:\/\/fmriachuelo.it10.com.ar\/index.php\/wp-json\/wp\/v2\/media?parent=921"}],"wp:term":[{"taxonomy":"category","embeddable":true,"href":"http:\/\/fmriachuelo.it10.com.ar\/index.php\/wp-json\/wp\/v2\/categories?post=921"},{"taxonomy":"post_tag","embeddable":true,"href":"http:\/\/fmriachuelo.it10.com.ar\/index.php\/wp-json\/wp\/v2\/tags?post=921"}],"curies":[{"name":"wp","href":"https:\/\/api.w.org\/{rel}","templated":true}]}}