{"id":919,"date":"2014-12-01T19:11:00","date_gmt":"2014-12-01T19:11:00","guid":{"rendered":"http:\/\/fmriachuelo.observatorioess.org.ar\/index.php\/2014\/12\/01\/ley-de-agricultura-familiar\/"},"modified":"2025-03-17T11:34:25","modified_gmt":"2025-03-17T14:34:25","slug":"ley-de-agricultura-familiar","status":"publish","type":"post","link":"http:\/\/fmriachuelo.it10.com.ar\/index.php\/2014\/12\/01\/ley-de-agricultura-familiar\/","title":{"rendered":"LEY DE AGRICULTURA FAMILIAR"},"content":{"rendered":"<p><i><a href=\"http:\/\/2.bp.blogspot.com\/-915pXM8KKJ4\/VHy81zmeCZI\/AAAAAAAABtU\/w890g4QNvkg\/s1600\/sin%2Brecursos....jpg\" style=\"clear: left;float: left;margin-bottom: 1em;margin-right: 1em\"><img loading=\"lazy\" decoding=\"async\" border=\"0\" src=\"http:\/\/2.bp.blogspot.com\/-915pXM8KKJ4\/VHy81zmeCZI\/AAAAAAAABtU\/w890g4QNvkg\/s1600\/sin%2Brecursos....jpg\" height=\"177\" width=\"640\" \/><\/a><\/i><span style=\"font-family: Verdana,sans-serif\"><span style=\"font-size: small\"><i>Buenos Aires, 1 de diciembre de 2014<\/i><br \/><span style=\"color: red\"><span style=\"font-size: large\"><b>SIN PRESUPUESTO NO HAY LEY<\/b><\/span><\/span><br \/> Las organizaciones de la Agricultura Familiar, Campesina, Ind\u00edgena participar\u00e1n en la Comisi\u00f3n de Agricultura, Ganader\u00eda y Pesca del Senado y nos movilizaremos nuevamente frente al Congreso Nacional.<\/span><\/span><br \/><a name='more'><\/a><span style=\"font-size: small\"><\/span><br \/><span style=\"font-family: Verdana, sans-serif\">Las organizaciones de la Agricultura Familiar, Campesina, Ind\u00edgena y de pescadores artesanales abajo firmantes participaremos el d\u00eda martes 2 de diciembre en la Comisi\u00f3n de Agricultura, Ganader\u00eda y Pesca de la C\u00e1mara de Senadores, con el objetivo de seguir exponiendo nuestra posici\u00f3n acerca de la Ley de Agricultura Familiar, Campesina e Ind\u00edgena, y en particular, para transmitir la importancia de restituir el art\u00edculo 33 de la Ley, el cual menciona la asignaci\u00f3n de presupuesto para la implementaci\u00f3n de la Ley.<br \/> El art\u00edculo 33, excluido en la media sanci\u00f3n dada en la C\u00e1mara de Diputados, hab\u00eda sido pautado anteriormente en el marco del Consejo federal de la Agricultura Familiar, auspiciado por el Ministerio de Agricultura de la Naci\u00f3n, el Presidente de la Comisi\u00f3n de agricultura ganader\u00eda y pesca de la c\u00e1mara de diputados de la Naci\u00f3n y las organizaciones de la Agricultura Familiar, Campesinas. Ante esta exclusi\u00f3n del articulo tratado en la C\u00e1mara de Diputados, las organizaciones del sector exigimos urgente la restituci\u00f3n del art\u00edculo 33 de la ley en el tratamiento que resta en el Senado. <br \/> En este sentido, los referentes de las organizaciones convocamos el d\u00eda mi\u00e9rcoles 3 de diciembre a las 13 hs a una movilizaci\u00f3n frente al Congreso Nacional, para reclamar y velar por las modificaciones en el proyecto arriba mencionadas.<br \/> Organizaciones convocantes: <br \/> ASAMBLEA CAMPESINA INDIGENA DEL NORTE ARGENTINO (ACINA), Jose Luis Castillo<br \/> MOVIMIENTO NACIONAL CAMPESINO INDIGENA \u2013 MNCI \u2013 VIA CAMPESINA, Angel Strapazzon<br \/> FRENTE NACIONAL CAMPESINO (FNC), Benigno Lopez<br \/> GRITO DE ALCORTA, Pedro Peretti<br \/> MOVIMIENTO CAMPESINO DE LIBERACION (MCL), Jos\u00e9 Livolti<br \/> MOVIMIENTO AGRARIO MISIONES (MAM), Salvador Torres<br \/> UNION ARGENTINA DE PESCADORES ARTESANALES (UAPA), Pedro Oroquieta<br \/> FEDERACION DE PEQUE\u00d1OS PRODUCTORES DEL CHACO, Moncho Rios<br \/> ENCUENTRO NACIONAL DE ORGANIZACIONES TERRITORIALES DE PUEBLOS ORIGINARIOS (ENOTPO), Roberto \u00d1ancucheo<br \/> FRENTE AGRARIO EVITA, Miguel \u00c1ngel G\u00f3mez<br \/> ASOCIACI\u00d3N MUJERES RURALES ARGENTINA FEDERAL (AMRAF), Monica Polidoro<br \/> FRENTE PUCARA JUJUY (FPJ) Nelson Castillo<br \/> Contactos de Prensa:<br \/> Angel Strapazzon (MNCI): 0351-209-5334<br \/> Jose Luis Castillo (ACINA): 03482-539156<br \/> Benigno Lopez (FNC): 0370154531814<br \/> Miguel \u00c1ngel G\u00f3mez (Frente Agrario Evita): 116-643-1770<\/span><\/p>\n","protected":false},"excerpt":{"rendered":"<p>Buenos Aires, 1 de diciembre de 2014SIN PRESUPUESTO NO HAY LEY Las organizaciones de la Agricultura Familiar, Campesina, Ind\u00edgena participar\u00e1n en la Comisi\u00f3n de Agricultura, Ganader\u00eda y Pesca del Senado y nos movilizaremos nuevamente frente al Congreso Nacional.Las organizaciones de la Agricultura Familiar, Campesina, Ind\u00edgena y de pescadores artesanales abajo firmantes participaremos el d\u00eda martes [&hellip;]<\/p>\n","protected":false},"author":4,"featured_media":0,"comment_status":"open","ping_status":"open","sticky":false,"template":"","format":"standard","meta":{"_monsterinsights_skip_tracking":false,"_monsterinsights_sitenote_active":false,"_monsterinsights_sitenote_note":"","_monsterinsights_sitenote_category":0,"jnews-multi-image_gallery":[],"jnews_single_post":{"format":"standard"},"jnews_primary_category":[],"_joinchat":[],"footnotes":""},"categories":[58],"tags":[156],"class_list":["post-919","post","type-post","status-publish","format-standard","hentry","category-noticiariachuelo","tag-tierra-techo-y-trabajo"],"_links":{"self":[{"href":"http:\/\/fmriachuelo.it10.com.ar\/index.php\/wp-json\/wp\/v2\/posts\/919","targetHints":{"allow":["GET"]}}],"collection":[{"href":"http:\/\/fmriachuelo.it10.com.ar\/index.php\/wp-json\/wp\/v2\/posts"}],"about":[{"href":"http:\/\/fmriachuelo.it10.com.ar\/index.php\/wp-json\/wp\/v2\/types\/post"}],"author":[{"embeddable":true,"href":"http:\/\/fmriachuelo.it10.com.ar\/index.php\/wp-json\/wp\/v2\/users\/4"}],"replies":[{"embeddable":true,"href":"http:\/\/fmriachuelo.it10.com.ar\/index.php\/wp-json\/wp\/v2\/comments?post=919"}],"version-history":[{"count":1,"href":"http:\/\/fmriachuelo.it10.com.ar\/index.php\/wp-json\/wp\/v2\/posts\/919\/revisions"}],"predecessor-version":[{"id":21987,"href":"http:\/\/fmriachuelo.it10.com.ar\/index.php\/wp-json\/wp\/v2\/posts\/919\/revisions\/21987"}],"wp:attachment":[{"href":"http:\/\/fmriachuelo.it10.com.ar\/index.php\/wp-json\/wp\/v2\/media?parent=919"}],"wp:term":[{"taxonomy":"category","embeddable":true,"href":"http:\/\/fmriachuelo.it10.com.ar\/index.php\/wp-json\/wp\/v2\/categories?post=919"},{"taxonomy":"post_tag","embeddable":true,"href":"http:\/\/fmriachuelo.it10.com.ar\/index.php\/wp-json\/wp\/v2\/tags?post=919"}],"curies":[{"name":"wp","href":"https:\/\/api.w.org\/{rel}","templated":true}]}}