{"id":9178,"date":"2019-03-05T23:11:28","date_gmt":"2019-03-05T23:11:28","guid":{"rendered":"http:\/\/fmriachuelo.com.ar\/?p=9178"},"modified":"2019-03-05T23:11:28","modified_gmt":"2019-03-05T23:11:28","slug":"a-6-anos-de-la-muerte-de-chavez-su-siembra-continua","status":"publish","type":"post","link":"http:\/\/fmriachuelo.it10.com.ar\/index.php\/2019\/03\/05\/a-6-anos-de-la-muerte-de-chavez-su-siembra-continua\/","title":{"rendered":"A 6 A\u00d1OS DE LA MUERTE DE CHAVEZ SU SIEMBRA CONTIN\u00daA"},"content":{"rendered":"<p><strong>[FM Riachuelo 05\/03\/2019] Desde el programa \u201cRomp\u00e9 el Cerco Informativo\u201d se realiz\u00f3 una entrevista telef\u00f3nica a Luciano \u00c1lvarez, referente de la \u201cCasa Popular El Fog\u00f3n\u201d de Avellaneda.<\/strong> <strong>En un nuevo aniversario de la muerte del Comandante Hugo Ch\u00e1vez Fr\u00edas, y en un contexto de lucha en Venezuela por la \u201cno injerencia\u201d de los EE UU que quieren avasallar a la Revoluci\u00f3n Bolivariana se inaugur\u00f3 la plaza \u201cRep\u00fablica Bolivariana de Venezuela\u201d, ubicada en Nicaragua y Emilio Zola, Partido de Avellaneda. Acompa\u00f1aron el evento artistas y organizaciones sociales del territorio.<\/strong><\/p>\n<p>RCI: \u00bf C\u00f3mo se percibe el clima de la inauguraci\u00f3n?<\/p>\n<p>L.A.: \u201cUn evento muy popular, hay much\u00edsima gente de ac\u00e1, del barrio de Gerli , de Sarandi, mucho avellanedense. Un acto rodeado por la presencia de organizaciones populares, diferentes organizaciones que nos vemos convocadas por la causa bolivariana. Tambi\u00e9n con un escenario repleto de artistas populares que tienden a acompa\u00f1ar este tipo de acciones.<br \/>\nVenimos ac\u00e1 a decir presente desde El fog\u00f3n, desde Los Pibes, junto con las organizaciones de la mesa de enlace de Avellaneda. Acompa\u00f1ando un hecho que nos parece m\u00e1s que justo como estar reivindicando en pleno\u00a0 momento de ataque imperial al proceso bolivariano contra el gobierno de Maduro. Nos parec\u00eda m\u00e1s que correcta la convocatoria de inaugurar una plaza reivindicando ni m\u00e1s ni menos que la democracia en Venezuela.\u201d<\/p>\n<p>RCI: \u00bf Qu\u00e9 significado tiene esta actividad en el contexto que se est\u00e1 viviendo en Venezuela?<\/p>\n<p>L.A.: \u201cEstamos en un momento de nuevos tipos de guerras h\u00edbridas que va desarrollando el imperio donde desdibuja el enemigo, desdibuja los ej\u00e9rcitos, desdibuja la forma de intervenci\u00f3n; pero claramente lo que hace es impedir el desarrollo de los procesos populares.<br \/>\nEn ese marco venimos de semanas de fuerte confrontaci\u00f3n entre el \u00e1guila imperial y los pueblos, que se viene logrando frenar producto de la pelea en todo el continente. En la Argentina venimos en los \u00faltimos meses acompa\u00f1ando en la Embajada de Venezuela los diferentes momentos en los que ha habido acciones contra el gobierno y contra el pueblo en Venezuela; y obviamente all\u00e1 en Venezuela son diarias las acciones que despliega la pol\u00edtica imperial y que el pueblo y Maduro logran ir desbaratando.<br \/>\nEn ese marco una acci\u00f3n como \u00e9sta de inauguraci\u00f3n de una plaza nos parec\u00eda m\u00e1s que justa y m\u00e1s que sensata, y por supuesto nuestra participaci\u00f3n saludando a la intendencia local por haber tomado la decisi\u00f3n y a todos los artistas populares que participaron.\u201d<\/p>\n<p>RCI: \u00bfQu\u00e9 pens\u00e1s de la vuelta de Guaid\u00f3 a Venezuela? \u00bfD\u00f3nde entra dentro de la estrategia del imperio?<\/p>\n<p>L.A.: \u201cLa realidad es que vienen probando diferentes estrategias y ninguna les est\u00e1 garpando, como se dice en el barrio. Con ninguna han logrado torcer el rumbo del proceso pol\u00edtico. Pensaron que con las acciones de este mes iban a poder bajar la popularidad, el apoyo y que iban a poder quebrar a la Fuerza Armada Nacional Bolivariana y nada de eso sucedi\u00f3.<br \/>\nPensaron que iban a tener un respaldo internacional mucho m\u00e1s fuerte del que finalmente tuvieron y lo que han obtenido es el respaldo de los lacayos que siempre est\u00e1n al servicio del imperio, como el grupo de Lima, Israel, o los pa\u00edses que normalmente acatan sus \u00f3rdenes.<br \/>\nEn ese contexto tambi\u00e9n sali\u00f3 de gira internacional Guaid\u00f3 y tampoco le result\u00f3 provechosa en muchos de los lugares en los que fue recibido como presidente interino con esa figura mentirosa que inventaron. La intenci\u00f3n de volver a entrar en territorio de Venezuela y que eso volviera a generar una crisis, el gobierno la decodific\u00f3 bien y no le dieron la excusa para un nuevo momento de acumulaci\u00f3n a ellos; con lo cual siguen abiertas diferentes estrategias de intervenci\u00f3n. Pero lo cierto es que por lo menos los tiempos que ellos se planteaban no parecen estar resultando tal cual la planificaci\u00f3n imperial .<br \/>\nA estar atentos, rodilla en tierra y viendo c\u00f3mo se pueden ir desbaratando paso a paso las acciones, ya que nada de esto es ingenuo o sin planificaci\u00f3n, esto viene directamente desde el Pent\u00e1gono.\u201d<\/p>\n<p>RCI: \u00bfQu\u00e9 te parecen las declaraciones de la Vicepresidenta de Venezuela sobre que Guaid\u00f3 ser\u00e1 llevado a la justicia por sus cr\u00edmenes?<\/p>\n<p>L.A.: \u201cHay dos caminos. El de la unidad o el de la justicia. Lo que bien viene haciendo el gobierno bolivariano es tratar de empujarlo hacia la resoluci\u00f3n en el marco de las instituciones, pero sin tampoco generar una situaci\u00f3n que la puedan aprovechar para que eso empuje un nivel de intervenci\u00f3n.<br \/>\nCon lo cual est\u00e1n siendo m\u00e1s que cuidadosos porque la realidad es que las acciones que han venido queriendo desarrollar ellos no les han salido bien . Pareciera que si se hubiera dado un escenario de tensi\u00f3n ayer en la entrada de Guaid\u00f3 al pa\u00eds, eso hubiera podido dar pie a un proceso que posiblemente manejando el tiempo del lado del gobierno y dejando el avance del proceso, probablemente se pueda dar de manera menos cruenta, teniendo en cuenta que el imperio se ha decidido a cualquier tipo de acci\u00f3n con tal de detener el proceso.\u201d<\/p>\n<p>RCI: \u00bfQu\u00e9 se puede hacer desde las organizaciones sociales y pol\u00edticas para aportar al proceso de la revoluci\u00f3n bolivariana?<\/p>\n<p>L.A.: \u201cNosotros estamos convencidos de que en este momento es fundamental desplegar la diplomacia de los pueblos, una diplomacia que ponga en el centro el rol del pueblo organizado a nivel continental. El planteo que nosotros estamos haciendo es que hay que organizar la resistencia ante este ataque imperial, y eso es lo que venimos haciendo desde los lugares que tenemos incidencia y las actividades que venimos desarrollando. Por eso siempre y obviamente desde los pueblos la creatividad ante cada uno de los embates es una nueva respuesta.\u201d<\/p>\n","protected":false},"excerpt":{"rendered":"<p>[FM Riachuelo 05\/03\/2019] Desde el programa \u201cRomp\u00e9 el Cerco Informativo\u201d se realiz\u00f3 una entrevista telef\u00f3nica a Luciano \u00c1lvarez, referente de la \u201cCasa Popular El Fog\u00f3n\u201d de Avellaneda. En un nuevo aniversario de la muerte del Comandante Hugo Ch\u00e1vez Fr\u00edas, y en un contexto de lucha en Venezuela por la \u201cno injerencia\u201d de los EE UU [&hellip;]<\/p>\n","protected":false},"author":5,"featured_media":9179,"comment_status":"open","ping_status":"open","sticky":false,"template":"","format":"standard","meta":{"_monsterinsights_skip_tracking":false,"_monsterinsights_sitenote_active":false,"_monsterinsights_sitenote_note":"","_monsterinsights_sitenote_category":0,"jnews-multi-image_gallery":[],"jnews_single_post":[],"jnews_primary_category":[],"_joinchat":[],"footnotes":""},"categories":[80,76],"tags":[],"class_list":["post-9178","post","type-post","status-publish","format-standard","has-post-thumbnail","hentry","category-educacion","category-salud-comunitaria"],"_links":{"self":[{"href":"http:\/\/fmriachuelo.it10.com.ar\/index.php\/wp-json\/wp\/v2\/posts\/9178","targetHints":{"allow":["GET"]}}],"collection":[{"href":"http:\/\/fmriachuelo.it10.com.ar\/index.php\/wp-json\/wp\/v2\/posts"}],"about":[{"href":"http:\/\/fmriachuelo.it10.com.ar\/index.php\/wp-json\/wp\/v2\/types\/post"}],"author":[{"embeddable":true,"href":"http:\/\/fmriachuelo.it10.com.ar\/index.php\/wp-json\/wp\/v2\/users\/5"}],"replies":[{"embeddable":true,"href":"http:\/\/fmriachuelo.it10.com.ar\/index.php\/wp-json\/wp\/v2\/comments?post=9178"}],"version-history":[{"count":0,"href":"http:\/\/fmriachuelo.it10.com.ar\/index.php\/wp-json\/wp\/v2\/posts\/9178\/revisions"}],"wp:featuredmedia":[{"embeddable":true,"href":"http:\/\/fmriachuelo.it10.com.ar\/index.php\/wp-json\/"}],"wp:attachment":[{"href":"http:\/\/fmriachuelo.it10.com.ar\/index.php\/wp-json\/wp\/v2\/media?parent=9178"}],"wp:term":[{"taxonomy":"category","embeddable":true,"href":"http:\/\/fmriachuelo.it10.com.ar\/index.php\/wp-json\/wp\/v2\/categories?post=9178"},{"taxonomy":"post_tag","embeddable":true,"href":"http:\/\/fmriachuelo.it10.com.ar\/index.php\/wp-json\/wp\/v2\/tags?post=9178"}],"curies":[{"name":"wp","href":"https:\/\/api.w.org\/{rel}","templated":true}]}}