{"id":9143,"date":"2019-03-03T16:26:10","date_gmt":"2019-03-03T16:26:10","guid":{"rendered":"http:\/\/fmriachuelo.com.ar\/?p=9143"},"modified":"2019-03-03T16:26:10","modified_gmt":"2019-03-03T16:26:10","slug":"reforma-agraria-distribucion-equitativa-de-la-tierra-soberania-alimentaria-y-participacion-popular","status":"publish","type":"post","link":"http:\/\/fmriachuelo.it10.com.ar\/index.php\/2019\/03\/03\/reforma-agraria-distribucion-equitativa-de-la-tierra-soberania-alimentaria-y-participacion-popular\/","title":{"rendered":"REFORMA AGRARIA: DISTRIBUCION EQUITATIVA DE LA TIERRA, SOBERANIA ALIMENTARIA Y PARTICIPACION POPULAR"},"content":{"rendered":"<div align=\"left\">\n<p dir=\"ltr\"><strong>[FM Riachuelo 03\/03\/2019]\u00a0 Desde el programa \u00abCazadores de Zonceras\u00bb ( Vie 19 a 21 hs)\u00a0 entrevistaron a Mariana Moricz integrante de la Organizaci\u00f3n Social y Pol\u00edtica Los Pibes, referente en la tem\u00e1tica alimenticia y a\u00a0<\/strong><strong>Lito Borello Secretario de Derechos Humanos de la CTEP.\u00a0Durante el \u00faltimo verdurazo, realizado en Plaza de Mayo el pasado mi\u00e9roles 27 de febrero, Borello plante\u00f3 la necesidad urgente de que el campo popular elabore un Programa que contenga como puntos centrales la Reforma Agraria y la Soberan\u00eda Alimentaria, teniendo en cuenta la situaci\u00f3n de los productores de la agricultura familiar y las difucultades que atraviesa nuestro pueblo para acceder a los alimentos. En este sentido, ambos entrevistados plantearon algunos puntos importantes que debiera contener un proyecto de Reforma Agraria para el sector de la Econom\u00eda Popular.<\/strong><\/p>\n<\/div>\n<div align=\"left\">\n<p dir=\"ltr\"><strong>CAZADORES DE ZONCERAS: En el marco de las protestas que realiza la Uni\u00f3n de Trabajadores de la Tierra bajo el nombre\u00a0 de \u00abverdurazos\u00bb\u00a0 \u00bfcu\u00e1l es la situaci\u00f3n de fondo que generan estos reclamos\u00a0 que aquejan a los peque\u00f1os productores?<\/strong><\/p>\n<\/div>\n<div align=\"left\">\n<p dir=\"ltr\"><strong>MARIANA MORICZ:\u00a0<\/strong>En estos \u00faltimos a\u00f1os la situaci\u00f3n de todo el campo que denominamos como Agricultura Familiar, que son los peque\u00f1os productores que abarcan un mont\u00f3n de ramas y rubros productivos que tiene que ver con alimentos y artesan\u00edas, vieron fuertemente perjudicada su supervivencia, teniendo en cuenta que ya ven\u00edan de una situaci\u00f3n extructural complicada de hace muchos m\u00e1s a\u00f1os.<\/p>\n<p dir=\"ltr\">En particular la UTT corresponde al sector de los productores hort\u00edcolas, los que producen las verduras y est\u00e1n en los cordones periurbanos de las ciudades. Son los productores que se asientan y tienen una producci\u00f3n intensiva, son los responsables de un gran porcentaje de todas las verduras que consumimos en las ciudades. Se encuentran en una situaci\u00f3n\u00a0de precariedad muy grande, por las condiciones que tiene el modelo productivo, el ajuste econ\u00f3mico, aumento de las tarifas, aumento del dolar, toda esta situaci\u00f3n les impacta en su rentabilidad. Ellos vienen haciendo hace varios meses, esta visibilizacion que son los verdurazos y lo importante es que\u00a0 plantean la alianza con otro sector de los trabajadores: los que consumen esas verduras. Eso es lo interesante, muestran c\u00f3mo las dos puntas de esa cadena estan sufriendo y se solidarizan para pelear contra este plan econ\u00f3mico.<\/p>\n<\/div>\n<div align=\"left\">\n<p dir=\"ltr\"><strong>CZ:\u00a0 La UTT encontr\u00f3\u00a0 una forma muy efectiva de protesta,\u00a0 que genera solidaridad, esto ha generado un impacto importante.<\/strong><\/p>\n<p dir=\"ltr\"><strong>MM<\/strong>:\u00a0S\u00ed, y adem\u00e1s lo que representa la UTT, no es un reclamo sectorial, en lo que vienen trabajando hace tiempo es en cuestionar el modelo productivo, las formas de producci\u00f3n que genera la exclusi\u00f3n. Para que se den una idea, todo lo que vemos en una verduleria, es parte de un sistema que produce con un paquete tecnol\u00f3gico muy intensivo, que ser\u00eda la forma hegem\u00f3nica de producir y\u00a0el mercado busca eso. En cambio, un productor tiene que comprar desde las semillas, todo un paquete de insumos para que tenga la debida productividad que le permita sobrevivir. Y adem\u00e1s, pelear con un sistema de comercializaci\u00f3n que le exige tener todas las verduras y frutas est\u00e9ticamente parecidas. Se especializan en uno o dos productos y finalmente el que se queda con la ganancia es el que est\u00e1 en el medio de la comercializaci\u00f3n.<\/p>\n<\/div>\n<p>Entonces las reivindicaciones que vienen exigiendo desde la UTT tienen que ver con el acceso a cr\u00e9ditos para poder comprar las tierras, tarifas sociales para los productores, etc. Toda una serie de reclamos que tienen que ver con hacer sostenible una producci\u00f3n, que si no la defendemos estamos perjudicando nuestra soberan\u00eda.<\/p>\n<p><strong>CZ: En el marco del concepto pol\u00edtico hist\u00f3rico de la reforma agraria, \u00bfQu\u00e9 peso o influencia tendr\u00eda la soberan\u00eda alimentar\u00eda en este planteo de reforma?<\/strong><\/p>\n<p><strong>MM<\/strong>:\u00a0La cuesti\u00f3n de la propiedad de la tierra es como un tema muy nodal de todas nuestras sociedades, de nuestra historia y que\u00a0tuvo una resoluci\u00f3n a favor de los m\u00e1s poderosos. Desde la \u00e9poca de la conquista hubo un reparto desigual y ese estado de situaci\u00f3n fue quedando.<\/p>\n<p>Me parece que es interesante retomar ese concepto, tanto por lo que tiene que ver con la soberan\u00eda alimentar\u00eda, como en t\u00e9rminos del campo. Porque tambi\u00e9n en las ciudades la tierra es un bien escaso. Y cuando hablamos de soberania alimetaria decimos que el pueblo tiene que poder organizar una forma sostenible, soberana de producci\u00f3n de\u00a0 alimentos, y la tierra tiene que ser parte de ese esquema porque sin la tierra es muy dif\u00edcil poder tener ese circuito propio de producci\u00f3n, distribuci\u00f3n y abastecimiento de los alimentos. Si no miremos Venezuela, lo que le est\u00e1 pasando por no tener su propio esquema de alimentos propio, hoy lo sufre con la guerra econ\u00f3mica.<\/p>\n<p>Me parece que hay que repensar este concepto de Reforma Agraria en el marco de una nueva territorialidad. Que quiz\u00e1s tenga que ver con descentralizar las ciudades, generar otros esquemas. No pensar s\u00f3lo la reforma en t\u00e9rminos de la tierra para el campesino, sino en nuevas territorialidades que nos permitan construir mayor poder popular. Y una cuesti\u00f3n importante a tener en cuenta tambi\u00e9n es una reforma agraria que realse otros conceptos de propiedad, como es la propiedad colectiva.<\/p>\n<p><strong>Lito Borello, por su parte, plantea y complementa la propuesta de Mariana\u00a0Moricz con algunos de los puntos importantes que debe incluir el proyecto de reforma agraria que aporte a contrarrestar el avance de las pol\u00edticas capitalistas que genera hambre en nuestras sociedades.<\/strong><\/p>\n<p><strong>CZ: \u00bfComo secretario de DDHH de la CTEP cu\u00e1les crees que tienen que ser esos puntos importantes en un posible proyecto de Reforma Agraria, desde una mirada de la Econom\u00eda Popular?<\/strong><\/p>\n<p><strong>LITO BORELLO:\u00a0\u00a0<\/strong>Desde los movimientos populares deberiamos impulsar, m\u00e1s que un candidato pol\u00edtico, un Programa Popular que contenga una serie de puntos en funci\u00f3n de la coyuntura que vive la regi\u00f3n y el pa\u00eds, teniendo en cuenta el deterioro que vienen produciendo las pol\u00edticas de esta restauraci\u00f3n conservadora en estos \u00faltimos a\u00f1os. Dentro del Programa Popular el punto de la reforma agraria deber\u00eda ser uno de los m\u00e1s importantes. Entiendo esto relacionado con el reparto m\u00e1s justo de la tierra. El capitalismo en las \u00faltimas d\u00e9cadas ha generado una injusticia inusitada con respecto a qui\u00e9nes son los poseedores de la tierra en el mundo, en la regi\u00f3n y en la Argentina.<\/p>\n<p>Un reparto m\u00e1s equitativo que le de la tierra a los que la trabajan, que le permita a un universo de campesinos de la agricultura familiar, que en general son los que alimentan a los sectores populares, impulsar su econom\u00eda. Ellos tienen por delante una vital importancia en alimentar a los pueblos y tratar de combatir la pobreza y el hambre. La Argentina es un pa\u00eds que genera alimentos para 400 millones de personas y que tiene una poblaci\u00f3n s\u00f3lo del 10 por ciento de eso. Sin embargo, empezamos a tener niveles de pobreza muy grandes.<\/p>\n<p>Habr\u00eda que vincular tambi\u00e9n en la reforma agraria por venir, el tema de la soberan\u00eda alimentaria. Los pa\u00edses de Am\u00e9rica Latina necesitan avanzar en crear condiciones para tener soberan\u00eda alimentar\u00eda y no quedar expuestos a que los poderes globales del mundo y la regi\u00f3n hagan de las guerras econ\u00f3micas y de manejar la mayor\u00eda del mercado alimentario, una extorsi\u00f3n a los sectores populares, fundamentalmente a los gobiernos de contenido popular.<\/p>\n<p>Nos parece que tiene que relacionarse esto tambi\u00e9n con una participaci\u00f3n y protagonismo de los movimientos populares. Es imposible seguir albergando expectativas en una institucionalidad, en una democracia que cada vez le coarta m\u00e1s la posibilidad de un desarrollo a nuestros pueblos, a nuestras naciones y fundamentalmente a lxs trabajadorxs. Hoy no hay una democracia\u00a0 que en realidad le permita a los sectores populares imaginar detentar ese poder para generar cambios pol\u00edticos. Nosotros pensamos que sin una fuerte organizaci\u00f3n popular y sin la construcci\u00f3n de poder popular, es muy poco lo que se puede hacer en un cargo ejecutivo.<\/p>\n","protected":false},"excerpt":{"rendered":"<p>[FM Riachuelo 03\/03\/2019]\u00a0 Desde el programa \u00abCazadores de Zonceras\u00bb ( Vie 19 a 21 hs)\u00a0 entrevistaron a Mariana Moricz integrante de la Organizaci\u00f3n Social y Pol\u00edtica Los Pibes, referente en la tem\u00e1tica alimenticia y a\u00a0Lito Borello Secretario de Derechos Humanos de la CTEP.\u00a0Durante el \u00faltimo verdurazo, realizado en Plaza de Mayo el pasado mi\u00e9roles 27 [&hellip;]<\/p>\n","protected":false},"author":5,"featured_media":9144,"comment_status":"open","ping_status":"open","sticky":false,"template":"","format":"standard","meta":{"_monsterinsights_skip_tracking":false,"_monsterinsights_sitenote_active":false,"_monsterinsights_sitenote_note":"","_monsterinsights_sitenote_category":0,"jnews-multi-image_gallery":[],"jnews_single_post":[],"jnews_primary_category":[],"_joinchat":[],"footnotes":""},"categories":[79,76,74,75],"tags":[],"class_list":["post-9143","post","type-post","status-publish","format-standard","has-post-thumbnail","hentry","category-nadie-se-salva-solo","category-salud-comunitaria","category-san-cayetano","category-trabajo"],"_links":{"self":[{"href":"http:\/\/fmriachuelo.it10.com.ar\/index.php\/wp-json\/wp\/v2\/posts\/9143","targetHints":{"allow":["GET"]}}],"collection":[{"href":"http:\/\/fmriachuelo.it10.com.ar\/index.php\/wp-json\/wp\/v2\/posts"}],"about":[{"href":"http:\/\/fmriachuelo.it10.com.ar\/index.php\/wp-json\/wp\/v2\/types\/post"}],"author":[{"embeddable":true,"href":"http:\/\/fmriachuelo.it10.com.ar\/index.php\/wp-json\/wp\/v2\/users\/5"}],"replies":[{"embeddable":true,"href":"http:\/\/fmriachuelo.it10.com.ar\/index.php\/wp-json\/wp\/v2\/comments?post=9143"}],"version-history":[{"count":0,"href":"http:\/\/fmriachuelo.it10.com.ar\/index.php\/wp-json\/wp\/v2\/posts\/9143\/revisions"}],"wp:featuredmedia":[{"embeddable":true,"href":"http:\/\/fmriachuelo.it10.com.ar\/index.php\/wp-json\/wp\/v2\/media\/9144"}],"wp:attachment":[{"href":"http:\/\/fmriachuelo.it10.com.ar\/index.php\/wp-json\/wp\/v2\/media?parent=9143"}],"wp:term":[{"taxonomy":"category","embeddable":true,"href":"http:\/\/fmriachuelo.it10.com.ar\/index.php\/wp-json\/wp\/v2\/categories?post=9143"},{"taxonomy":"post_tag","embeddable":true,"href":"http:\/\/fmriachuelo.it10.com.ar\/index.php\/wp-json\/wp\/v2\/tags?post=9143"}],"curies":[{"name":"wp","href":"https:\/\/api.w.org\/{rel}","templated":true}]}}