{"id":9138,"date":"2019-03-02T01:16:15","date_gmt":"2019-03-02T01:16:15","guid":{"rendered":"http:\/\/fmriachuelo.com.ar\/?p=9138"},"modified":"2019-03-02T01:16:15","modified_gmt":"2019-03-02T01:16:15","slug":"cuando-las-organizaciones-se-unen-en-actividades-concretas-llevan-alegria-al-barrio","status":"publish","type":"post","link":"http:\/\/fmriachuelo.it10.com.ar\/index.php\/2019\/03\/02\/cuando-las-organizaciones-se-unen-en-actividades-concretas-llevan-alegria-al-barrio\/","title":{"rendered":"CUANDO LAS ORGANIZACIONES SE UNEN EN ACTIVIDADES CONCRETAS LLEVAN ALEGR\u00cdA AL BARRIO"},"content":{"rendered":"<p><strong>[Fm Riachuelo 01\/03\/2019] Hoy en Rompe el Cerco Iinformativo hablamos con Jony, compa\u00f1ero del Frente Popular Dar\u00edo Santill\u00e1n, con el objetivo de balancear lo que fue la experiencia \u201cVacaciones en la Plaza\u201d.<\/strong><\/p>\n<p>A principio de este a\u00f1o, las organizaciones hermanas de La Boca articularon una actividad para ofrecer a les pibes del barrio que quedaron fuera de las colonias y sin la merienda de la escuela, una experienca superadora. As\u00ed naci\u00f3 \u201cVacaciones en la Plaza\u201d, que se desarroll\u00f3 todos los martes y jueves de enero en Plaza Matheu con juegos, talleres, actividades y merienda, todo gratuito. En principio se pens\u00f3 s\u00f3lo para enero, pero fue tan bien recibida que se extendi\u00f3 a los jueves de febrero. Ayer justamente fue la \u00faltima jornada y hoy, dialogamos con Jony, para evaluar la experiencia y pensar como seguir articulando entre las distintas organizaciones.<\/p>\n<p>Entre varias cuestiones destac\u00f3 la importancia de construir experiencias concretas como:\u00a0\u00a0<strong>\u201ces importante hacer cosas concretas como una merienda pero tambi\u00e9n es fundamental cargarlas de sentido pol\u00edtico, y ver la alegr\u00eda que genera en les vecines, sobre todo en un a\u00f1o que comienza siendo tan dif\u00edcil desde lo econ\u00f3mico.<\/strong><\/p>\n<p>Por un lado Cambiemos avanza con sus pol\u00edticas de expulsi\u00f3n, ya sea con la baja de edad de imputabilidad o con el negociado inmobiliario que avasalla a les feriantes y trabajadores de la econom\u00eda popular, desplaz\u00e1ndoles del espacio p\u00fablico. Por otro lado nos encontramos en el marco de un a\u00f1o electoral en que parecer\u00eda que todas las energ\u00edas del campo pol\u00edtico se enfocan en octubre como \u00fanico fin.<\/p>\n<p>Frente a ambas realidades, son las organizaciones sociales las que se ponen al hombro la tarea de avanzar y ocupar aquellos espacios que nos son negados, entendiendo que la lucha y la unidad son una alternativa viable en medio de la desidia estatal y el abuso del poder.<\/p>\n<p><img loading=\"lazy\" decoding=\"async\" class=\"alignnone size-full wp-image-8832\" src=\"http:\/\/fmriachuelo.com.ar\/wp-content\/uploads\/2019\/01\/WhatsApp-Image-2019-01-08-at-19.39.36.jpeg\" alt=\"\" width=\"1280\" height=\"807\" srcset=\"http:\/\/fmriachuelo.it10.com.ar\/wp-content\/uploads\/2019\/01\/WhatsApp-Image-2019-01-08-at-19.39.36.jpeg 1280w, http:\/\/fmriachuelo.it10.com.ar\/wp-content\/uploads\/2019\/01\/WhatsApp-Image-2019-01-08-at-19.39.36-300x189.jpeg 300w, http:\/\/fmriachuelo.it10.com.ar\/wp-content\/uploads\/2019\/01\/WhatsApp-Image-2019-01-08-at-19.39.36-1024x646.jpeg 1024w, http:\/\/fmriachuelo.it10.com.ar\/wp-content\/uploads\/2019\/01\/WhatsApp-Image-2019-01-08-at-19.39.36-768x484.jpeg 768w, http:\/\/fmriachuelo.it10.com.ar\/wp-content\/uploads\/2019\/01\/WhatsApp-Image-2019-01-08-at-19.39.36-750x473.jpeg 750w, http:\/\/fmriachuelo.it10.com.ar\/wp-content\/uploads\/2019\/01\/WhatsApp-Image-2019-01-08-at-19.39.36-1140x719.jpeg 1140w\" sizes=\"auto, (max-width: 1280px) 100vw, 1280px\" \/><\/p>\n<p>Muestra de esto es como en el marco de la actividad, surgi\u00f3 la propuesta de restaurar la calesita que est\u00e1 abandonada en Plaza Matheu y recuperarla para las familias de La Boca. Objetivo que no formaba parte en principio de los planes y sin embargo surgi\u00f3 al pensar en la importancia de un pulm\u00f3n fundamental como es ese espacio verde. Al respecto dijo el entrevistado \u201c<strong>recuperar la calesita es una alegr\u00eda tambi\u00e9n para la gente en medio del abandono del Estado, en barrios como el nuestro donde vivimos hacinados\u201d.<\/strong><\/p>\n<p>Por \u00faltimo remarc\u00f3 el rol fundamental que tienen las organizaciones sociales y pol\u00edticas en las actividades que se llevan adelante en el barrio, pues unidas son quienes \u201cbancan un comedor, bancan un merendero, son las que realmente quieren una educaci\u00f3n popular y construyen otra alternativa\u201d y finaliz\u00f3 diciendo \u201cla uni\u00f3n de las organizaciones lleva esperanza al barrio\u201d.<\/p>\n<p>&nbsp;<\/p>\n","protected":false},"excerpt":{"rendered":"<p>[Fm Riachuelo 01\/03\/2019] Hoy en Rompe el Cerco Iinformativo hablamos con Jony, compa\u00f1ero del Frente Popular Dar\u00edo Santill\u00e1n, con el objetivo de balancear lo que fue la experiencia \u201cVacaciones en la Plaza\u201d. A principio de este a\u00f1o, las organizaciones hermanas de La Boca articularon una actividad para ofrecer a les pibes del barrio que quedaron [&hellip;]<\/p>\n","protected":false},"author":5,"featured_media":8842,"comment_status":"open","ping_status":"open","sticky":false,"template":"","format":"standard","meta":{"_monsterinsights_skip_tracking":false,"_monsterinsights_sitenote_active":false,"_monsterinsights_sitenote_note":"","_monsterinsights_sitenote_category":0,"jnews-multi-image_gallery":[],"jnews_single_post":[],"jnews_primary_category":[],"_joinchat":[],"footnotes":""},"categories":[78,76,77],"tags":[],"class_list":["post-9138","post","type-post","status-publish","format-standard","has-post-thumbnail","hentry","category-economia-popular","category-salud-comunitaria","category-soberania"],"_links":{"self":[{"href":"http:\/\/fmriachuelo.it10.com.ar\/index.php\/wp-json\/wp\/v2\/posts\/9138","targetHints":{"allow":["GET"]}}],"collection":[{"href":"http:\/\/fmriachuelo.it10.com.ar\/index.php\/wp-json\/wp\/v2\/posts"}],"about":[{"href":"http:\/\/fmriachuelo.it10.com.ar\/index.php\/wp-json\/wp\/v2\/types\/post"}],"author":[{"embeddable":true,"href":"http:\/\/fmriachuelo.it10.com.ar\/index.php\/wp-json\/wp\/v2\/users\/5"}],"replies":[{"embeddable":true,"href":"http:\/\/fmriachuelo.it10.com.ar\/index.php\/wp-json\/wp\/v2\/comments?post=9138"}],"version-history":[{"count":0,"href":"http:\/\/fmriachuelo.it10.com.ar\/index.php\/wp-json\/wp\/v2\/posts\/9138\/revisions"}],"wp:featuredmedia":[{"embeddable":true,"href":"http:\/\/fmriachuelo.it10.com.ar\/index.php\/wp-json\/wp\/v2\/media\/8842"}],"wp:attachment":[{"href":"http:\/\/fmriachuelo.it10.com.ar\/index.php\/wp-json\/wp\/v2\/media?parent=9138"}],"wp:term":[{"taxonomy":"category","embeddable":true,"href":"http:\/\/fmriachuelo.it10.com.ar\/index.php\/wp-json\/wp\/v2\/categories?post=9138"},{"taxonomy":"post_tag","embeddable":true,"href":"http:\/\/fmriachuelo.it10.com.ar\/index.php\/wp-json\/wp\/v2\/tags?post=9138"}],"curies":[{"name":"wp","href":"https:\/\/api.w.org\/{rel}","templated":true}]}}