{"id":9132,"date":"2019-03-01T03:41:09","date_gmt":"2019-03-01T03:41:09","guid":{"rendered":"http:\/\/fmriachuelo.com.ar\/?p=9132"},"modified":"2019-03-01T03:41:09","modified_gmt":"2019-03-01T03:41:09","slug":"unidos-y-organizados-para-dar-pelea","status":"publish","type":"post","link":"http:\/\/fmriachuelo.it10.com.ar\/index.php\/2019\/03\/01\/unidos-y-organizados-para-dar-pelea\/","title":{"rendered":"UNIDOS Y ORGANIZADOS PARA DAR PELEA"},"content":{"rendered":"<p><strong>[FM Riachuelo, 01\/03\/2019] En el d\u00eda de ayer el Encuentro Memoria, Verdad y Justicia realiz\u00f3 una marcha al Congreso para manifestarse en contra de la baja de edad de imputabilidad, el gatillo f\u00e1cil y la represi\u00f3n.Los familiares de v\u00edctimas estuvieron encabezando las columnas de la convocatoria al grito vivo de \u201cNo queremos polic\u00edas, no queremos represi\u00f3n. Queremos para lxs pibes trabajo y educaci\u00f3n\u201d<\/strong><\/p>\n<p>Entre ellos se encontraba Roxana Cainzos, madre de Nehu\u00e9n Rodr\u00edguez, uno de los pibes del barrio de la Boca que fue asesinado por la polic\u00eda en el a\u00f1o 2014. En conversaci\u00f3n con la FM Riachuelo, Roxana habl\u00f3 sobre las pol\u00edticas que se generan desde el barrio para contrarrestar este accionar represivo del Estado y dijo que: \u201cNosotrxs en este momento nos encontramos organizados y unidos entre todas las organizaciones del barrio para dar pelea tratando de construir espacios donde lxs pibes puedan ser integradxs y no dejadxs afuera para que despu\u00e9s la polic\u00eda los mate\u201d.<\/p>\n<p><img loading=\"lazy\" decoding=\"async\" class=\"alignnone size-full wp-image-9134\" src=\"http:\/\/fmriachuelo.com.ar\/wp-content\/uploads\/2019\/03\/IMG-20190228-WA0050.jpg\" alt=\"\" width=\"1280\" height=\"720\" srcset=\"http:\/\/fmriachuelo.it10.com.ar\/wp-content\/uploads\/2019\/03\/IMG-20190228-WA0050.jpg 1280w, http:\/\/fmriachuelo.it10.com.ar\/wp-content\/uploads\/2019\/03\/IMG-20190228-WA0050-300x169.jpg 300w, http:\/\/fmriachuelo.it10.com.ar\/wp-content\/uploads\/2019\/03\/IMG-20190228-WA0050-1024x576.jpg 1024w, http:\/\/fmriachuelo.it10.com.ar\/wp-content\/uploads\/2019\/03\/IMG-20190228-WA0050-768x432.jpg 768w, http:\/\/fmriachuelo.it10.com.ar\/wp-content\/uploads\/2019\/03\/IMG-20190228-WA0050-750x422.jpg 750w, http:\/\/fmriachuelo.it10.com.ar\/wp-content\/uploads\/2019\/03\/IMG-20190228-WA0050-1140x641.jpg 1140w\" sizes=\"auto, (max-width: 1280px) 100vw, 1280px\" \/><\/p>\n<p>Adem\u00e1s profundiz\u00f3 a cerca del Merendero \u00abMadres en Lucha\u00bb, un lugar que le brinda contenci\u00f3n y asesoramiento a madres y padres de v\u00edctimas de violencia institucional. Y que adem\u00e1s intentan contruir un espacio para brindarles a los pibes y pibas del barrio una merienda que muchas veces significa la \u00fanica posibilidad de alimentarse.<\/p>\n<p>Cainzos afirm\u00f3\u00a0 \u201cla idea de contruir el merendero es para darles nuestra experiencia\u00a0 de c\u00f3mo seguir despu\u00e9s de que te pasa una desgracia as\u00ed( en referencia al asesinato de un hijx), y de c\u00f3mo integrar a lxs pibes ya de chiquitxs para tratar de que cada vez los casos sean menos, en un sistema que es totalmente excluyente para nuestrxs j\u00f3venes.\u201d<\/p>\n<p>&nbsp;<\/p>\n","protected":false},"excerpt":{"rendered":"<p>[FM Riachuelo, 01\/03\/2019] En el d\u00eda de ayer el Encuentro Memoria, Verdad y Justicia realiz\u00f3 una marcha al Congreso para manifestarse en contra de la baja de edad de imputabilidad, el gatillo f\u00e1cil y la represi\u00f3n.Los familiares de v\u00edctimas estuvieron encabezando las columnas de la convocatoria al grito vivo de \u201cNo queremos polic\u00edas, no queremos [&hellip;]<\/p>\n","protected":false},"author":5,"featured_media":9133,"comment_status":"open","ping_status":"open","sticky":false,"template":"","format":"standard","meta":{"_monsterinsights_skip_tracking":false,"_monsterinsights_sitenote_active":false,"_monsterinsights_sitenote_note":"","_monsterinsights_sitenote_category":0,"jnews-multi-image_gallery":[],"jnews_single_post":[],"jnews_primary_category":[],"_joinchat":[],"footnotes":""},"categories":[78,79,76],"tags":[],"class_list":["post-9132","post","type-post","status-publish","format-standard","has-post-thumbnail","hentry","category-economia-popular","category-nadie-se-salva-solo","category-salud-comunitaria"],"_links":{"self":[{"href":"http:\/\/fmriachuelo.it10.com.ar\/index.php\/wp-json\/wp\/v2\/posts\/9132","targetHints":{"allow":["GET"]}}],"collection":[{"href":"http:\/\/fmriachuelo.it10.com.ar\/index.php\/wp-json\/wp\/v2\/posts"}],"about":[{"href":"http:\/\/fmriachuelo.it10.com.ar\/index.php\/wp-json\/wp\/v2\/types\/post"}],"author":[{"embeddable":true,"href":"http:\/\/fmriachuelo.it10.com.ar\/index.php\/wp-json\/wp\/v2\/users\/5"}],"replies":[{"embeddable":true,"href":"http:\/\/fmriachuelo.it10.com.ar\/index.php\/wp-json\/wp\/v2\/comments?post=9132"}],"version-history":[{"count":0,"href":"http:\/\/fmriachuelo.it10.com.ar\/index.php\/wp-json\/wp\/v2\/posts\/9132\/revisions"}],"wp:featuredmedia":[{"embeddable":true,"href":"http:\/\/fmriachuelo.it10.com.ar\/index.php\/wp-json\/wp\/v2\/media\/9133"}],"wp:attachment":[{"href":"http:\/\/fmriachuelo.it10.com.ar\/index.php\/wp-json\/wp\/v2\/media?parent=9132"}],"wp:term":[{"taxonomy":"category","embeddable":true,"href":"http:\/\/fmriachuelo.it10.com.ar\/index.php\/wp-json\/wp\/v2\/categories?post=9132"},{"taxonomy":"post_tag","embeddable":true,"href":"http:\/\/fmriachuelo.it10.com.ar\/index.php\/wp-json\/wp\/v2\/tags?post=9132"}],"curies":[{"name":"wp","href":"https:\/\/api.w.org\/{rel}","templated":true}]}}