{"id":913,"date":"2014-12-03T13:03:00","date_gmt":"2014-12-03T13:03:00","guid":{"rendered":"http:\/\/fmriachuelo.observatorioess.org.ar\/index.php\/2014\/12\/03\/colombia-y-los-dialogos-de-paz\/"},"modified":"2025-03-17T11:38:28","modified_gmt":"2025-03-17T14:38:28","slug":"colombia-y-los-dialogos-de-paz","status":"publish","type":"post","link":"http:\/\/fmriachuelo.it10.com.ar\/index.php\/2014\/12\/03\/colombia-y-los-dialogos-de-paz\/","title":{"rendered":"COLOMBIA Y LOS DI\u00c1LOGOS DE PAZ"},"content":{"rendered":"<p><span style=\"color: red;font-family: Verdana, sans-serif;font-size: large\"><strong>ESTADO DE SITUACI\u00d3N ENTRE EL GOBIERNO COLOMBIANO Y LAS FARC<\/strong><\/span><br \/><span style=\"font-family: Verdana, sans-serif\">El gobierno de Colombia y las FARC volvieron este martes a dialogar en Cuba para intentar relanzar el proceso de paz.<\/span><br \/><a name='more'><\/a><span style=\"font-family: Verdana, sans-serif\">Las delegaciones del gobierno y la guerrilla, encabezadas por Humberto de la Calle e Iv\u00e1n M\u00e1rquez, hacen una \u201cevaluaci\u00f3n fr\u00eda\u201d del proceso de paz, que durante dos a\u00f1os avanz\u00f3 a paso firme -aunque lento- hasta que las FARC capturaron al general Rub\u00e9n Alzate y sus dos acompa\u00f1antes, el 16 de noviembre, a los que liberaron hace dos d\u00edas.<br \/>\u201cLos sucesos recientes, que demuestran la fortaleza del proceso y la capacidad de superar obst\u00e1culos desde La Habana, nos deben llevar a dar un salto hacia adelante\u201d, dijo De la Calle.<br \/>Esta reuni\u00f3n a puertas cerradas, iniciada hacia las 10:00 horas, tiempo local (15:00 horas GMT), es la primera que tienen ambas delegaciones en un mes y se desarrolla un d\u00eda despu\u00e9s de que el general pidiera su baja del Ej\u00e9rcito y admitiera que se equivoc\u00f3 al aventurarse sin escolta en una remota zona selv\u00e1tica controlada por la guerrilla.<br \/>Para retomar las negociaciones el presidente Juan Manuel Santos exig\u00eda la liberaci\u00f3n del general, la abogada Gloria Urrego y el cabo Jorge Rodr\u00edguez, lo que ocurri\u00f3 el domingo cuando la FARC los entregaron a delegados del Comit\u00e9 Internacional de la Cruz Roja y de los garantes del proceso de paz, Cuba y Noruega.<br \/>Cinco d\u00edas antes las Fuerzas Armadas Revolucionarias de Colombia (FARC), hab\u00edan liberado a otros dos soldados capturados en otra zona.<br \/>\u201cNo creo que el caso del general haya dejado gravemente herida la mesa de negociaciones\u201d, afirm\u00f3 Santos en una entrevista con la radio RCN este martes.<\/span><br \/><span style=\"color: #3d85c6;font-family: Verdana, sans-serif;font-size: x-small\"><b>FUENTE: TELESUR<\/b><\/span><br \/><a href=\"http:\/\/3.bp.blogspot.com\/-JzA_zisemPQ\/VH8Lov01NPI\/AAAAAAAABw0\/lh1ASSNKWq8\/s1600\/COOP%2BRIACHIUELO%2BPRODUCCIONES.jpg\" style=\"clear: left;font-family: Verdana, sans-serif;margin-bottom: 1em;margin-right: 1em;text-align: center\"><img loading=\"lazy\" decoding=\"async\" border=\"0\" src=\"http:\/\/3.bp.blogspot.com\/-JzA_zisemPQ\/VH8Lov01NPI\/AAAAAAAABw0\/lh1ASSNKWq8\/s1600\/COOP%2BRIACHIUELO%2BPRODUCCIONES.jpg\" height=\"58\" width=\"200\" \/><\/a><br \/><span style=\"color: blue;font-family: Verdana, sans-serif\"><\/span><\/p>\n","protected":false},"excerpt":{"rendered":"<p>ESTADO DE SITUACI\u00d3N ENTRE EL GOBIERNO COLOMBIANO Y LAS FARCEl gobierno de Colombia y las FARC volvieron este martes a dialogar en Cuba para intentar relanzar el proceso de paz.Las delegaciones del gobierno y la guerrilla, encabezadas por Humberto de la Calle e Iv\u00e1n M\u00e1rquez, hacen una \u201cevaluaci\u00f3n fr\u00eda\u201d del proceso de paz, que durante [&hellip;]<\/p>\n","protected":false},"author":4,"featured_media":0,"comment_status":"open","ping_status":"open","sticky":false,"template":"","format":"standard","meta":{"_monsterinsights_skip_tracking":false,"_monsterinsights_sitenote_active":false,"_monsterinsights_sitenote_note":"","_monsterinsights_sitenote_category":0,"jnews-multi-image_gallery":[],"jnews_single_post":{"format":"standard"},"jnews_primary_category":[],"_joinchat":[],"footnotes":""},"categories":[58],"tags":[70],"class_list":["post-913","post","type-post","status-publish","format-standard","hentry","category-noticiariachuelo","tag-de-la-patria-grande"],"_links":{"self":[{"href":"http:\/\/fmriachuelo.it10.com.ar\/index.php\/wp-json\/wp\/v2\/posts\/913","targetHints":{"allow":["GET"]}}],"collection":[{"href":"http:\/\/fmriachuelo.it10.com.ar\/index.php\/wp-json\/wp\/v2\/posts"}],"about":[{"href":"http:\/\/fmriachuelo.it10.com.ar\/index.php\/wp-json\/wp\/v2\/types\/post"}],"author":[{"embeddable":true,"href":"http:\/\/fmriachuelo.it10.com.ar\/index.php\/wp-json\/wp\/v2\/users\/4"}],"replies":[{"embeddable":true,"href":"http:\/\/fmriachuelo.it10.com.ar\/index.php\/wp-json\/wp\/v2\/comments?post=913"}],"version-history":[{"count":1,"href":"http:\/\/fmriachuelo.it10.com.ar\/index.php\/wp-json\/wp\/v2\/posts\/913\/revisions"}],"predecessor-version":[{"id":21993,"href":"http:\/\/fmriachuelo.it10.com.ar\/index.php\/wp-json\/wp\/v2\/posts\/913\/revisions\/21993"}],"wp:attachment":[{"href":"http:\/\/fmriachuelo.it10.com.ar\/index.php\/wp-json\/wp\/v2\/media?parent=913"}],"wp:term":[{"taxonomy":"category","embeddable":true,"href":"http:\/\/fmriachuelo.it10.com.ar\/index.php\/wp-json\/wp\/v2\/categories?post=913"},{"taxonomy":"post_tag","embeddable":true,"href":"http:\/\/fmriachuelo.it10.com.ar\/index.php\/wp-json\/wp\/v2\/tags?post=913"}],"curies":[{"name":"wp","href":"https:\/\/api.w.org\/{rel}","templated":true}]}}