{"id":9127,"date":"2019-02-28T22:56:40","date_gmt":"2019-02-28T22:56:40","guid":{"rendered":"http:\/\/fmriachuelo.com.ar\/?p=9127"},"modified":"2019-02-28T22:56:40","modified_gmt":"2019-02-28T22:56:40","slug":"la-escuela-9-quinquela-no-se-toca-gracias-a-la-lucha-organizada","status":"publish","type":"post","link":"http:\/\/fmriachuelo.it10.com.ar\/index.php\/2019\/02\/28\/la-escuela-9-quinquela-no-se-toca-gracias-a-la-lucha-organizada\/","title":{"rendered":"LA ESCUELA 9 \u00abQUINQUELA\u00bb NO SE TOCA!! GRACIAS A LA LUCHA ORGANIZADA"},"content":{"rendered":"<p>[<strong>FM Riachuelo, 28\/02\/2019] Hoy en Romp\u00e9 el Cerco Informativo nos comunicamos con Ernesto docente de la Escuela 9 quien nos cont\u00f3 sobre el gran avance logrado hoy en la lucha que se lleva adelante para no permitir la modificaci\u00f3n de la puerta de ingreso y el espacio de entrada a la escuela, que hace 12 d\u00edas tiene a toda la comunidad educativa en asambleas permanentes y resistencia, acompa\u00f1ada por padres y organizaciones del barrio con diversas acciones y\u00a0 cortes del puente para visibilizar este intento de avasallamiento del Gobierno de CABA sobre la Escuela P\u00fablica.<\/strong><\/p>\n<p>En el transcurso de la Asamblea que se desarrollaba hoy en la Escuela 9, se presentaron autoridades del Ministerio de Educaci\u00f3n y se les explic\u00f3 la situaci\u00f3n y\u00a0 se pudo entregar el petitorio con el proyecto de la comunidad para no modificar el ingreso, se vieron obligados a colocar la puerta doble de acceso como estaba antes de que comenzaran las obras,\u00a0 y adem\u00e1s el no tomar parte de la entrada del edificio para adjudic\u00e1rsela al Museo, como pretend\u00edan las obras del gobierno que ya hab\u00edan comenzado. Luego de esto se procedi\u00f3 a fijar una fecha que se acord\u00f3 para el 14 de marzo, y reunirse nuevamente en el establecimiento con padres, docentes, autoridades de la Escuela, del Ministerio y Bomberos de La Boca, para discutir entre todxs cual ser\u00e1 la respuesta, que deber\u00e1 contemplar el no modificar el espacio de ingreso al establecimiento.<\/p>\n<p>Esto fue recibido con gran alegr\u00eda por parte de la comunidad presente ya que junto a las organizaciones del barrio, los padres, docentes y alumnxs se viene dando una fuerte lucha para no permitir el avasallamiento sobre la Escuela P\u00fablica, que se pretende hacer con esta obra desde el gobierno de CABA,\u00a0 que s\u00f3lo busca avanzar sobre lo que pertenece a la comunidad.<\/p>\n<p>Ernesto docente de la Quinquela nos dijo al respecto<strong><em>\u00abEstamos muy contentos porque la lucha que estamos llevando adelante est\u00e1 dando sus frutos, hoy durante la Asamblea pudimos decirles que la obra que ellos plantean realizar no la vamos a permitir, los argumentos que ellos esgrimieron estaban llenos de falacias y no tienen en cuenta la historia de la comunidad ni los derechos de nuestros chicxs.<\/em><\/strong>\u00bb<\/p>\n<p>Luego continu\u00f3 diciendo: <em><strong>\u00bb Esto llev\u00f3 a pensar otras opciones de acuerdo al proyecto que entreg\u00f3 la comunidad y fijar la fecha del 14 de marzo para no permitir el avance sobre nuestra identidad, y obtener una respuesta acorde a lo pedido por toda la comunidad\u00bb.<\/strong><\/em><\/p>\n<p>Por \u00faltimo nos coment\u00f3: <em><strong>\u00abEs un ataque simb\u00f3lico de como el Estado quiere avanzar sobre la Escuela P\u00fablica, priorizando el negocio del turismo\u00a0 y entregando el espacio de la escuela al Museo, estamos muy contentos\u00a0 y agradecemos el apoyo de todas las organizaciones que lograron que podamos ser escuchados y no se avasallen nuestros derechos\u00bb<\/strong><\/em><\/p>\n<p>El d\u00eda 14 de marzo a las 16 horas se realizar\u00e1 el Festival \u00abQuinquela no se Achica\u00bb, ya que ese mismo d\u00eda\u00a0 se deben presentar nuevamente las autoridades del gobierno para traer una respuesta.<\/p>\n<p><strong>LA HISTORIA SE PUEDE CAMBIAR SOLO CON LA LUCHA Y LA PARTICIPACI\u00d3N DE TODXS!<\/strong><\/p>\n<p>Escuch\u00e1 la entrevista completa<\/p>\n<p>https:\/\/ar.radiocut.fm\/audiocut\/la-escuela-quinquela-no-se-toca-gracias-a-la-lucha-organizada\/?replay=1#evtCat=AudioCutDetail&#038;evtAct=Progress&#038;evtLabel=ExitReplay<\/p>\n<p>&nbsp;<\/p>\n<p>&nbsp;<\/p>\n<p>&nbsp;<\/p>\n","protected":false},"excerpt":{"rendered":"<p>[FM Riachuelo, 28\/02\/2019] Hoy en Romp\u00e9 el Cerco Informativo nos comunicamos con Ernesto docente de la Escuela 9 quien nos cont\u00f3 sobre el gran avance logrado hoy en la lucha que se lleva adelante para no permitir la modificaci\u00f3n de la puerta de ingreso y el espacio de entrada a la escuela, que hace 12 [&hellip;]<\/p>\n","protected":false},"author":5,"featured_media":9063,"comment_status":"open","ping_status":"open","sticky":false,"template":"","format":"standard","meta":{"_monsterinsights_skip_tracking":false,"_monsterinsights_sitenote_active":false,"_monsterinsights_sitenote_note":"","_monsterinsights_sitenote_category":0,"jnews-multi-image_gallery":[],"jnews_single_post":[],"jnews_primary_category":[],"_joinchat":[],"footnotes":""},"categories":[78,76,77],"tags":[],"class_list":["post-9127","post","type-post","status-publish","format-standard","has-post-thumbnail","hentry","category-economia-popular","category-salud-comunitaria","category-soberania"],"_links":{"self":[{"href":"http:\/\/fmriachuelo.it10.com.ar\/index.php\/wp-json\/wp\/v2\/posts\/9127","targetHints":{"allow":["GET"]}}],"collection":[{"href":"http:\/\/fmriachuelo.it10.com.ar\/index.php\/wp-json\/wp\/v2\/posts"}],"about":[{"href":"http:\/\/fmriachuelo.it10.com.ar\/index.php\/wp-json\/wp\/v2\/types\/post"}],"author":[{"embeddable":true,"href":"http:\/\/fmriachuelo.it10.com.ar\/index.php\/wp-json\/wp\/v2\/users\/5"}],"replies":[{"embeddable":true,"href":"http:\/\/fmriachuelo.it10.com.ar\/index.php\/wp-json\/wp\/v2\/comments?post=9127"}],"version-history":[{"count":0,"href":"http:\/\/fmriachuelo.it10.com.ar\/index.php\/wp-json\/wp\/v2\/posts\/9127\/revisions"}],"wp:featuredmedia":[{"embeddable":true,"href":"http:\/\/fmriachuelo.it10.com.ar\/index.php\/wp-json\/wp\/v2\/media\/9063"}],"wp:attachment":[{"href":"http:\/\/fmriachuelo.it10.com.ar\/index.php\/wp-json\/wp\/v2\/media?parent=9127"}],"wp:term":[{"taxonomy":"category","embeddable":true,"href":"http:\/\/fmriachuelo.it10.com.ar\/index.php\/wp-json\/wp\/v2\/categories?post=9127"},{"taxonomy":"post_tag","embeddable":true,"href":"http:\/\/fmriachuelo.it10.com.ar\/index.php\/wp-json\/wp\/v2\/tags?post=9127"}],"curies":[{"name":"wp","href":"https:\/\/api.w.org\/{rel}","templated":true}]}}