{"id":912,"date":"2014-12-03T13:10:00","date_gmt":"2014-12-03T13:10:00","guid":{"rendered":"http:\/\/fmriachuelo.observatorioess.org.ar\/index.php\/2014\/12\/03\/uruguay-y-el-futuro-gabinete\/"},"modified":"2025-03-17T11:38:54","modified_gmt":"2025-03-17T14:38:54","slug":"uruguay-y-el-futuro-gabinete","status":"publish","type":"post","link":"http:\/\/fmriachuelo.it10.com.ar\/index.php\/2014\/12\/03\/uruguay-y-el-futuro-gabinete\/","title":{"rendered":"URUGUAY Y EL FUTURO GABINETE"},"content":{"rendered":"<p><span style=\"color: red;font-family: Verdana, sans-serif;font-size: large\"><strong>CINCO MUJERES EN EL NUEVO GABINETE MINISTERIAL DE TABAR\u00c9 V\u00c1SQUEZ<\/strong><\/span><\/p>\n<div style=\"clear: both;text-align: center\"><a href=\"http:\/\/1.bp.blogspot.com\/-BajBKnio3Vk\/VH8K13ddbKI\/AAAAAAAABwo\/tSdSbmkZ1Cs\/s1600\/tabare_jpg_1718483346.jpg\" style=\"clear: left;float: left;margin-bottom: 1em;margin-right: 1em\"><span style=\"font-family: Verdana, sans-serif\"><img loading=\"lazy\" decoding=\"async\" border=\"0\" src=\"http:\/\/1.bp.blogspot.com\/-BajBKnio3Vk\/VH8K13ddbKI\/AAAAAAAABwo\/tSdSbmkZ1Cs\/s1600\/tabare_jpg_1718483346.jpg\" height=\"181\" width=\"320\" \/><\/span><\/a><\/div>\n<p><span style=\"font-family: Verdana, sans-serif\">El reci\u00e9n electo presidente de Uruguay, Tabar\u00e9 V\u00e1zquez, anunci\u00f3 que de los quince ministerios, cinco tienen a una mujer como titular.<\/span><br \/><span style=\"font-family: Verdana, sans-serif\">Esta acci\u00f3n refuerza el protagonismo que las mujeres han ganado en las m\u00e1s altas instancias del pa\u00eds suramericano.<br \/>Los nombres de las mujeres que estar\u00e1n el gabinete del nuevo Gobierno son:<\/span><br \/><span style=\"font-family: Verdana, sans-serif\">Ministerio de Desarrollo Social (Mides): Marina Arismendi<br \/>\u200bMinisterio de Vivienda: Eneida De Le\u00f3n<br \/>Ministerio de Industria: Carolina Cosse<br \/>\u200bMinisterio de Turismo: Lili\u00e1m Kechichi\u00e1n<br \/>Ministerio de Educaci\u00f3n: Mar\u00eda Julia Mu\u00f1oz<\/span><br \/><span style=\"color: #3d85c6;font-family: Verdana, sans-serif;font-size: x-small\"><b>FUENTE: TELESUR<\/b><\/span><\/p>\n<div style=\"clear: both;text-align: center\"><a href=\"http:\/\/1.bp.blogspot.com\/-JzA_zisemPQ\/VH8Lov01NPI\/AAAAAAAABww\/4ysj2tWIdX8\/s1600\/COOP%2BRIACHIUELO%2BPRODUCCIONES.jpg\" style=\"clear: left;float: left;margin-bottom: 1em;margin-right: 1em\"><span style=\"font-family: Verdana, sans-serif\"><img loading=\"lazy\" decoding=\"async\" border=\"0\" src=\"http:\/\/1.bp.blogspot.com\/-JzA_zisemPQ\/VH8Lov01NPI\/AAAAAAAABww\/4ysj2tWIdX8\/s1600\/COOP%2BRIACHIUELO%2BPRODUCCIONES.jpg\" height=\"58\" width=\"200\" \/><\/span><\/a><\/div>\n","protected":false},"excerpt":{"rendered":"<p>CINCO MUJERES EN EL NUEVO GABINETE MINISTERIAL DE TABAR\u00c9 V\u00c1SQUEZ El reci\u00e9n electo presidente de Uruguay, Tabar\u00e9 V\u00e1zquez, anunci\u00f3 que de los quince ministerios, cinco tienen a una mujer como titular.Esta acci\u00f3n refuerza el protagonismo que las mujeres han ganado en las m\u00e1s altas instancias del pa\u00eds suramericano.Los nombres de las mujeres que estar\u00e1n el [&hellip;]<\/p>\n","protected":false},"author":4,"featured_media":0,"comment_status":"open","ping_status":"open","sticky":false,"template":"","format":"standard","meta":{"_monsterinsights_skip_tracking":false,"_monsterinsights_sitenote_active":false,"_monsterinsights_sitenote_note":"","_monsterinsights_sitenote_category":0,"jnews-multi-image_gallery":[],"jnews_single_post":{"format":"standard"},"jnews_primary_category":[],"_joinchat":[],"footnotes":""},"categories":[58],"tags":[70],"class_list":["post-912","post","type-post","status-publish","format-standard","hentry","category-noticiariachuelo","tag-de-la-patria-grande"],"_links":{"self":[{"href":"http:\/\/fmriachuelo.it10.com.ar\/index.php\/wp-json\/wp\/v2\/posts\/912","targetHints":{"allow":["GET"]}}],"collection":[{"href":"http:\/\/fmriachuelo.it10.com.ar\/index.php\/wp-json\/wp\/v2\/posts"}],"about":[{"href":"http:\/\/fmriachuelo.it10.com.ar\/index.php\/wp-json\/wp\/v2\/types\/post"}],"author":[{"embeddable":true,"href":"http:\/\/fmriachuelo.it10.com.ar\/index.php\/wp-json\/wp\/v2\/users\/4"}],"replies":[{"embeddable":true,"href":"http:\/\/fmriachuelo.it10.com.ar\/index.php\/wp-json\/wp\/v2\/comments?post=912"}],"version-history":[{"count":1,"href":"http:\/\/fmriachuelo.it10.com.ar\/index.php\/wp-json\/wp\/v2\/posts\/912\/revisions"}],"predecessor-version":[{"id":21994,"href":"http:\/\/fmriachuelo.it10.com.ar\/index.php\/wp-json\/wp\/v2\/posts\/912\/revisions\/21994"}],"wp:attachment":[{"href":"http:\/\/fmriachuelo.it10.com.ar\/index.php\/wp-json\/wp\/v2\/media?parent=912"}],"wp:term":[{"taxonomy":"category","embeddable":true,"href":"http:\/\/fmriachuelo.it10.com.ar\/index.php\/wp-json\/wp\/v2\/categories?post=912"},{"taxonomy":"post_tag","embeddable":true,"href":"http:\/\/fmriachuelo.it10.com.ar\/index.php\/wp-json\/wp\/v2\/tags?post=912"}],"curies":[{"name":"wp","href":"https:\/\/api.w.org\/{rel}","templated":true}]}}