{"id":9117,"date":"2019-02-28T16:14:34","date_gmt":"2019-02-28T16:14:34","guid":{"rendered":"http:\/\/fmriachuelo.com.ar\/?p=9117"},"modified":"2019-02-28T16:14:34","modified_gmt":"2019-02-28T16:14:34","slug":"solidaridad-de-las-huertas-de-tigre-con-la-utt","status":"publish","type":"post","link":"http:\/\/fmriachuelo.it10.com.ar\/index.php\/2019\/02\/28\/solidaridad-de-las-huertas-de-tigre-con-la-utt\/","title":{"rendered":"SOLIDARIDAD DE LAS HUERTAS DE TIGRE CON LA UTT"},"content":{"rendered":"<p>[<strong>FM Riachuelo, 28\/02\/2019]\u00a0En solidaridad y dando la pelea por\u00a0 la soberan\u00eda alimentaria los compa\u00f1eros de las huertas de Tigre:\u00a0 \u00abComunidad Pacheco\u00bb, \u00abComunidad Originaria Querand\u00ed\u00bb y \u00abLas Tunas\u00bb llevaron adelante un proyecto por el cual donaron al Feriazo realizado por la Uni\u00f3n de Trabajadores de la Tierra en Plaza de Mayo,\u00a0<\/strong><strong>\u00a0la producci\u00f3n de sus tierras como un gesto solidario y de adhesi\u00f3n a la lucha que llevan adelante los compa\u00f1eros de UTT,\u00a0 \u00a0para que el pueblo presente en el feriazo pudiera llevar as\u00ed alimentos gratis a sus casas, y poder\u00a0 paliar alguna de las tantas necesidades por las que est\u00e1n atravesando por las pol\u00edticas de hambre\u00a0 y ajuste del actual gobierno neoliberal.<\/strong><\/p>\n<p><img loading=\"lazy\" decoding=\"async\" class=\"aligncenter wp-image-9123 size-large\" src=\"http:\/\/fmriachuelo.com.ar\/wp-content\/uploads\/2019\/02\/WhatsApp-Image-2019-02-27-at-5.02.03-PM-1024x767.jpeg\" alt=\"\" width=\"640\" height=\"479\" srcset=\"http:\/\/fmriachuelo.it10.com.ar\/wp-content\/uploads\/2019\/02\/WhatsApp-Image-2019-02-27-at-5.02.03-PM-1024x767.jpeg 1024w, http:\/\/fmriachuelo.it10.com.ar\/wp-content\/uploads\/2019\/02\/WhatsApp-Image-2019-02-27-at-5.02.03-PM-300x225.jpeg 300w, http:\/\/fmriachuelo.it10.com.ar\/wp-content\/uploads\/2019\/02\/WhatsApp-Image-2019-02-27-at-5.02.03-PM-768x575.jpeg 768w, http:\/\/fmriachuelo.it10.com.ar\/wp-content\/uploads\/2019\/02\/WhatsApp-Image-2019-02-27-at-5.02.03-PM-750x562.jpeg 750w, http:\/\/fmriachuelo.it10.com.ar\/wp-content\/uploads\/2019\/02\/WhatsApp-Image-2019-02-27-at-5.02.03-PM-1140x854.jpeg 1140w, http:\/\/fmriachuelo.it10.com.ar\/wp-content\/uploads\/2019\/02\/WhatsApp-Image-2019-02-27-at-5.02.03-PM.jpeg 1280w\" sizes=\"auto, (max-width: 640px) 100vw, 640px\" \/><\/p>\n<p>&nbsp;<\/p>\n<p>&nbsp;<\/p>\n<p>Toda esta acci\u00f3n\u00a0 llevada adelante por las huertas de Tigre\u00a0 \u00a0se sum\u00f3 al encuentro del feriazo, para comprender la solidaridad entre trabajadorxs que luchan por un objetivo en com\u00fan todos los d\u00edas, FM Riachuelo estuvo presente con un m\u00f3vil para conversar con algunos de los compa\u00f1erxs de las huertas,entre ellos Valeria de \u00abComunidad Pacheco\u00bb nos coment\u00f3:<em><strong>\u00abEs un placer estar ac\u00e1 aportando entre todas las comunidades de las huertas al pueblo que necesita de nuestros productos, el alimento es algo estrat\u00e9gico y debe estar aqu\u00ed\u00bb<\/strong><\/em><\/p>\n<p>Luego Cintia de \u00abLas Tunas\u00bb nos dijo: <em><strong>\u00abEs una forma de visibilizar el trabajo y el valor de este trabajo en las huertas,\u00a0 porque nosotrxs luchamos contra los grandes empresarios que usan agrot\u00f3xicos para producir, nosotrxs con nuestro cooperativismo y en comunidad estamos trabajando no s\u00f3lo la tierra sino los valores y los v\u00ednculos de estar todos juntos\u00bb<\/strong><\/em><\/p>\n<p><img loading=\"lazy\" decoding=\"async\" class=\"aligncenter wp-image-9119 size-large\" src=\"http:\/\/fmriachuelo.com.ar\/wp-content\/uploads\/2019\/02\/WhatsApp-Image-2019-02-27-at-4.39.25-PM-1-1024x746.jpeg\" alt=\"\" width=\"640\" height=\"466\" srcset=\"http:\/\/fmriachuelo.it10.com.ar\/wp-content\/uploads\/2019\/02\/WhatsApp-Image-2019-02-27-at-4.39.25-PM-1-1024x746.jpeg 1024w, http:\/\/fmriachuelo.it10.com.ar\/wp-content\/uploads\/2019\/02\/WhatsApp-Image-2019-02-27-at-4.39.25-PM-1-300x218.jpeg 300w, http:\/\/fmriachuelo.it10.com.ar\/wp-content\/uploads\/2019\/02\/WhatsApp-Image-2019-02-27-at-4.39.25-PM-1-768x559.jpeg 768w, http:\/\/fmriachuelo.it10.com.ar\/wp-content\/uploads\/2019\/02\/WhatsApp-Image-2019-02-27-at-4.39.25-PM-1-120x86.jpeg 120w, http:\/\/fmriachuelo.it10.com.ar\/wp-content\/uploads\/2019\/02\/WhatsApp-Image-2019-02-27-at-4.39.25-PM-1-750x546.jpeg 750w, http:\/\/fmriachuelo.it10.com.ar\/wp-content\/uploads\/2019\/02\/WhatsApp-Image-2019-02-27-at-4.39.25-PM-1-1140x830.jpeg 1140w, http:\/\/fmriachuelo.it10.com.ar\/wp-content\/uploads\/2019\/02\/WhatsApp-Image-2019-02-27-at-4.39.25-PM-1.jpeg 1280w\" sizes=\"auto, (max-width: 640px) 100vw, 640px\" \/><\/p>\n<p>Luego la compa\u00f1era Jessica\u00a0 de \u00bb Comunidad Originaria Punta Querand\u00ed\u00bb\u00a0 nos explic\u00f3 como se sent\u00eda participando del feriazo y de el proyecto solidario de las huertas: <em><strong>\u00abEs una alegr\u00eda inmensa y un orgullo poder acompa\u00f1ar a los compa\u00f1eros de la UTT, lo que m\u00e1s conmueve es la fuerza de lucha el amor y el compromiso que ponen todxs las familias\u00a0 trabajando en la tierra para producir el alimento\u00a0 para todo el pueblo, eso es un gran orgullo\u00bb.<\/strong><\/em><\/p>\n<p>Escuch\u00e1 nuestro m\u00f3vil completo<\/p>\n<p><a href=\"https:\/\/radiocut.fm\/audiocut\/todo-sumo-al-encuentro-a-entender-la-solidaridad-y-eso-nos-fortalece\/?replay=1#evtCat=AudioCutDetail&amp;evtAct=Progress&amp;evtLabel=ExitReplay\">https:\/\/radiocut.fm\/audiocut\/todo-sumo-al-encuentro-a-entender-la-solidaridad-y-eso-nos-fortalece\/?replay=1#evtCat=AudioCutDetail&amp;evtAct=Progress&amp;evtLabel=ExitReplay<\/a><\/p>\n","protected":false},"excerpt":{"rendered":"<p>[FM Riachuelo, 28\/02\/2019]\u00a0En solidaridad y dando la pelea por\u00a0 la soberan\u00eda alimentaria los compa\u00f1eros de las huertas de Tigre:\u00a0 \u00abComunidad Pacheco\u00bb, \u00abComunidad Originaria Querand\u00ed\u00bb y \u00abLas Tunas\u00bb llevaron adelante un proyecto por el cual donaron al Feriazo realizado por la Uni\u00f3n de Trabajadores de la Tierra en Plaza de Mayo,\u00a0\u00a0la producci\u00f3n de sus tierras como [&hellip;]<\/p>\n","protected":false},"author":5,"featured_media":9118,"comment_status":"open","ping_status":"open","sticky":false,"template":"","format":"standard","meta":{"_monsterinsights_skip_tracking":false,"_monsterinsights_sitenote_active":false,"_monsterinsights_sitenote_note":"","_monsterinsights_sitenote_category":0,"jnews-multi-image_gallery":[],"jnews_single_post":[],"jnews_primary_category":[],"_joinchat":[],"footnotes":""},"categories":[76,74,75],"tags":[],"class_list":["post-9117","post","type-post","status-publish","format-standard","has-post-thumbnail","hentry","category-salud-comunitaria","category-san-cayetano","category-trabajo"],"_links":{"self":[{"href":"http:\/\/fmriachuelo.it10.com.ar\/index.php\/wp-json\/wp\/v2\/posts\/9117","targetHints":{"allow":["GET"]}}],"collection":[{"href":"http:\/\/fmriachuelo.it10.com.ar\/index.php\/wp-json\/wp\/v2\/posts"}],"about":[{"href":"http:\/\/fmriachuelo.it10.com.ar\/index.php\/wp-json\/wp\/v2\/types\/post"}],"author":[{"embeddable":true,"href":"http:\/\/fmriachuelo.it10.com.ar\/index.php\/wp-json\/wp\/v2\/users\/5"}],"replies":[{"embeddable":true,"href":"http:\/\/fmriachuelo.it10.com.ar\/index.php\/wp-json\/wp\/v2\/comments?post=9117"}],"version-history":[{"count":0,"href":"http:\/\/fmriachuelo.it10.com.ar\/index.php\/wp-json\/wp\/v2\/posts\/9117\/revisions"}],"wp:featuredmedia":[{"embeddable":true,"href":"http:\/\/fmriachuelo.it10.com.ar\/index.php\/wp-json\/wp\/v2\/media\/9118"}],"wp:attachment":[{"href":"http:\/\/fmriachuelo.it10.com.ar\/index.php\/wp-json\/wp\/v2\/media?parent=9117"}],"wp:term":[{"taxonomy":"category","embeddable":true,"href":"http:\/\/fmriachuelo.it10.com.ar\/index.php\/wp-json\/wp\/v2\/categories?post=9117"},{"taxonomy":"post_tag","embeddable":true,"href":"http:\/\/fmriachuelo.it10.com.ar\/index.php\/wp-json\/wp\/v2\/tags?post=9117"}],"curies":[{"name":"wp","href":"https:\/\/api.w.org\/{rel}","templated":true}]}}