{"id":911,"date":"2014-12-03T18:46:00","date_gmt":"2014-12-03T18:46:00","guid":{"rendered":"http:\/\/fmriachuelo.observatorioess.org.ar\/index.php\/2014\/12\/03\/a-un-ano-de-la-detencion-de-los-luchadores-sociales-fernando-esteche-y-raul-boli-lezcano\/"},"modified":"2025-03-17T11:39:45","modified_gmt":"2025-03-17T14:39:45","slug":"a-un-ano-de-la-detencion-de-los-luchadores-sociales-fernando-esteche-y-raul-boli-lezcano","status":"publish","type":"post","link":"http:\/\/fmriachuelo.it10.com.ar\/index.php\/2014\/12\/03\/a-un-ano-de-la-detencion-de-los-luchadores-sociales-fernando-esteche-y-raul-boli-lezcano\/","title":{"rendered":"A UN A\u00d1O DE LA DETENCI\u00d3N DE LOS LUCHADORES SOCIALES FERNANDO ESTECHE Y RAUL BOLI LEZCANO"},"content":{"rendered":"<p><strong style=\"color: red;font-family: Verdana, sans-serif;font-size: x-large\">POR UNA NAVIDAD SIN PRESOS POLITICOS<\/strong><\/p>\n<div>\n<div style=\"clear: both;text-align: left\"><a href=\"http:\/\/2.bp.blogspot.com\/-VU_V9GwzDFQ\/VH9aaP4m44I\/AAAAAAAABxA\/e76sDGuDtmM\/s1600\/quebracho%2Bhoy%2B1.jpg\" style=\"clear: left;float: left;margin-bottom: 1em;margin-right: 1em\"><img loading=\"lazy\" decoding=\"async\" border=\"0\" src=\"http:\/\/2.bp.blogspot.com\/-VU_V9GwzDFQ\/VH9aaP4m44I\/AAAAAAAABxA\/e76sDGuDtmM\/s1600\/quebracho%2Bhoy%2B1.jpg\" height=\"180\" width=\"320\" \/><\/a><\/div>\n<p><\/p>\n<div style=\"clear: both;text-align: left\"><a href=\"http:\/\/1.bp.blogspot.com\/-L9VHoz_Mm-Y\/VH9aeeI1ghI\/AAAAAAAABxI\/4mGFaKRjvUc\/s1600\/quebracho%2Bhoy.jpg\" style=\"clear: left;float: left;margin-bottom: 1em;margin-right: 1em\"><img loading=\"lazy\" decoding=\"async\" border=\"0\" src=\"http:\/\/1.bp.blogspot.com\/-L9VHoz_Mm-Y\/VH9aeeI1ghI\/AAAAAAAABxI\/4mGFaKRjvUc\/s1600\/quebracho%2Bhoy.jpg\" height=\"180\" width=\"320\" \/><\/a><\/div>\n<\/div>\n<p><span style=\"font-family: Verdana, sans-serif\">Bajo esta consigna un conjunto de organizaciones sociales se han reunido para marchar desde Retiro hasta los Tribunales. A un a\u00f1o de la decisi\u00f3n de la Corte Suprema de Justicia de confirmar la sentencia de los luchadores sociales Fernando Esteche y Raul \u201cBoli\u201d Lezcano, del Movimiento Popular (MPR) Quebracho, un conjunto de organizaciones  se han reunido para marchar desde Retiro hasta los Tribunales.<br \/>El d\u00eda 26 noviembre las organizaciones  populares de un amplio arco pol\u00edtico coincidieron en solidarizarse y acompa\u00f1ar la instalaci\u00f3n de dos carpas, en Tribunales y en Ezeiza,  para sostener una vigilia hasta navidad. Esta medida fue tomada para exigirle al Poder Judicial la libertad de los luchadores sociales  que sufren una injusta condena como autores intelectuales del escrache que el Movimiento Popular Revolucionario(MPR) Quebracho realiz\u00f3 contra un local del entonces gobernador Sobisch por el asesinato del maestro Carlos Fuentealba.<br \/>Recordamos que:<br \/>Fernando Esteche se encuentra en el Penal de Ezeiza cumpliendo la condena de tres a\u00f1os y ocho meses por   tres causas que han sido unificadas: la marcha en repudio en 2004 a la visita del Rodrigo de Rato (ex titular del Fondo Monetario Internacional),  la movilizaci\u00f3n en 2006 en apoyo al L\u00edbano y el escrache que en 2007  sufri\u00f3 un local del entonces gobernador de Neuqu\u00e9n por el asesinato del docente Carlos Fuentealba, y que a\u00fan se halla impune.  <br \/>Raul \u201cEl Boli\u201d Lescano permanece cumpliendo su condena con arresto domiciliario tras ser v\u00edctima de un ACV hemorr\u00e1gico en el Penal de Ezeiza.<\/span><br \/><strong><span style=\"font-family: Verdana, sans-serif\">Escuch\u00e1 el testimonio de&nbsp;<\/span><\/strong><a href=\"http:\/\/www.divshare.com\/playlist\/1204539-539\"><strong><span style=\"color: #3d85c6\">LITO BORELO<\/span><\/strong><\/a><strong>, <\/strong><span style=\"font-family: Verdana, sans-serif\"><strong>coordinador de la OSyP Los Pibes por <span style=\"color: red\">FM Riachuelo<\/span> en un <span style=\"color: red\">Chispazo Informativo.<\/span><\/strong><\/span><br \/><span style=\"font-family: Verdana, sans-serif\"><strong><span style=\"color: red\"><br \/><\/span><\/strong><\/span> <\/p>\n","protected":false},"excerpt":{"rendered":"<p>POR UNA NAVIDAD SIN PRESOS POLITICOS Bajo esta consigna un conjunto de organizaciones sociales se han reunido para marchar desde Retiro hasta los Tribunales. A un a\u00f1o de la decisi\u00f3n de la Corte Suprema de Justicia de confirmar la sentencia de los luchadores sociales Fernando Esteche y Raul \u201cBoli\u201d Lezcano, del Movimiento Popular (MPR) Quebracho, [&hellip;]<\/p>\n","protected":false},"author":4,"featured_media":0,"comment_status":"open","ping_status":"open","sticky":false,"template":"","format":"standard","meta":{"_monsterinsights_skip_tracking":false,"_monsterinsights_sitenote_active":false,"_monsterinsights_sitenote_note":"","_monsterinsights_sitenote_category":0,"jnews-multi-image_gallery":[],"jnews_single_post":{"format":"standard"},"jnews_primary_category":[],"_joinchat":[],"footnotes":""},"categories":[58],"tags":[119],"class_list":["post-911","post","type-post","status-publish","format-standard","hentry","category-noticiariachuelo","tag-derechos-humanos"],"_links":{"self":[{"href":"http:\/\/fmriachuelo.it10.com.ar\/index.php\/wp-json\/wp\/v2\/posts\/911","targetHints":{"allow":["GET"]}}],"collection":[{"href":"http:\/\/fmriachuelo.it10.com.ar\/index.php\/wp-json\/wp\/v2\/posts"}],"about":[{"href":"http:\/\/fmriachuelo.it10.com.ar\/index.php\/wp-json\/wp\/v2\/types\/post"}],"author":[{"embeddable":true,"href":"http:\/\/fmriachuelo.it10.com.ar\/index.php\/wp-json\/wp\/v2\/users\/4"}],"replies":[{"embeddable":true,"href":"http:\/\/fmriachuelo.it10.com.ar\/index.php\/wp-json\/wp\/v2\/comments?post=911"}],"version-history":[{"count":1,"href":"http:\/\/fmriachuelo.it10.com.ar\/index.php\/wp-json\/wp\/v2\/posts\/911\/revisions"}],"predecessor-version":[{"id":21995,"href":"http:\/\/fmriachuelo.it10.com.ar\/index.php\/wp-json\/wp\/v2\/posts\/911\/revisions\/21995"}],"wp:attachment":[{"href":"http:\/\/fmriachuelo.it10.com.ar\/index.php\/wp-json\/wp\/v2\/media?parent=911"}],"wp:term":[{"taxonomy":"category","embeddable":true,"href":"http:\/\/fmriachuelo.it10.com.ar\/index.php\/wp-json\/wp\/v2\/categories?post=911"},{"taxonomy":"post_tag","embeddable":true,"href":"http:\/\/fmriachuelo.it10.com.ar\/index.php\/wp-json\/wp\/v2\/tags?post=911"}],"curies":[{"name":"wp","href":"https:\/\/api.w.org\/{rel}","templated":true}]}}