{"id":9109,"date":"2019-02-28T14:32:17","date_gmt":"2019-02-28T14:32:17","guid":{"rendered":"http:\/\/fmriachuelo.com.ar\/?p=9109"},"modified":"2019-02-28T14:32:17","modified_gmt":"2019-02-28T14:32:17","slug":"hace-falta-avanzar-en-la-reforma-agraria-en-nuestro-pais","status":"publish","type":"post","link":"http:\/\/fmriachuelo.it10.com.ar\/index.php\/2019\/02\/28\/hace-falta-avanzar-en-la-reforma-agraria-en-nuestro-pais\/","title":{"rendered":"\u00abHACE FALTA AVANZAR EN LA REFORMA AGRARIA EN NUESTRO PA\u00cdS\u00bb"},"content":{"rendered":"<p><strong>[FM Riachuelo 28\/02\/2019] En el d\u00eda de ayer se realiz\u00f3 el verdurazo en Plaza de Mayo organizado por la Uni\u00f3n de Trabajadores de la Tierra para denunciar la crisis de los productores y la represi\u00f3n que sufrieron hace unos d\u00edas en Constituci\u00f3n, intentando llevar verduras econ\u00f3micas al Pueblo. All\u00ed conversamos con Lito Borello, Secretario de Derechos Humanos de la CTEP que, al tiempo de sumarse a las consignas de la convocatoria, se\u00f1al\u00f3 la urgencia de incorporar la Reforma Agraria como parte de un programa popular que atienda los problemas de fondo en la Argentina<\/strong>.<\/p>\n<p><img loading=\"lazy\" decoding=\"async\" class=\"aligncenter wp-image-9110 size-large\" src=\"http:\/\/fmriachuelo.com.ar\/wp-content\/uploads\/2019\/02\/WhatsApp-Image-2019-02-28-at-10.44.04-AM-1-1024x682.jpeg\" alt=\"\" width=\"640\" height=\"426\" srcset=\"http:\/\/fmriachuelo.it10.com.ar\/wp-content\/uploads\/2019\/02\/WhatsApp-Image-2019-02-28-at-10.44.04-AM-1-1024x682.jpeg 1024w, http:\/\/fmriachuelo.it10.com.ar\/wp-content\/uploads\/2019\/02\/WhatsApp-Image-2019-02-28-at-10.44.04-AM-1-300x200.jpeg 300w, http:\/\/fmriachuelo.it10.com.ar\/wp-content\/uploads\/2019\/02\/WhatsApp-Image-2019-02-28-at-10.44.04-AM-1-768x512.jpeg 768w, http:\/\/fmriachuelo.it10.com.ar\/wp-content\/uploads\/2019\/02\/WhatsApp-Image-2019-02-28-at-10.44.04-AM-1-750x500.jpeg 750w, http:\/\/fmriachuelo.it10.com.ar\/wp-content\/uploads\/2019\/02\/WhatsApp-Image-2019-02-28-at-10.44.04-AM-1-1140x760.jpeg 1140w, http:\/\/fmriachuelo.it10.com.ar\/wp-content\/uploads\/2019\/02\/WhatsApp-Image-2019-02-28-at-10.44.04-AM-1.jpeg 1280w\" sizes=\"auto, (max-width: 640px) 100vw, 640px\" \/><\/p>\n<p><strong>Rompe el Cerco Informativo:<\/strong> <strong>Como sabemos este verdurazo es nacional y repudia a la feroz represi\u00f3n policial que se dio en Constituci\u00f3n. Podemos ver la cantidad de personas que se han acercado a esperar que llegaran los trabajadores de la UTT a donar las verduras. \u00bfQue reflexi\u00f3n\u00a0haces de esta\u00a0 situaci\u00f3n?<\/strong><\/p>\n<p><strong>Lito Borello:<\/strong> Este hecho como tantos otros que se vienen dando en todo el pa\u00eds, dejan claro el nivel de crisis socioecon\u00f3mica que esta viviendo el pueblo\u00a0 argentino, producto de las pol\u00edticas antinacionales y antipopulares que genera este gobierno.<br \/>\nEsto tambi\u00e9n demuestra que, ni a\u00fan con esta crisis y con esta situaci\u00f3n nuestro pueblo se resigna. Nuestro pueblo sigue saliendo a la calle, sigue encontrando maneras de unirse,\u00a0 organizarse y resistir. Por lo tanto, tambi\u00e9n es un hecho de dignidad, es un hecho de rebeld\u00eda y es un hecho que muestra\u00a0 la estatura de un pueblo, que como tantas veces sea recompuesto de situaciones adversas.<\/p>\n<p><strong>RCI:<\/strong> <strong>\u00bfDesde tu mirada como Secretario de Derechos Humanos de la CTEP, cu\u00e1l crees que es en adelante el camino de soluci\u00f3n de fondo de esta problem\u00e1tica que se plantea a partir de la implementaci\u00f3n de pol\u00edticas tan\u00a0 injustas?<\/strong><\/p>\n<p><strong>LB:<\/strong> Nosotros creemos que hay que seguir organizando al Movimiento Popular. Que el movimiento popular y sus organizaciones sociales tienen un rol y un papel destacad\u00edsimo en el futuro inmediato. Son ellos los actores principales y constructores de nuestro destino y que es la fuerza fundamental capaz de enfrentar los poderes institucionales de un gobierno antipopular, como el de Mauricio Macri,\u00a0 sino tambi\u00e9n\u00a0 del poder f\u00e1ctico. Por lo tanto, creemos que hay que poner toda la energ\u00eda en la organizaci\u00f3n popular, en la construcci\u00f3n de poder popular en cada uno de los territorios.Y como ac\u00e1 se esta viendo el eje de la soberan\u00eda alimentaria, el eje de resolver las urgencias\u00a0 que se dan en\u00a0 cada territorio, es el motivo, es la excusa, es el eje que le permite a las organizaciones sociales fortalecerse en cada uno de los barrios.<\/p>\n<p><strong>RCI:<\/strong> <b>Estamos en un a\u00f1o electoral donde la sociedad tiene expectativas\u00a0de lo que va a pasar en las elecciones de octubre. \u00bf Cu\u00e1l te parece que debe ser la actitud de los movimientos populares pero tambi\u00e9n\u00a0las exigencias?<\/b><\/p>\n<p><strong>LB:<\/strong>\u00a0 Nosotros entendemos el sentimiento genuino de nuestro pueblo de abrigar una esperanza y una expectativa, en un cambio en el proceso electoral de octubre. Es l\u00f3gico que nuestro pueblo aspire a que con alguna propuesta electoral logremos que Mauricio Macri deje de ser presidente.<\/p>\n<p>Pero tambi\u00e9n, creemos que como Movimiento Popular tenemos que trabajar fuertemente en la constituci\u00f3n de un Programa. Y de ese Programa creemos que tiene que ser uno de los puntos fundamentales la Reforma Agraria. Porque creemos que viene una etapa donde la reforma agraria tiene que ser ya.\u00a0 Porque estamos en un pa\u00eds que produce alimentos para 400 millones de personas, y apenas un pu\u00f1ado de 40 millones que somos, hay hambre y pobreza. Hay que repartir la tierra, hay que permitir que\u00a0 la tierra se produzca para generar alimentos para nuestro pueblo. El gobierno que venga hace falta que avance r\u00e1pidamente en la Reforma Agraria.<\/p>\n<p><img loading=\"lazy\" decoding=\"async\" class=\"alignnone size-full wp-image-9114\" src=\"http:\/\/fmriachuelo.com.ar\/wp-content\/uploads\/2019\/02\/WhatsApp-Image-2019-02-27-at-4.39.25-PM.jpeg\" alt=\"\" width=\"1280\" height=\"932\" srcset=\"http:\/\/fmriachuelo.it10.com.ar\/wp-content\/uploads\/2019\/02\/WhatsApp-Image-2019-02-27-at-4.39.25-PM.jpeg 1280w, http:\/\/fmriachuelo.it10.com.ar\/wp-content\/uploads\/2019\/02\/WhatsApp-Image-2019-02-27-at-4.39.25-PM-300x218.jpeg 300w, http:\/\/fmriachuelo.it10.com.ar\/wp-content\/uploads\/2019\/02\/WhatsApp-Image-2019-02-27-at-4.39.25-PM-1024x746.jpeg 1024w, http:\/\/fmriachuelo.it10.com.ar\/wp-content\/uploads\/2019\/02\/WhatsApp-Image-2019-02-27-at-4.39.25-PM-768x559.jpeg 768w, http:\/\/fmriachuelo.it10.com.ar\/wp-content\/uploads\/2019\/02\/WhatsApp-Image-2019-02-27-at-4.39.25-PM-120x86.jpeg 120w, http:\/\/fmriachuelo.it10.com.ar\/wp-content\/uploads\/2019\/02\/WhatsApp-Image-2019-02-27-at-4.39.25-PM-750x546.jpeg 750w, http:\/\/fmriachuelo.it10.com.ar\/wp-content\/uploads\/2019\/02\/WhatsApp-Image-2019-02-27-at-4.39.25-PM-1140x830.jpeg 1140w\" sizes=\"auto, (max-width: 1280px) 100vw, 1280px\" \/><\/p>\n<p>&nbsp;<\/p>\n<p><span style=\"color: #ff0000\"><strong><a href=\"https:\/\/radiocut.fm\/audiocut\/lito-borello-en-el-verdurazo-hace-falta-avanzar-en-la-reforma-agraria-en-nuestro-pais\/\"><span style=\"color: #000080\">Escuchar desde aqu\u00ed la entrevista completa<\/span><\/a><\/strong><\/span><\/p>\n<p><a href=\"https:\/\/www.facebook.com\/pg\/fmriachuelo\/photos\/?tab=album&amp;album_id=2146969175358286\"><strong><span style=\"color: #000080\">Galeria de Fotos: Verdurazo en Plaza de Mayo<\/span><\/strong><\/a><\/p>\n","protected":false},"excerpt":{"rendered":"<p>[FM Riachuelo 28\/02\/2019] En el d\u00eda de ayer se realiz\u00f3 el verdurazo en Plaza de Mayo organizado por la Uni\u00f3n de Trabajadores de la Tierra para denunciar la crisis de los productores y la represi\u00f3n que sufrieron hace unos d\u00edas en Constituci\u00f3n, intentando llevar verduras econ\u00f3micas al Pueblo. All\u00ed conversamos con Lito Borello, Secretario de [&hellip;]<\/p>\n","protected":false},"author":5,"featured_media":9113,"comment_status":"open","ping_status":"open","sticky":false,"template":"","format":"standard","meta":{"_monsterinsights_skip_tracking":false,"_monsterinsights_sitenote_active":false,"_monsterinsights_sitenote_note":"","_monsterinsights_sitenote_category":0,"jnews-multi-image_gallery":[],"jnews_single_post":[],"jnews_primary_category":[],"_joinchat":[],"footnotes":""},"categories":[78,76,74,75],"tags":[],"class_list":["post-9109","post","type-post","status-publish","format-standard","has-post-thumbnail","hentry","category-economia-popular","category-salud-comunitaria","category-san-cayetano","category-trabajo"],"_links":{"self":[{"href":"http:\/\/fmriachuelo.it10.com.ar\/index.php\/wp-json\/wp\/v2\/posts\/9109","targetHints":{"allow":["GET"]}}],"collection":[{"href":"http:\/\/fmriachuelo.it10.com.ar\/index.php\/wp-json\/wp\/v2\/posts"}],"about":[{"href":"http:\/\/fmriachuelo.it10.com.ar\/index.php\/wp-json\/wp\/v2\/types\/post"}],"author":[{"embeddable":true,"href":"http:\/\/fmriachuelo.it10.com.ar\/index.php\/wp-json\/wp\/v2\/users\/5"}],"replies":[{"embeddable":true,"href":"http:\/\/fmriachuelo.it10.com.ar\/index.php\/wp-json\/wp\/v2\/comments?post=9109"}],"version-history":[{"count":0,"href":"http:\/\/fmriachuelo.it10.com.ar\/index.php\/wp-json\/wp\/v2\/posts\/9109\/revisions"}],"wp:featuredmedia":[{"embeddable":true,"href":"http:\/\/fmriachuelo.it10.com.ar\/index.php\/wp-json\/wp\/v2\/media\/9113"}],"wp:attachment":[{"href":"http:\/\/fmriachuelo.it10.com.ar\/index.php\/wp-json\/wp\/v2\/media?parent=9109"}],"wp:term":[{"taxonomy":"category","embeddable":true,"href":"http:\/\/fmriachuelo.it10.com.ar\/index.php\/wp-json\/wp\/v2\/categories?post=9109"},{"taxonomy":"post_tag","embeddable":true,"href":"http:\/\/fmriachuelo.it10.com.ar\/index.php\/wp-json\/wp\/v2\/tags?post=9109"}],"curies":[{"name":"wp","href":"https:\/\/api.w.org\/{rel}","templated":true}]}}