{"id":910,"date":"2014-12-04T10:30:00","date_gmt":"2014-12-04T10:30:00","guid":{"rendered":"http:\/\/fmriachuelo.observatorioess.org.ar\/index.php\/2014\/12\/04\/federacion-de-cartoneros-ctep\/"},"modified":"2025-03-17T11:41:16","modified_gmt":"2025-03-17T14:41:16","slug":"federacion-de-cartoneros-ctep","status":"publish","type":"post","link":"http:\/\/fmriachuelo.it10.com.ar\/index.php\/2014\/12\/04\/federacion-de-cartoneros-ctep\/","title":{"rendered":"FEDERACION DE CARTONEROS CTEP"},"content":{"rendered":"<div><span style=\"color: red;font-family: Verdana, sans-serif;font-size: large\"><strong>CARREROS Y CARTONEROS DE SALTA SE SINDICALIZAN EN DEFENSA DEL TRABAJO<\/strong><\/span><\/div>\n<div style=\"clear: both;text-align: center\"><a href=\"http:\/\/2.bp.blogspot.com\/-XW7__kgZtAo\/VIBWdhkcRjI\/AAAAAAAAByE\/CXcIAB-67xc\/s1600\/carreros.jpg\" style=\"clear: left;float: left;margin-bottom: 1em;margin-right: 1em;text-align: left\"><span style=\"font-family: Verdana, sans-serif\"><\/span><\/a><\/div>\n<div style=\"clear: both;text-align: left\"><a href=\"https:\/\/images-blogger-opensocial.googleusercontent.com\/gadgets\/proxy?url=http%3A%2F%2F2.bp.blogspot.com%2F-XW7__kgZtAo%2FVIBWdhkcRjI%2FAAAAAAAAByE%2FCXcIAB-67xc%2Fs1600%2Fcarreros.jpg&amp;container=blogger&amp;gadget=a&amp;rewriteMime=image%2F*\" style=\"clear: left;float: left;margin-bottom: 1em;margin-right: 1em\"><img loading=\"lazy\" decoding=\"async\" border=\"0\" src=\"http:\/\/2.bp.blogspot.com\/-XW7__kgZtAo\/VIBWdhkcRjI\/AAAAAAAAByE\/CXcIAB-67xc\/s1600\/carreros.jpg\" height=\"267\" width=\"400\" \/><\/a><span style=\"font-family: Verdana, sans-serif\">Ante la grave e intensa persecuci\u00f3n que sufren los centenares de Carreros en la ciudad y la desesperante situaci\u00f3n que viven los trabajadores cartoneros en el vertedero de San Javier y en el resto de la provincia, los trabajadores de este masivo sector han tomado la decisi\u00f3n de agruparse en la Federaci\u00f3n Argentina de Cartoneros y Recicladores y en la Confederaci\u00f3n de Trabajadores de la Econom\u00eda Popular.<\/span><\/div>\n<div><span style=\"font-family: Verdana, sans-serif\"> El principal e inmediato objetivo es la defensa de sus fuentes de trabajo y la conquista de los derechos a\u00fan hoy postergados.<\/span><\/div>\n<div><a name='more'><\/a><span style=\"font-family: Verdana, sans-serif\">La asociaci\u00f3n de Carreros salte\u00f1os viene siendo v\u00edctima desde el a\u00f1o 2010 de la ordenanza impulsada por las ONG que dicen proteger a los animales pero s\u00f3lo velan por los negociados. Hoy en d\u00eda siguen sufriendo los embates de los proteccionistas que hacen el papel de polic\u00eda y persiguen y discriminan a los compa\u00f1eros.<br \/> Por otro lado, las condiciones en las que desarrollan su subsistencia los cartoneros de los basurales de la provincia es totalmente desconocidas por la gran mayor\u00eda de los ciudadanos. \u00c9ste ocultamiento no es casual, ya que oculta la explotaci\u00f3n, extorsi\u00f3n y abandono en la que viven los trabajadores. El caso m\u00e1s emblem\u00e1tico es el que se vive en el vertedero de San Javier de la ciudad de Salta, que muestra a las claras que la prioridad del gobierno es darle contratos por varios millones de pesos por a\u00f1o a la empresa Agrot\u00e9cnica Fueguina y, de este modo, dejar a los trabajadores recicladores en las peores condiciones, cuando son ellos quienes est\u00e1n prestando un servicio p\u00fablico clave para el bienestar ambiental de la ciudad y la provincia de Salta<br \/> Por estas razones hacemos una convocatoria a la ciudadan\u00eda de Salta y a los medios de prensa a la conferencia de prensa que se va a realizar en el Club Sargento Cabral, Santiago del Estero 1668; a las 10 hs.<br \/> Asociaci\u00f3n de Carreros salte\u00f1os<br \/> Cooperativa Ceferino Namuncur\u00e1<br \/> Cooperativa Recuperadores de Residuos de Salta<br \/> Cooperativa MatRec<br \/> Federaci\u00f3n de Cartoneros y Recicladores<br \/> Confederaci\u00f3n de Trabajadores de la Econom\u00eda Popular<\/span><\/p>\n<div><span style=\"color: #3d85c6;font-family: Verdana, sans-serif;font-size: x-small\"><b>FUENTE: FEDERACI\u00d3N DE CARTONEROS DE LA CTEP<\/b><\/span><\/div>\n<div style=\"clear: both;text-align: center\"><a href=\"http:\/\/1.bp.blogspot.com\/-fThl2wNnEUM\/VIBWilopCTI\/AAAAAAAAByM\/yeFkdT0IJZA\/s1600\/COOP%2BRIACHIUELO%2BPRODUCCIONES.jpg\" style=\"clear: left;float: left;margin-bottom: 1em;margin-right: 1em;text-align: left\"><span style=\"font-family: Verdana, sans-serif\">&nbsp;<\/span><span style=\"font-family: Verdana, sans-serif\"><img loading=\"lazy\" decoding=\"async\" border=\"0\" src=\"http:\/\/1.bp.blogspot.com\/-fThl2wNnEUM\/VIBWilopCTI\/AAAAAAAAByM\/yeFkdT0IJZA\/s1600\/COOP%2BRIACHIUELO%2BPRODUCCIONES.jpg\" height=\"58\" width=\"200\" \/><\/span><\/a><\/div>\n<\/div>\n","protected":false},"excerpt":{"rendered":"<p>CARREROS Y CARTONEROS DE SALTA SE SINDICALIZAN EN DEFENSA DEL TRABAJO Ante la grave e intensa persecuci\u00f3n que sufren los centenares de Carreros en la ciudad y la desesperante situaci\u00f3n que viven los trabajadores cartoneros en el vertedero de San Javier y en el resto de la provincia, los trabajadores de este masivo sector han [&hellip;]<\/p>\n","protected":false},"author":4,"featured_media":0,"comment_status":"open","ping_status":"open","sticky":false,"template":"","format":"standard","meta":{"_monsterinsights_skip_tracking":false,"_monsterinsights_sitenote_active":false,"_monsterinsights_sitenote_note":"","_monsterinsights_sitenote_category":0,"jnews-multi-image_gallery":[],"jnews_single_post":{"format":"standard"},"jnews_primary_category":[],"_joinchat":[],"footnotes":""},"categories":[58],"tags":[64],"class_list":["post-910","post","type-post","status-publish","format-standard","hentry","category-noticiariachuelo","tag-economia-popular"],"_links":{"self":[{"href":"http:\/\/fmriachuelo.it10.com.ar\/index.php\/wp-json\/wp\/v2\/posts\/910","targetHints":{"allow":["GET"]}}],"collection":[{"href":"http:\/\/fmriachuelo.it10.com.ar\/index.php\/wp-json\/wp\/v2\/posts"}],"about":[{"href":"http:\/\/fmriachuelo.it10.com.ar\/index.php\/wp-json\/wp\/v2\/types\/post"}],"author":[{"embeddable":true,"href":"http:\/\/fmriachuelo.it10.com.ar\/index.php\/wp-json\/wp\/v2\/users\/4"}],"replies":[{"embeddable":true,"href":"http:\/\/fmriachuelo.it10.com.ar\/index.php\/wp-json\/wp\/v2\/comments?post=910"}],"version-history":[{"count":1,"href":"http:\/\/fmriachuelo.it10.com.ar\/index.php\/wp-json\/wp\/v2\/posts\/910\/revisions"}],"predecessor-version":[{"id":21996,"href":"http:\/\/fmriachuelo.it10.com.ar\/index.php\/wp-json\/wp\/v2\/posts\/910\/revisions\/21996"}],"wp:attachment":[{"href":"http:\/\/fmriachuelo.it10.com.ar\/index.php\/wp-json\/wp\/v2\/media?parent=910"}],"wp:term":[{"taxonomy":"category","embeddable":true,"href":"http:\/\/fmriachuelo.it10.com.ar\/index.php\/wp-json\/wp\/v2\/categories?post=910"},{"taxonomy":"post_tag","embeddable":true,"href":"http:\/\/fmriachuelo.it10.com.ar\/index.php\/wp-json\/wp\/v2\/tags?post=910"}],"curies":[{"name":"wp","href":"https:\/\/api.w.org\/{rel}","templated":true}]}}