{"id":9092,"date":"2019-02-23T22:32:44","date_gmt":"2019-02-23T22:32:44","guid":{"rendered":"http:\/\/fmriachuelo.com.ar\/?p=9092"},"modified":"2019-02-23T22:32:44","modified_gmt":"2019-02-23T22:32:44","slug":"el-nuevo-tendido-electrico-debe-hacerse-con-la-participacion-comunitaria","status":"publish","type":"post","link":"http:\/\/fmriachuelo.it10.com.ar\/index.php\/2019\/02\/23\/el-nuevo-tendido-electrico-debe-hacerse-con-la-participacion-comunitaria\/","title":{"rendered":"\u00abEL NUEVO TENDIDO ELECTRICO DEBE HACERSE CON LA PARTICIPACION COMUNITARIA\u00bb"},"content":{"rendered":"<div align=\"left\">\n<p dir=\"ltr\"><strong>[FM Riachuelo 23\/02\/2019] En el programa Cazadores de Zonceras se entrevist\u00f3 al asesor tutelar de c\u00e1mara Gustavo Moreno, debido\u00a0 que este martes a las 12 del mediod\u00eda en el segundo piso de Hip\u00f3lito Yrigoyen 932,\u00a0<\/strong><strong>se llevar\u00e1 acabo una audiencia judicial por el tendido el\u00e9ctrico de la Villa 21-24 de Barracas. Moreno es uno de los patrocinadores que representa a las nuevas autoridades de la Junta Vecinal de la Villa.\u00a0<\/strong><strong>Uno de los planteos que se exige desde la Asesoria Tutelar de C\u00e1mara es la participaci\u00f3n comunitaria activa tanto de la formulaci\u00f3n del proyecto como de su ejecuci\u00f3n.<\/strong><\/p>\n<\/div>\n<p dir=\"ltr\"><img loading=\"lazy\" decoding=\"async\" class=\"alignnone size-full wp-image-9093\" src=\"http:\/\/fmriachuelo.com.ar\/wp-content\/uploads\/2019\/02\/images.jpeg\" alt=\"\" width=\"275\" height=\"183\" \/><\/p>\n<div align=\"left\">\n<p dir=\"ltr\"><strong>_ Cazadores de Zonceras: \u00bfCu\u00e1l es la\u00a0 expectativa que tienen de la audiencia?<\/strong><\/p>\n<\/div>\n<div align=\"left\">\n<p dir=\"ltr\"><strong>_ Gustavo Moreno:<\/strong> Las expectativas son muchas porque despues de 8 a\u00f1os de mucho trabajo y pasando por todas las instancias judiciales, se gan\u00f3 finalmente el juicio. Que obliga al Gobierno de la Ciudad a establecer un plan adecuado el\u00e9ctrico bajo pautas t\u00e9cnicas, que evite el riesgo para la comunidad de la Villa.<\/p>\n<\/div>\n<div align=\"left\">\n<p dir=\"ltr\">Creemos que el plan no puede ser absolutamnete t\u00e9cnico creado por especialistas, sino que debe\u00a0 responder a una realidad comunitaria como es la de la Villa. Es importante que participe la comunidad, que tiene una junta vecinal nueva que debe participar. Nos parece que esto se cosntruye de arriba para abajo, y la participaci\u00f3n comunitaria es una garant\u00eda constitucional y adem\u00e1s se lo ha ganado el barrio.<\/p>\n<\/div>\n<div align=\"left\">\n<p dir=\"ltr\">_ <strong>CZ:\u00a0 \u00bfPorqu\u00e9 es importante la participaci\u00f3n de los que viven en el barrio para llevar adelante este proyecto?<\/strong><\/p>\n<\/div>\n<div align=\"left\">\n<p dir=\"ltr\"><strong>_ GM<\/strong>: Porque primero\u00a0 hay que establecer\u00a0 cu\u00e1l es el diagn\u00f3stico de consumo del barrio. Porque es un barrio que tiene sus propias necesidades, tienen negocios.\u00a0\u00a0Aqu\u00ed hay muchas entidades que deben responder. Por ejemplo, el suministro de electricidad la da Edesur, que garantiza hasta los transformadores, hay que ver cuantos transformadores se necesitan, si el suministro es suficiente.\u00a0 Y esto es\u00a0 un c\u00e1lculo t\u00e9cnico que debe responder a las demandas del barrio. Y luego tenemos que la electricidad va de los transformadores hasta los pilares de los usuarios y esta es una garant\u00eda que tiene que dar\u00a0 el Gobierno de la Ciudad, para que evite riegos y que lamentablemente ya tuvimos que lamentar. Y finalmente hay que ver como hacer para que los usuarios establezcan dentro de sus viviendas un tendido el\u00e9ctrico acorde a sus propias\u00a0 necesidades y como se va a solventar esa red el\u00e9ctrica.<\/p>\n<p dir=\"ltr\">Y todo esto tiene que estar con pautas t\u00e9cnicas que\u00a0 ya est\u00e1n establecidas\u00a0 en una gu\u00eda de dise\u00f1o de suministro de electricidad que dise\u00f1o, nada m\u00e1s y nada menos que el Ente Nacional de Regulaci\u00f3n de la Electricidad. Por eso aca hay que sentarse,\u00a0 no pelear, sino construir entre todos un tendido el\u00e9ctrico que sea la base para la futura urbanizaci\u00f3n de la Villa 21-24.<\/p>\n<\/div>\n<div align=\"left\">\n<p dir=\"ltr\"><strong>_ CZ:\u00a0 Ustedes tuvieron un juicio que duro 8 a\u00f1os \u00bfC\u00f3mo fue ese proceso de tantos a\u00f1os?<\/strong><\/p>\n<\/div>\n<div align=\"left\">\n<p dir=\"ltr\"><strong>_ GM:<\/strong>\u00a0S\u00ed, la justicia es lenta y mala, hay que decirlo muchas veces. Por m\u00e1s que uno tenga su derecho y finalmente se reconocio. Fue un juicio que llev\u00f3 mucho tiempo, donde hubo avances,\u00a0 porque hubo resoluciones intermedias que oblig\u00f3 al gobierno a realizar determinadas obras pero que son todavias insuficientes. Estos procesos son muy complejos. Pero esto se tiene que hacer bien con la participaci\u00f3n comunitaria, con la representaci\u00f3n popular, que es lo m\u00e1s importante que se respete y que es ovbiamente una construcci\u00f3n barrial.<\/p>\n<\/div>\n<div align=\"left\">\n<p dir=\"ltr\"><strong>_ CZ: \u00bfC\u00f3mo fue el proceso de organizaci\u00f3n en el\u00a0 barrio durante esos 8 a\u00f1os que duro el juicio?<\/strong><\/p>\n<\/div>\n<div align=\"left\">\n<p dir=\"ltr\"><strong>_ GM<\/strong>: Fue bastante dif\u00edcil porque hay intereses propios del barrio , distintas listas que compiten por la representaci\u00f3n barrial, intereses econ\u00f3micos, distintos actores externos que tambi\u00e9n juegan en el barrio y las construcciones no son f\u00e1ciles. Y esto es parte de la construcci\u00f3n pol\u00edtica y de la participaci\u00f3n.<\/p>\n<\/div>\n<div align=\"left\">\n<p dir=\"ltr\">Hoy la Villa 21-24 nose si es una de las m\u00e1s grandes, m\u00e1s que la 31 en estos momentos es una de las pocas Villas que no tiene un proyecto de urbanizaci\u00f3n y eso llama la atenci\u00f3n. Sabemos que el inter\u00e9s del gobierno esta en aquellos lugares en donde\u00a0 la urbanizaci\u00f3n va de la mano de emprendimientos urbanos que no lo tiene la 21-24.<\/p>\n<\/div>\n<div align=\"left\">\n<p dir=\"ltr\">La 21-24 tiene muchisimos problemas, tenemos muchos chicos con plomo en sangre, tenemos problemas de contaminaci\u00f3n y falta de agua, tenemos problemas el\u00e9ctricos, falta de vacantes primarios, un sin fin de problemas. Venimos trabajando mucho pero tambi\u00e9n creemos que en alg\u00fan momento hay que sentarse con la otra parte que es el gobierno para buscar un consenso. Y esperemos que el gobierno este a la altura de los vecinos.<\/p>\n<\/div>\n<div align=\"left\">\n<p dir=\"ltr\"><strong>_ CZ:\u00a0 \u00bfHay antecedentes de un hecho como este, donde a partir de un fallo la justicia habilite este espacio de participaci\u00f3n para la comunidad de la Villa 21-24 en la confecci\u00f3n de este proyecto el\u00e9ctrico?<\/strong><\/p>\n<\/div>\n<div align=\"left\">\n<p dir=\"ltr\"><strong>_GM:\u00a0<\/strong> Yo creo que no hay muchos antecedentes. El antecedente m\u00e1s claro que hay, tambi\u00e9n lamentablemente por resoluciones judiciales, fue el de las relocalizaciones del caso Mendoza que es el caso del Riachuelo. Cada barrio ha tenido su mesa de trabajo, durante el mes pasado se ha trasladado gente de la 21-24 a Mundo Gr\u00faa muy cerquita del barrio. Hubo una pelea muy fuerte comunitaria y terrotorial para que los nuevos predios esten cerca del barrio. Estamos trabajando con los asentamientos en la calle la\u00a0 Lamadrid en la Boca para compar los terrenos definitivos.<\/p>\n<\/div>\n<div align=\"left\">\n<p dir=\"ltr\">Es auspicioso mirar esto de una nueva justicia, que de alguna forma establezca la obligaci\u00f3n de la participaci\u00f3n, esto desde los vecinos de la Villa hasta los estudiantes secundarios que muchas veces reclaman participaci\u00f3n en las reformas educativas.<\/p>\n<\/div>\n","protected":false},"excerpt":{"rendered":"<p>[FM Riachuelo 23\/02\/2019] En el programa Cazadores de Zonceras se entrevist\u00f3 al asesor tutelar de c\u00e1mara Gustavo Moreno, debido\u00a0 que este martes a las 12 del mediod\u00eda en el segundo piso de Hip\u00f3lito Yrigoyen 932,\u00a0se llevar\u00e1 acabo una audiencia judicial por el tendido el\u00e9ctrico de la Villa 21-24 de Barracas. Moreno es uno de los [&hellip;]<\/p>\n","protected":false},"author":5,"featured_media":9094,"comment_status":"open","ping_status":"open","sticky":false,"template":"","format":"standard","meta":{"_monsterinsights_skip_tracking":false,"_monsterinsights_sitenote_active":false,"_monsterinsights_sitenote_note":"","_monsterinsights_sitenote_category":0,"jnews-multi-image_gallery":[],"jnews_single_post":[],"jnews_primary_category":[],"_joinchat":[],"footnotes":""},"categories":[78,76,74,75],"tags":[],"class_list":["post-9092","post","type-post","status-publish","format-standard","has-post-thumbnail","hentry","category-economia-popular","category-salud-comunitaria","category-san-cayetano","category-trabajo"],"_links":{"self":[{"href":"http:\/\/fmriachuelo.it10.com.ar\/index.php\/wp-json\/wp\/v2\/posts\/9092","targetHints":{"allow":["GET"]}}],"collection":[{"href":"http:\/\/fmriachuelo.it10.com.ar\/index.php\/wp-json\/wp\/v2\/posts"}],"about":[{"href":"http:\/\/fmriachuelo.it10.com.ar\/index.php\/wp-json\/wp\/v2\/types\/post"}],"author":[{"embeddable":true,"href":"http:\/\/fmriachuelo.it10.com.ar\/index.php\/wp-json\/wp\/v2\/users\/5"}],"replies":[{"embeddable":true,"href":"http:\/\/fmriachuelo.it10.com.ar\/index.php\/wp-json\/wp\/v2\/comments?post=9092"}],"version-history":[{"count":0,"href":"http:\/\/fmriachuelo.it10.com.ar\/index.php\/wp-json\/wp\/v2\/posts\/9092\/revisions"}],"wp:featuredmedia":[{"embeddable":true,"href":"http:\/\/fmriachuelo.it10.com.ar\/index.php\/wp-json\/wp\/v2\/media\/9094"}],"wp:attachment":[{"href":"http:\/\/fmriachuelo.it10.com.ar\/index.php\/wp-json\/wp\/v2\/media?parent=9092"}],"wp:term":[{"taxonomy":"category","embeddable":true,"href":"http:\/\/fmriachuelo.it10.com.ar\/index.php\/wp-json\/wp\/v2\/categories?post=9092"},{"taxonomy":"post_tag","embeddable":true,"href":"http:\/\/fmriachuelo.it10.com.ar\/index.php\/wp-json\/wp\/v2\/tags?post=9092"}],"curies":[{"name":"wp","href":"https:\/\/api.w.org\/{rel}","templated":true}]}}