{"id":909,"date":"2014-12-04T11:00:00","date_gmt":"2014-12-04T11:00:00","guid":{"rendered":"http:\/\/fmriachuelo.observatorioess.org.ar\/index.php\/2014\/12\/04\/crisis-en-la-atencion-de-la-salud-publica-en-la-caba\/"},"modified":"2025-03-17T11:42:02","modified_gmt":"2025-03-17T14:42:02","slug":"crisis-en-la-atencion-de-la-salud-publica-en-la-caba","status":"publish","type":"post","link":"http:\/\/fmriachuelo.it10.com.ar\/index.php\/2014\/12\/04\/crisis-en-la-atencion-de-la-salud-publica-en-la-caba\/","title":{"rendered":"CRISIS EN LA ATENCI\u00d3N DE LA SALUD P\u00daBLICA EN LA CABA"},"content":{"rendered":"<p><span style=\"font-family: Verdana, sans-serif\"><span style=\"color: black\"><strong>CABA: SALUD P\u00daBLICA EN PELIGRO<\/strong><\/span><\/span><\/p>\n<div style=\"text-align: center\"><\/p>\n<div style=\"text-align: left\"><strong style=\"color: red;font-family: Verdana, sans-serif\"><span style=\"font-size: large\">VIERNES 5 DE DICIEMBRE- CONFERENCIA DE PRENSA<\/span><\/strong><\/div>\n<p><span style=\"font-family: Verdana, sans-serif\"><\/p>\n<div style=\"text-align: left\">Termina otro a\u00f1o sin soluciones de fondo y la crisis en salud se profundiza en la Ciudad de Buenos Aires<\/div>\n<div style=\"text-align: left\">Denunciamos la grave situaci\u00f3n en la que se encuentra el Sistema P\u00fablico de Salud Porte\u00f1o<\/div>\n<div style=\"text-align: left\">PRECARIZACI\u00d3N LABORAL Y ATRASO SALARIAL. Tras la rebaja salarial de 2013 y los escasos aumentos del corriente a\u00f1o, y con m\u00e1s del 40% del salario en negro es indispensable recomponer la situaci\u00f3n salarial de los profesionales de la salud. RECLAMAMOS UN AUMENTO DE EMERGENCIA DE $ 4.000 INCORPORADOS AL B\u00c1SICO<\/div>\n<div style=\"text-align: left\">El funcionamiento de los hospitales y centros de salud de la Ciudad se encuentra gravemente afectado por el vaciamiento del recurso humano por falta de nombramientos y desfinanciaci\u00f3n de vacantes, la falta de insumos b\u00e1sicos, la disminuci\u00f3n en el n\u00famero de camas de internaci\u00f3n y de quir\u00f3fanos habilitados, y por el cierre de programas de atenci\u00f3n<\/div>\n<div style=\"text-align: left\">Existe una cr\u00edtica falta de personal de Enfermer\u00eda, causada por las p\u00e9simas condiciones salariales y laborales, por el incumplimiento de las leyes que regulan su ejercicio y el sistem\u00e1tico bloqueo a la incorporaci\u00f3n a la carrera profesional, toda esta situaci\u00f3n afecta profundamente a los servicios de internaci\u00f3n<\/div>\n<div style=\"text-align: left\">Los Hospitales y Centros de Salud Mental y sus trabajadores vienen sufriendo un particular ensa\u00f1amiento y persecuci\u00f3n por parte de las autoridades de la Ciudad, que se suma al menosprecio por el abordaje interdisciplinario, y al incumplimiento de las Leyes de Salud Mental N\u00ba448 (de la Ciudad) y 26.657 (Nacional)<\/div>\n<div style=\"text-align: left\">Luchamos por los derechos de nuestros trabajadores y por la defensa de la Salud P\u00fablica en la Ciudad de Buenos Aires.<\/div>\n<div style=\"text-align: left\">LOS RECORTES EN SALUD MATAN!!<\/div>\n<div style=\"text-align: left\">COGRESAP &#8211; Coordinadora Gremial por la Salud P\u00fablica CABA<\/div>\n<div style=\"text-align: left\">CONFERENCIA DE PRENSA VIERNES 5 DE DICIEMBRE DE 11:30 A 13 HS<\/div>\n<div style=\"text-align: left\">LEGISLATURA PORTE\u00d1A-HIPOLITO YRIGOYEN 546 CABA-SALA DE PRENSA<\/div>\n<div style=\"text-align: left\">Contactos:<\/div>\n<div style=\"text-align: left\">Lic. Andres A\u00f1on: 15 61247689 (Psic\u00f3logo)<\/div>\n<div style=\"text-align: left\">Lic. Viviana Ramirez 1541777395 (Lic en enfermer\u00eda)<\/div>\n<div style=\"text-align: left\">Lic. Ivan Sotomayor 1536714494 ( Lic en enfermer\u00eda)<\/div>\n<div style=\"text-align: left\">Dr.Gustavo Campeni 1544382143 (M\u00e9dico psiquiatra)<\/div>\n<div style=\"text-align: left\">Lic. Liliana Hilario 1550130200 ( Psic\u00f3loga)<\/div>\n<div style=\"text-align: left\">Lic Gabriel Cavia 1549281321 (Psic\u00f3logo)<\/div>\n<div style=\"text-align: left\">Dr. Osvaldo Saleh 1555059602(M\u00e9dico cardi\u00f3logo)<\/div>\n<div style=\"text-align: left\">Dra. Cecilia Buchta 1540583167 (Bioqu\u00edmica)<\/div>\n<p><\/span><\/div>\n<div style=\"text-align: left\"><span style=\"color: #3d85c6;font-family: Verdana, sans-serif;font-size: x-small\"><b>FUENTE: ASOCIACI\u00d3N DE PROFESIONALES HOSPITAL AMEGHINO<\/b><\/span><\/div>\n<div style=\"clear: both;text-align: center\"><a href=\"http:\/\/3.bp.blogspot.com\/-F_SO0NaA-Ro\/VH-95_i2GXI\/AAAAAAAABxc\/W08e2aKDnlg\/s1600\/COOP%2BRIACHIUELO%2BPRODUCCIONES.jpg\" style=\"clear: left;float: left;margin-bottom: 1em;margin-right: 1em;text-align: left\"><span style=\"font-family: Verdana, sans-serif\"><img loading=\"lazy\" decoding=\"async\" border=\"0\" src=\"http:\/\/3.bp.blogspot.com\/-F_SO0NaA-Ro\/VH-95_i2GXI\/AAAAAAAABxc\/W08e2aKDnlg\/s1600\/COOP%2BRIACHIUELO%2BPRODUCCIONES.jpg\" height=\"58\" width=\"200\" \/><\/span><\/a><\/div>\n","protected":false},"excerpt":{"rendered":"<p>CABA: SALUD P\u00daBLICA EN PELIGRO VIERNES 5 DE DICIEMBRE- CONFERENCIA DE PRENSA Termina otro a\u00f1o sin soluciones de fondo y la crisis en salud se profundiza en la Ciudad de Buenos Aires Denunciamos la grave situaci\u00f3n en la que se encuentra el Sistema P\u00fablico de Salud Porte\u00f1o PRECARIZACI\u00d3N LABORAL Y ATRASO SALARIAL. Tras la rebaja [&hellip;]<\/p>\n","protected":false},"author":4,"featured_media":0,"comment_status":"open","ping_status":"open","sticky":false,"template":"","format":"standard","meta":{"_monsterinsights_skip_tracking":false,"_monsterinsights_sitenote_active":false,"_monsterinsights_sitenote_note":"","_monsterinsights_sitenote_category":0,"jnews-multi-image_gallery":[],"jnews_single_post":{"format":"standard"},"jnews_primary_category":[],"_joinchat":[],"footnotes":""},"categories":[58],"tags":[69],"class_list":["post-909","post","type-post","status-publish","format-standard","hentry","category-noticiariachuelo","tag-salud"],"_links":{"self":[{"href":"http:\/\/fmriachuelo.it10.com.ar\/index.php\/wp-json\/wp\/v2\/posts\/909","targetHints":{"allow":["GET"]}}],"collection":[{"href":"http:\/\/fmriachuelo.it10.com.ar\/index.php\/wp-json\/wp\/v2\/posts"}],"about":[{"href":"http:\/\/fmriachuelo.it10.com.ar\/index.php\/wp-json\/wp\/v2\/types\/post"}],"author":[{"embeddable":true,"href":"http:\/\/fmriachuelo.it10.com.ar\/index.php\/wp-json\/wp\/v2\/users\/4"}],"replies":[{"embeddable":true,"href":"http:\/\/fmriachuelo.it10.com.ar\/index.php\/wp-json\/wp\/v2\/comments?post=909"}],"version-history":[{"count":1,"href":"http:\/\/fmriachuelo.it10.com.ar\/index.php\/wp-json\/wp\/v2\/posts\/909\/revisions"}],"predecessor-version":[{"id":21997,"href":"http:\/\/fmriachuelo.it10.com.ar\/index.php\/wp-json\/wp\/v2\/posts\/909\/revisions\/21997"}],"wp:attachment":[{"href":"http:\/\/fmriachuelo.it10.com.ar\/index.php\/wp-json\/wp\/v2\/media?parent=909"}],"wp:term":[{"taxonomy":"category","embeddable":true,"href":"http:\/\/fmriachuelo.it10.com.ar\/index.php\/wp-json\/wp\/v2\/categories?post=909"},{"taxonomy":"post_tag","embeddable":true,"href":"http:\/\/fmriachuelo.it10.com.ar\/index.php\/wp-json\/wp\/v2\/tags?post=909"}],"curies":[{"name":"wp","href":"https:\/\/api.w.org\/{rel}","templated":true}]}}