{"id":9084,"date":"2019-02-23T01:17:09","date_gmt":"2019-02-23T01:17:09","guid":{"rendered":"http:\/\/fmriachuelo.com.ar\/?p=9084"},"modified":"2019-02-23T01:17:09","modified_gmt":"2019-02-23T01:17:09","slug":"escuela-benito-quinquela-martincontinuamos-esta-lucha-como-el-primer-dia-que-empezamos-no-nos-vamos-a-ir-de-la-escuela","status":"publish","type":"post","link":"http:\/\/fmriachuelo.it10.com.ar\/index.php\/2019\/02\/23\/escuela-benito-quinquela-martincontinuamos-esta-lucha-como-el-primer-dia-que-empezamos-no-nos-vamos-a-ir-de-la-escuela\/","title":{"rendered":"ESCUELA BENITO QUINQUELA MART\u00cdN:\u00bbCONTINUAMOS ESTA LUCHA COMO EL PRIMER DIA QUE EMPEZAMOS, NO NOS VAMOS A IR DE LA ESCUELA\u00bb"},"content":{"rendered":"<p><strong>[Fm Riachuelo 22\/02\/2019] D\u00eda nueve sigue la lucha en la Escuela Museo \u201cBenito Quinquela Martin\u201d. Hoy se contin\u00fao con la asamblea integrada por docentes, estudiantes, familias de la comunidad educativa, vecinxs y organizaciones del barrio de la Boca, que siguen organizados y en alerta para\u00a0 resistir la embestida del Gobierno de la Ciudad.<\/strong><\/p>\n<p>Desde Fm Riachuelo, venimos acompa\u00f1ando y siguiendo el conflicto que expresa la lucha \u00a0de toda la comunidad del barrio en defensa de la escuela que quer\u00eda Quinquela y del derecho a la educaci\u00f3n p\u00fablica.<\/p>\n<p>La preocupaci\u00f3n de toda la comunidad al entender que el conflicto no es s\u00f3lo por la puerta de ingreso que se ha reducido, sino que es un conflicto que viene desde hace tiempo y que se enmarca en la l\u00f3gica de las pol\u00edticas que viene desarrollando el Gobierno de la Ciudad de correr del espacio p\u00fablico todo aquello que no sea funcional a los intereses del turismo internacional y del negocio inmobiliario que eso conlleva.<\/p>\n<p>Es por eso que Debora, una de las maestras de la escuela expresaba durante la asamblea que se realiz\u00f3 hoy en la instituci\u00f3n:<em>\u201d<strong>Continuamos esta lucha como el primer d\u00eda que empezamos, no nos vamos a ir de la escuela. Ratificamos la posici\u00f3n de permanecer en nuestra escuela, cuid\u00e1ndola y cuidando a cada una de las compa\u00f1eras y compa\u00f1eros, agrupaciones y familias que se acerquen que vengan, que estemos todxs juntxs resistiendo el avallasamiento sobre nuestra escuela, la escuela de Quinquela que la vamos a cuidar hasta el \u00faltimo momento\u201d.<\/strong><\/em><\/p>\n<p><em>T<\/em><em>ambi\u00e9n Debora nos cont\u00f3, que esto no arranca con querer achicar la puerta de la escuela, esto viene con la avanzada de las pol\u00edticas que plantea el proyecto del Gobierno de la Ciudad en desvincular las distintas instituciones del complejo (escuela, teatro y museo) que fue donado por Quinquela en agradecimiento al barrio y para que les pibes tengan un lugar para formarse.<\/em><\/p>\n<p><em>La primer avanzada fue separar el teatro, de las otras dos instituciones y pasarlo a manos del Ministerio de Cultura, luego siguieron con el museo que bajo distintas conducciones lograron que el \u00a0museo no sea parte de la escuela y las distintas direcciones que empezaron a manejarlo implementaron pol\u00edticas de desplazamiento y de cierre de las puertas del museo a la escuela.<\/em><\/p>\n<p><strong><em>Es por eso, que ante un nuevo avance del Gobierno de Larreta\u00a0 la comunidad educativa se organiza para seguir resistiendo pac\u00edficamente el dia\u00a0 lunes y, convocan para ma\u00f1ana s\u00e1bado a todas las familias \u00a0a que se sumen a una asamblea para que conozcan el conflicto en defensa de la escuela p\u00fablica.<\/em><\/strong><\/p>\n<p><strong><em>\u00a0<\/em><\/strong><\/p>\n<p><strong><em>\u00a0<\/em><\/strong><\/p>\n<p><strong><em>\u00a0<\/em><\/strong><\/p>\n<p><strong><em>\u00a0<\/em><\/strong><\/p>\n<p>&nbsp;<\/p>\n","protected":false},"excerpt":{"rendered":"<p>[Fm Riachuelo 22\/02\/2019] D\u00eda nueve sigue la lucha en la Escuela Museo \u201cBenito Quinquela Martin\u201d. Hoy se contin\u00fao con la asamblea integrada por docentes, estudiantes, familias de la comunidad educativa, vecinxs y organizaciones del barrio de la Boca, que siguen organizados y en alerta para\u00a0 resistir la embestida del Gobierno de la Ciudad. Desde Fm [&hellip;]<\/p>\n","protected":false},"author":5,"featured_media":9085,"comment_status":"open","ping_status":"open","sticky":false,"template":"","format":"standard","meta":{"_monsterinsights_skip_tracking":false,"_monsterinsights_sitenote_active":false,"_monsterinsights_sitenote_note":"","_monsterinsights_sitenote_category":0,"jnews-multi-image_gallery":[],"jnews_single_post":[],"jnews_primary_category":[],"_joinchat":[],"footnotes":""},"categories":[78,76,77],"tags":[],"class_list":["post-9084","post","type-post","status-publish","format-standard","has-post-thumbnail","hentry","category-economia-popular","category-salud-comunitaria","category-soberania"],"_links":{"self":[{"href":"http:\/\/fmriachuelo.it10.com.ar\/index.php\/wp-json\/wp\/v2\/posts\/9084","targetHints":{"allow":["GET"]}}],"collection":[{"href":"http:\/\/fmriachuelo.it10.com.ar\/index.php\/wp-json\/wp\/v2\/posts"}],"about":[{"href":"http:\/\/fmriachuelo.it10.com.ar\/index.php\/wp-json\/wp\/v2\/types\/post"}],"author":[{"embeddable":true,"href":"http:\/\/fmriachuelo.it10.com.ar\/index.php\/wp-json\/wp\/v2\/users\/5"}],"replies":[{"embeddable":true,"href":"http:\/\/fmriachuelo.it10.com.ar\/index.php\/wp-json\/wp\/v2\/comments?post=9084"}],"version-history":[{"count":0,"href":"http:\/\/fmriachuelo.it10.com.ar\/index.php\/wp-json\/wp\/v2\/posts\/9084\/revisions"}],"wp:featuredmedia":[{"embeddable":true,"href":"http:\/\/fmriachuelo.it10.com.ar\/index.php\/wp-json\/wp\/v2\/media\/9085"}],"wp:attachment":[{"href":"http:\/\/fmriachuelo.it10.com.ar\/index.php\/wp-json\/wp\/v2\/media?parent=9084"}],"wp:term":[{"taxonomy":"category","embeddable":true,"href":"http:\/\/fmriachuelo.it10.com.ar\/index.php\/wp-json\/wp\/v2\/categories?post=9084"},{"taxonomy":"post_tag","embeddable":true,"href":"http:\/\/fmriachuelo.it10.com.ar\/index.php\/wp-json\/wp\/v2\/tags?post=9084"}],"curies":[{"name":"wp","href":"https:\/\/api.w.org\/{rel}","templated":true}]}}