{"id":908,"date":"2014-12-04T12:29:00","date_gmt":"2014-12-04T12:29:00","guid":{"rendered":"http:\/\/fmriachuelo.observatorioess.org.ar\/index.php\/2014\/12\/04\/rosario-sentencia-para-el-triple-crimen\/"},"modified":"2025-03-17T11:48:48","modified_gmt":"2025-03-17T14:48:48","slug":"rosario-sentencia-para-el-triple-crimen","status":"publish","type":"post","link":"http:\/\/fmriachuelo.it10.com.ar\/index.php\/2014\/12\/04\/rosario-sentencia-para-el-triple-crimen\/","title":{"rendered":"ROSARIO: SENTENCIA PARA EL TRIPLE CRIMEN"},"content":{"rendered":"<p><span style=\"font-family: Verdana, sans-serif\">\u00a1LA JUSTICIA TIENE FECHA!<\/span><br \/><span style=\"color: red;font-family: Verdana, sans-serif;font-size: large\"><strong>\u00a1LA JUSTICIA YA LLEGA!<\/strong><\/span><\/p>\n<div style=\"clear: both;text-align: center\"><a href=\"http:\/\/3.bp.blogspot.com\/-uqgDDWkLn7U\/VIBSVk3Rj0I\/AAAAAAAABxs\/5w1D8aC6-HE\/s1600\/TRIPLE%2BCRIMEN.jpg\" style=\"clear: left;float: left;margin-bottom: 1em;margin-right: 1em\"><span style=\"font-family: Verdana, sans-serif\"><img loading=\"lazy\" decoding=\"async\" border=\"0\" src=\"http:\/\/3.bp.blogspot.com\/-uqgDDWkLn7U\/VIBSVk3Rj0I\/AAAAAAAABxs\/5w1D8aC6-HE\/s1600\/TRIPLE%2BCRIMEN.jpg\" height=\"213\" width=\"320\" \/>&nbsp;<\/span><\/a><\/div>\n<p><span style=\"font-family: Verdana, sans-serif\">Reproducimos:<br \/> Rosario &#8211; jueves 04\/12, 12:30hs: transmisi\u00f3n en vivo de la lectura de sentencia. Acampe en Tribunales Provinciales.<br \/> Buenos Aires &#8211; jueves 04\/12, 12:00hs: concentraci\u00f3n en la Casa de la Provincia de Santa Fe.<br \/> Hoy jueves 4 de diciembre, a las 12:30hs, tendr\u00e1 lugar la lectura de sentencia del Juicio Oral y P\u00fablico por el Triple Crimen de Villa Moreno, en el cual fueron asesinados nuestros compa\u00f1eros, amigos y hermanos Jere, Mono y Pat\u00f3m.<br \/> Hoy, a casi tres a\u00f1os de aquella fat\u00eddica madrugada del 1 de enero de 2012, no podemos menos que intentar un balance de estos largu\u00edsimos meses de lucha, a\u00f1os de irreparables ausencias. Algunas l\u00edneas presurosas, desde la entra\u00f1a urgente de la lucha, quiz\u00e1s sirvan para graficar aquello de que, aqu\u00ed y ahora, hacer Justicia es hacer historia.<\/span><br \/><a name='more'><\/a><span style=\"font-family: Verdana, sans-serif\">Sucede que esta experiencia emergi\u00f3 desde el peor de los contextos: una tasa de homicidios en desbocada disparada, una nomenclatura estigmatizante (\u00abajuste de cuentas\u00bb) que gozaba de excelente salud, una voluntad manifiesta por criminalizar a nuestros barrios y, sobre todo, a nuestros pibes. Desde esas precisas coordenadas, complementadas por el desconsuelo de lo irreparable, toc\u00f3 leer las primeras cr\u00f3nicas noticiosas que daban cuenta de un enfrentamiento, de un triple homicidio en venganza por delitos cometidos con anterioridad, es decir: un \u00abajuste de cuentas\u00bb. Toc\u00f3 leer eso en el exacto momento en que vel\u00e1bamos al Pat\u00f3m y al Jere. Mientras le\u00edamos que los pibes eran barras de Newell\u00b4s, llor\u00e1bamos con desconsuelo el viaje solidario para el 8 de enero que ya nunca \u00edbamos a realizar con el Pat\u00f3m. Cuando nos anotici\u00e1bamos de que nuestros amigos eran soldaditos de alguna banda narco, ah\u00ed mismo ca\u00edamos a cuenta, desgarradoramente, que el proyecto de conformar una banda de cumbia ya no \u00edba a ser lo que pretend\u00edamos, que en la Rotiser\u00eda del Movimiento nadie \u00edba a contar chistes como lo hac\u00eda el Mono.<br \/> All\u00ed mismo nos trazamos un primer y fundacional objetivo: desagraviar el nombre de los pibes, de sus familias, era tambi\u00e9n la posibilidad de esmerilar el sedimento de anonimatos que se traduc\u00eda en estad\u00edsticas, en \u00abviolencia interpersonal\u00bb, en \u00abajustes de cuentas\u00bb. Y no s\u00f3lo porque los pibes eran inocentes, sino porque esas estructuras del estigma fueron y son, en gran medida, las que permiten y constituyen la circularidad de la violencia, de la muerte joven, alentando una indolencia generalizada en la ciudadan\u00eda, validando pr\u00e1cticas estatales abiertamente re\u00f1idas con la democracia, con la vida: \u00bfo acaso no merece la m\u00e1s en\u00e9rgica intervenci\u00f3n del Estado la disparada en la tasa de homicidios, por m\u00e1s entorno delictivo que abrace esas muertes? \u00bfC\u00f3mo aplacar ese fen\u00f3meno si ninguna investigaci\u00f3n judicial prospera? \u00bfPor qu\u00e9 esperar que no se privatice la justicia si desde esas esferas, en los hechos, se tipific\u00f3 un sector poblacional no correspondido para acceder a la misma? Todo ello se conjugaba para ofrendar anchos mantos de impunidad a quienes ostentan un desinter\u00e9s por la vida incontestable (en los barrios perif\u00e9ricos y en los bulevares). <br \/> Se nos hac\u00eda necesario, entonces, desagraviar el nombre de nuestros compa\u00f1eros, contarle a quien quiera escuchar qui\u00e9nes eran Jere, Mono y Pat\u00f3m; contar todo lo que perdimos (no s\u00f3lo nosotros) cuando en nombre de la impunidad les arrebataron sus j\u00f3venes vidas. Por suerte, fueron muchos los que quisieron escuchar, los que optaron por el desenga\u00f1o antes que por la comodidad de muertes presumiblemente lejanas, circunscriptas a geograf\u00edas hostiles. Y ello de ning\u00fan modo fue f\u00e1cil: signific\u00f3, en un primer sentido, transformar el dolor en lucha, en vida, para iniciar un proceso de interpelaci\u00f3n que conmueva a la sociedad, y asimismo a las estructuras judiciales y pol\u00edticas. Movilizarnos para que tanto dolor, tanta angustia, sirviera al menos como motor de alg\u00fan cambio, por m\u00e1s m\u00ednimo y superfluo que este fuera. Indicar que otro camino alejado al de la venganza es posible y que, esperamos, el jueves se certifique adem\u00e1s su eficacia y necesariedad (algo que claramente nos excede).<br \/> As\u00ed, con la fuerza infatigable de la movilizaci\u00f3n, entendimos que la lucha emprendida exced\u00eda largamente la exigencia de justicia para Jere, Mono y Pat\u00f3m, y que toda esta experiencia no pod\u00eda quedar confinada en los sombr\u00edos pasillos de los Tribunales. Se trataba de promover debates imperdonablemente postergados, de analizar la profunda crisis de Seguridad P\u00fablica que sacude a esta ciudad y ofrecer perspectivas de entendimiento que, frontalmente, pongan en entredicho las extendidas demandas de mayor presencia policial, de endurecimiento de penas, para colocar a la Polic\u00eda de la Provincia de Santa Fe como parte constitutiva del problema estructural al que hacemos menci\u00f3n. Era necesario que esta experiencia sea la traducci\u00f3n concreta de un l\u00edmite a la impunidad narco-policial, como as\u00ed tambi\u00e9n la carnadura desde donde esgrimir otros horizontes en materia de Seguridad, a sabiendas de que ambos son elementos complementarios. Se trataba de la mejor s\u00edntesis posible para confrontar con la interesada operaci\u00f3n de territorializaci\u00f3n del narcotr\u00e1fico, a partir de la cual pretend\u00edan -topadoras mediante- invisibilizar los eslabones m\u00e1s importantes en la cadena de mando (desde ya, todos profesionales, muy poco afectos a nuestras geograf\u00edas) montando burdas escenificaciones en las barriadas populares, territorios donde se asentaba el malandraje para deliberar y ejecutar la empresa narco.<br \/> En esa inteligencia llegamos a montar el acampe. El hecho de que en simult\u00e1neo, pared de por medio, hayan estado deponiendo los peritos bal\u00edsticos en la audiencia, mientras en la carpa se iniciaba un panel-debate sobre pol\u00edticas de Seguridad, es bastante m\u00e1s que una semblanza, supera la mera ilustraci\u00f3n. Es la m\u00e1s acabada de las s\u00edntesis de nuestra voluntad pol\u00edtica, la plena seguridad de que un fallo judicial, por s\u00ed mismo, no modifica sustancialmente nada. Pero es tambi\u00e9n su anverso: es la muestra patente de que una experiencia popular, nacida de las entra\u00f1as de esos territorios en apariencia indomables, esquiv\u00f3 el camino ciego de la venganza para emprender un proceso de movilizaci\u00f3n que hizo mella en el conjunto de la sociedad, que le ofreci\u00f3 otras \u00f3pticas de entendimiento, hablando en primera persona y sin nada que esconder, confrontando el estigma sin recaer en la ideologizaci\u00f3n. Es la cabal conciencia de que, en esta partecita de la Patria, la Justicia es con lucha o no es. \u00bfO acaso qu\u00e9 es lo que molesta tanto a ese mundillo de penalistas encumbrados, que no dudaron ni un segundo en denunciar \u201cla presi\u00f3n social\u201d?<br \/>Es, al fin y al cabo, una experiencia que algunos creen que es nuestra, y que nosotros estamos convencidos debe ser de todos.<\/span><br \/><span style=\"font-family: Verdana, sans-serif\"><\/span><\/p>\n<div><span style=\"font-family: Verdana, sans-serif\"><span><span style=\"color: blue\"><b>FUENTE: MOVIMIENTO 26 DE JUNIO, FPDS<\/b><\/span><\/span><\/span><\/div>\n<p><span style=\"font-family: Verdana, sans-serif\"><\/span><\/p>\n<div style=\"clear: both;text-align: center\"><span style=\"font-family: Verdana, sans-serif\"><a href=\"http:\/\/2.bp.blogspot.com\/-n3To6iqt6dI\/VIBTZvL017I\/AAAAAAAABx4\/iibSz2mEMuE\/s1600\/COOP%2BRIACHIUELO\n%2BPRODUCCIONES.jpg\" style=\"clear: left;float: left;margin-bottom: 1em;margin-right: 1em\"><img loading=\"lazy\" decoding=\"async\" border=\"0\" src=\"http:\/\/2.bp.blogspot.com\/-n3To6iqt6dI\/VIBTZvL017I\/AAAAAAAABx4\/iibSz2mEMuE\/s1600\/COOP%2BRIACHIUELO%2BPRODUCCIONES.jpg\" height=\"58\" width=\"200\" \/><\/a><\/span><\/div>\n","protected":false},"excerpt":{"rendered":"<p>\u00a1LA JUSTICIA TIENE FECHA!\u00a1LA JUSTICIA YA LLEGA! &nbsp; Reproducimos: Rosario &#8211; jueves 04\/12, 12:30hs: transmisi\u00f3n en vivo de la lectura de sentencia. Acampe en Tribunales Provinciales. Buenos Aires &#8211; jueves 04\/12, 12:00hs: concentraci\u00f3n en la Casa de la Provincia de Santa Fe. Hoy jueves 4 de diciembre, a las 12:30hs, tendr\u00e1 lugar la lectura de [&hellip;]<\/p>\n","protected":false},"author":4,"featured_media":0,"comment_status":"open","ping_status":"open","sticky":false,"template":"","format":"standard","meta":{"_monsterinsights_skip_tracking":false,"_monsterinsights_sitenote_active":false,"_monsterinsights_sitenote_note":"","_monsterinsights_sitenote_category":0,"jnews-multi-image_gallery":[],"jnews_single_post":{"format":"standard"},"jnews_primary_category":[],"_joinchat":[],"footnotes":""},"categories":[58],"tags":[119],"class_list":["post-908","post","type-post","status-publish","format-standard","hentry","category-noticiariachuelo","tag-derechos-humanos"],"_links":{"self":[{"href":"http:\/\/fmriachuelo.it10.com.ar\/index.php\/wp-json\/wp\/v2\/posts\/908","targetHints":{"allow":["GET"]}}],"collection":[{"href":"http:\/\/fmriachuelo.it10.com.ar\/index.php\/wp-json\/wp\/v2\/posts"}],"about":[{"href":"http:\/\/fmriachuelo.it10.com.ar\/index.php\/wp-json\/wp\/v2\/types\/post"}],"author":[{"embeddable":true,"href":"http:\/\/fmriachuelo.it10.com.ar\/index.php\/wp-json\/wp\/v2\/users\/4"}],"replies":[{"embeddable":true,"href":"http:\/\/fmriachuelo.it10.com.ar\/index.php\/wp-json\/wp\/v2\/comments?post=908"}],"version-history":[{"count":1,"href":"http:\/\/fmriachuelo.it10.com.ar\/index.php\/wp-json\/wp\/v2\/posts\/908\/revisions"}],"predecessor-version":[{"id":21998,"href":"http:\/\/fmriachuelo.it10.com.ar\/index.php\/wp-json\/wp\/v2\/posts\/908\/revisions\/21998"}],"wp:attachment":[{"href":"http:\/\/fmriachuelo.it10.com.ar\/index.php\/wp-json\/wp\/v2\/media?parent=908"}],"wp:term":[{"taxonomy":"category","embeddable":true,"href":"http:\/\/fmriachuelo.it10.com.ar\/index.php\/wp-json\/wp\/v2\/categories?post=908"},{"taxonomy":"post_tag","embeddable":true,"href":"http:\/\/fmriachuelo.it10.com.ar\/index.php\/wp-json\/wp\/v2\/tags?post=908"}],"curies":[{"name":"wp","href":"https:\/\/api.w.org\/{rel}","templated":true}]}}