{"id":9076,"date":"2019-02-23T00:39:33","date_gmt":"2019-02-23T00:39:33","guid":{"rendered":"http:\/\/fmriachuelo.com.ar\/?p=9076"},"modified":"2019-02-23T00:39:33","modified_gmt":"2019-02-23T00:39:33","slug":"una-lucha-por-la-igualdad-federacion-de-cooperativas-trasol-de-chile","status":"publish","type":"post","link":"http:\/\/fmriachuelo.it10.com.ar\/index.php\/2019\/02\/23\/una-lucha-por-la-igualdad-federacion-de-cooperativas-trasol-de-chile\/","title":{"rendered":"UNA LUCHA POR LA IGUALDAD: \u00abFEDERACION DE COOPERATIVAS TRASOL\u00bb DE CHILE"},"content":{"rendered":"<p><strong>FM Riachuelo, 22\/02\/2019} Hoy nos visitaron en Cazadores de Zonceras los compa\u00f1eros,\u00a0 Estibhaliz, Eduardo Y Juan Pablo participantes \u00a0de distintas \u00a0cooperativas\u00a0 que se agrupan en la Federaci\u00f3n de Cooperativas Trasol \u00a0de Chile. Desde la federaci\u00f2n desarrollan proyectos en com\u00fan que los re\u00fane y conforman as\u00ed un espacio donde se trabaja y fuerte en la conformaci\u00f3n de las cooperativas del hermano pa\u00eds, y se apoyan mutuamente en sus proyectos que abarcan \u00a0desde educaci\u00f3n \u00a0y asesoramiento jur\u00eddico hasta el desarrollo militante.<\/strong><\/p>\n<p>En la entrevista nos contaron sobre su funcionamiento sus diversas acciones conjuntas y como se desarrolla cada cooperativa dentro de su trabajo espec\u00edfico. Compartieron sus diversas experiencias y hablaron sobre la pol\u00edtica social en Chile,\u00a0 c\u00f2mo dan la pelea para llevar adelante \u00a0lo que para ellos significa estar agrupados en un trabajo igualitario e inclusivo. Esto desde el frente de la educaci\u00f3n, pero tambi\u00e9n desde los acontecimientos pol\u00edtico sociales por los cuales atraviesan,\u00a0 con similitudes con Argentina, \u00a0por estar \u00a0igual que nosotrxs en el contexto de un gobierno neoliberal.<img loading=\"lazy\" decoding=\"async\" class=\"alignnone size-full wp-image-9078\" src=\"http:\/\/fmriachuelo.com.ar\/wp-content\/uploads\/2019\/02\/WhatsApp-Image-2019-02-22-at-20.47.24.jpeg\" alt=\"\" width=\"1040\" height=\"780\" srcset=\"http:\/\/fmriachuelo.it10.com.ar\/wp-content\/uploads\/2019\/02\/WhatsApp-Image-2019-02-22-at-20.47.24.jpeg 1040w, http:\/\/fmriachuelo.it10.com.ar\/wp-content\/uploads\/2019\/02\/WhatsApp-Image-2019-02-22-at-20.47.24-300x225.jpeg 300w, http:\/\/fmriachuelo.it10.com.ar\/wp-content\/uploads\/2019\/02\/WhatsApp-Image-2019-02-22-at-20.47.24-1024x768.jpeg 1024w, http:\/\/fmriachuelo.it10.com.ar\/wp-content\/uploads\/2019\/02\/WhatsApp-Image-2019-02-22-at-20.47.24-768x576.jpeg 768w, http:\/\/fmriachuelo.it10.com.ar\/wp-content\/uploads\/2019\/02\/WhatsApp-Image-2019-02-22-at-20.47.24-750x563.jpeg 750w\" sizes=\"auto, (max-width: 1040px) 100vw, 1040px\" \/><\/p>\n<p>Entre varios temas se refirieron adem\u00e1s a la experiencia que compartieron en las Jornadas Militantes con nuestra Organizaci\u00f3n Los Pibes, y el valor reflexivo que llevan como bagaje para poder debatir en Chile a su regreso.<\/p>\n<p>Entre otros conceptos \u00a0nos dijo la compa\u00f1era Estibhaliz<strong><em>:\u201d Una persona que gana un sueldo m\u00ednimo en Chile no puede vivir. El tema de la educaci\u00f3n tambi\u00e9n \u00a0es de cuidar ya que no tenemos Educaci\u00f3n P\u00fablica que es un derecho que ustedes tiene que cuidar\u201d. En Chile tenemos la l\u00f3gica de la dignificaci\u00f3n del consumo y muy naturalizada la falta de derechos sociales, este es un punto muy a favor para ustedes que tienen otro concepto y que los lleva a la lucha por sus derechos<\/em><\/strong>\u201d<\/p>\n<p><img loading=\"lazy\" decoding=\"async\" class=\"alignnone size-full wp-image-9079\" src=\"http:\/\/fmriachuelo.com.ar\/wp-content\/uploads\/2019\/02\/WhatsApp-Image-2019-02-22-at-20.47.21.jpeg\" alt=\"\" width=\"1040\" height=\"780\" srcset=\"http:\/\/fmriachuelo.it10.com.ar\/wp-content\/uploads\/2019\/02\/WhatsApp-Image-2019-02-22-at-20.47.21.jpeg 1040w, http:\/\/fmriachuelo.it10.com.ar\/wp-content\/uploads\/2019\/02\/WhatsApp-Image-2019-02-22-at-20.47.21-300x225.jpeg 300w, http:\/\/fmriachuelo.it10.com.ar\/wp-content\/uploads\/2019\/02\/WhatsApp-Image-2019-02-22-at-20.47.21-1024x768.jpeg 1024w, http:\/\/fmriachuelo.it10.com.ar\/wp-content\/uploads\/2019\/02\/WhatsApp-Image-2019-02-22-at-20.47.21-768x576.jpeg 768w, http:\/\/fmriachuelo.it10.com.ar\/wp-content\/uploads\/2019\/02\/WhatsApp-Image-2019-02-22-at-20.47.21-750x563.jpeg 750w\" sizes=\"auto, (max-width: 1040px) 100vw, 1040px\" \/><\/p>\n<p>Tambi\u00e9n \u00a0Juan Pablo nos coment\u00f3: <strong><em>\u201cEl cooperativismo asociado a los derechos sociales reci\u00e9n est\u00e1 comenzando a organizarse en nuestra tierra, nosotrxs no tenemos servicios p\u00fablicos,\u00a0 y soportamos la eliminaci\u00f3n de lo p\u00fablico como consolidaci\u00f3n del capitalismo, por ello la \u00a0lucha popular por\u00a0 una educaci\u00f3n \u00a0p\u00fablica es tan importante para nosotrxs. \u00a0Estamos intentando levantar luchas pol\u00edticas relacionadas al trabajo, eso no est\u00e1 tan enraizado en Chile, all\u00ed percibimos una diferencia grande con ustedes \u201c.<\/em><\/strong><\/p>\n<p>Fernando se refiri\u00f3 al progreso de sus cooperativas y \u00a0dijo \u201c<strong><em>Estamos en una lucha integral, en la alimentaci\u00f3n, en el trabajo y so\u00f1amos con hacer nuestras propias casas y escuelas. Esperamos que esta guerra integral sea entre todxs\u201d<\/em><\/strong><\/p>\n<p>Por \u00faltimo reflexionaron sobre el ataque a Latinoam\u00e9rica, sobre todo en estos d\u00edas donde se da la agresi\u00f3n \u00a0a \u00a0nuestra hermana Venezuela, y el intento de dominaci\u00f3n por parte de EE UU, as\u00ed se expresaron:<em> \u201c<strong>Hacemos un llamado a las organizaciones populares,\u00a0 \u00e9ste es el momento de prestar toda la fuerza, no podemos validar una intervenci\u00f3n de los yanquis en ning\u00fan lugar del mundo y menos en nuestra Patria Grande\u201d.<\/strong><\/em><\/p>\n<p><span style=\"color: #ff6600\">Escucha la entrevista completa<\/span><\/p>\n<p><a href=\"https:\/\/ar.radiocut.fm\/audiocut\/entrevista-a-companeros-cooperativistas-de-chile-pertenecientes-la-federacion-cooperativas-trasol\/\">https:\/\/ar.radiocut.fm\/audiocut\/entrevista-a-companeros-cooperativistas-de-chile-pertenecientes-la-federacion-cooperativas-trasol\/<\/a><\/p>\n","protected":false},"excerpt":{"rendered":"<p>FM Riachuelo, 22\/02\/2019} Hoy nos visitaron en Cazadores de Zonceras los compa\u00f1eros,\u00a0 Estibhaliz, Eduardo Y Juan Pablo participantes \u00a0de distintas \u00a0cooperativas\u00a0 que se agrupan en la Federaci\u00f3n de Cooperativas Trasol \u00a0de Chile. Desde la federaci\u00f2n desarrollan proyectos en com\u00fan que los re\u00fane y conforman as\u00ed un espacio donde se trabaja y fuerte en la conformaci\u00f3n [&hellip;]<\/p>\n","protected":false},"author":5,"featured_media":9077,"comment_status":"open","ping_status":"open","sticky":false,"template":"","format":"standard","meta":{"_monsterinsights_skip_tracking":false,"_monsterinsights_sitenote_active":false,"_monsterinsights_sitenote_note":"","_monsterinsights_sitenote_category":0,"jnews-multi-image_gallery":[],"jnews_single_post":[],"jnews_primary_category":[],"_joinchat":[],"footnotes":""},"categories":[80,76,77],"tags":[],"class_list":["post-9076","post","type-post","status-publish","format-standard","has-post-thumbnail","hentry","category-educacion","category-salud-comunitaria","category-soberania"],"_links":{"self":[{"href":"http:\/\/fmriachuelo.it10.com.ar\/index.php\/wp-json\/wp\/v2\/posts\/9076","targetHints":{"allow":["GET"]}}],"collection":[{"href":"http:\/\/fmriachuelo.it10.com.ar\/index.php\/wp-json\/wp\/v2\/posts"}],"about":[{"href":"http:\/\/fmriachuelo.it10.com.ar\/index.php\/wp-json\/wp\/v2\/types\/post"}],"author":[{"embeddable":true,"href":"http:\/\/fmriachuelo.it10.com.ar\/index.php\/wp-json\/wp\/v2\/users\/5"}],"replies":[{"embeddable":true,"href":"http:\/\/fmriachuelo.it10.com.ar\/index.php\/wp-json\/wp\/v2\/comments?post=9076"}],"version-history":[{"count":0,"href":"http:\/\/fmriachuelo.it10.com.ar\/index.php\/wp-json\/wp\/v2\/posts\/9076\/revisions"}],"wp:featuredmedia":[{"embeddable":true,"href":"http:\/\/fmriachuelo.it10.com.ar\/index.php\/wp-json\/wp\/v2\/media\/9077"}],"wp:attachment":[{"href":"http:\/\/fmriachuelo.it10.com.ar\/index.php\/wp-json\/wp\/v2\/media?parent=9076"}],"wp:term":[{"taxonomy":"category","embeddable":true,"href":"http:\/\/fmriachuelo.it10.com.ar\/index.php\/wp-json\/wp\/v2\/categories?post=9076"},{"taxonomy":"post_tag","embeddable":true,"href":"http:\/\/fmriachuelo.it10.com.ar\/index.php\/wp-json\/wp\/v2\/tags?post=9076"}],"curies":[{"name":"wp","href":"https:\/\/api.w.org\/{rel}","templated":true}]}}