{"id":9072,"date":"2019-02-20T12:18:07","date_gmt":"2019-02-20T12:18:07","guid":{"rendered":"http:\/\/fmriachuelo.com.ar\/?p=9072"},"modified":"2019-02-20T12:18:07","modified_gmt":"2019-02-20T12:18:07","slug":"pibas-y-pibes-se-organizan-y-dicen-no-a-la-baja-de-edad-de-imputabilidad","status":"publish","type":"post","link":"http:\/\/fmriachuelo.it10.com.ar\/index.php\/2019\/02\/20\/pibas-y-pibes-se-organizan-y-dicen-no-a-la-baja-de-edad-de-imputabilidad\/","title":{"rendered":"PIBAS Y PIBES SE ORGANIZAN Y DICEN \u00abNO A LA BAJA DE EDAD DE IMPUTABILIDAD\u00bb"},"content":{"rendered":"<p><strong>[FM Riachuelo 19\/02\/2019] El martes 19 de febrero concentraron en el centro de la ciudad porte\u00f1a, a partir de las 13hs, frente al Ministerio de Justicia y Derecho Humanos un conjunto de organizaciones dici\u00e9ndo nuevamente No a la Baja de Edad de Imputabilidad.<\/strong><\/p>\n<p>Entre la gran pluralidad de organizaciones presentes se encontraban la Casa Popular \u201cEl Patio\u201d de la Organizaci\u00f3n Social y Pol\u00edtica Los Pibes, Viento de Libertad-MTE y Red Puentes-MP La Dignidad, que juntas conforman la Secretar\u00eda de Adicciones de la Central de Trabajadores de la Econom\u00eda Popular (CTEP). Adem\u00e1s se encontraban presentes La Garganta Poderosa, la Rama de Liberados\/Liberadas del MTE, el frente Vamos, CTA aut\u00f3noma, ATE Verde y Blanca, las organizaciones de ni\u00f1ez Foro Por la Ni\u00f1ez, Argentina No a la Baja, la Miguelito Pepe, Organizaci\u00f3n Che Pibe.<br \/>\nEl motivo de la concentraci\u00f3n fue el nuevo intento de bajar la de edad de imputabilidad de 18 a 15 a\u00f1os el cual recibi\u00f3 un rechazo inmediato sintetizado en la contundente consigna \u201cLos pibes no son peligrosos, est\u00e1n en peligro\u201d.<\/p>\n<p>Momentos antes del acto tuvimos la posibilidad de conversar con Sebasti\u00e1n S\u00e1nchez de Vientos de Libertad-MTE que nos record\u00f3 que <strong>\u201clas organizaciones populares venimos laburando hace m\u00e1s de 20 a\u00f1os en el territorio con pibes y pibes, y queda demostrado que hay muchas de alternativas para trabajar en vez de la baja de imputabilidad\u201d<\/strong> y remarc\u00f3 que \u201cesta medida deja en manifiesto la manera de accionar y ver de este gobierno a los pibes y las pibas: reprimirlos, meterlos en cana y seguir excluy\u00e9ndolos\u201d.<\/p>\n<p><img loading=\"lazy\" decoding=\"async\" class=\"alignnone size-full wp-image-9073\" src=\"http:\/\/fmriachuelo.com.ar\/wp-content\/uploads\/2019\/02\/index-m.jpg\" alt=\"\" width=\"1280\" height=\"960\" srcset=\"http:\/\/fmriachuelo.it10.com.ar\/wp-content\/uploads\/2019\/02\/index-m.jpg 1280w, http:\/\/fmriachuelo.it10.com.ar\/wp-content\/uploads\/2019\/02\/index-m-300x225.jpg 300w, http:\/\/fmriachuelo.it10.com.ar\/wp-content\/uploads\/2019\/02\/index-m-1024x768.jpg 1024w, http:\/\/fmriachuelo.it10.com.ar\/wp-content\/uploads\/2019\/02\/index-m-768x576.jpg 768w, http:\/\/fmriachuelo.it10.com.ar\/wp-content\/uploads\/2019\/02\/index-m-750x563.jpg 750w, http:\/\/fmriachuelo.it10.com.ar\/wp-content\/uploads\/2019\/02\/index-m-1140x855.jpg 1140w\" sizes=\"auto, (max-width: 1280px) 100vw, 1280px\" \/><br \/>\nUna vez ya comenzado el acto quienes tuvieron el mayor protagonismo ante el micr\u00f3fono fueron los m\u00e1s peque\u00f1os, que leyeron una gran parte del documento, demostrando que tienen voz y son conscientes de la realidad que viven. Subrayando su conocimiento de la causa, participantes del Taller de Rap de La Garganta Poderosa nos regalaron un poco de free style d\u00e1ndole a\u00fan m\u00e1s color a la jornada<\/p>\n<p>Para cerrar, de la mano de la organizaci\u00f3n Che Pibe pudimos escuchar el trabajo que hicieron un gran n\u00famero de ni\u00f1es donde expresaban soluciones a las problem\u00e1ticas de las infancias en los barrios: \u201cque no haya m\u00e1s pibes en situaci\u00f3n de calle, ni tampoco violencia familiar, que no haya acoso callejero\u201d, <strong>\u201cque en el barrio haya m\u00e1s luz y menos polic\u00edas\u201d, \u201cexigimos escuela, ropa, comida: un barrio mejor\u201d, \u201cle exigimos al estado que la polic\u00eda no mande m\u00e1s chicos a robar\u201d, \u201cel hambre es un crimen\u201d<\/strong>; todo bajo la fuerte consigna de No a la Baja.<\/p>\n","protected":false},"excerpt":{"rendered":"<p>[FM Riachuelo 19\/02\/2019] El martes 19 de febrero concentraron en el centro de la ciudad porte\u00f1a, a partir de las 13hs, frente al Ministerio de Justicia y Derecho Humanos un conjunto de organizaciones dici\u00e9ndo nuevamente No a la Baja de Edad de Imputabilidad. Entre la gran pluralidad de organizaciones presentes se encontraban la Casa Popular [&hellip;]<\/p>\n","protected":false},"author":5,"featured_media":9070,"comment_status":"open","ping_status":"open","sticky":false,"template":"","format":"standard","meta":{"_monsterinsights_skip_tracking":false,"_monsterinsights_sitenote_active":false,"_monsterinsights_sitenote_note":"","_monsterinsights_sitenote_category":0,"jnews-multi-image_gallery":[],"jnews_single_post":[],"jnews_primary_category":[],"_joinchat":[],"footnotes":""},"categories":[78,79,76],"tags":[],"class_list":["post-9072","post","type-post","status-publish","format-standard","has-post-thumbnail","hentry","category-economia-popular","category-nadie-se-salva-solo","category-salud-comunitaria"],"_links":{"self":[{"href":"http:\/\/fmriachuelo.it10.com.ar\/index.php\/wp-json\/wp\/v2\/posts\/9072","targetHints":{"allow":["GET"]}}],"collection":[{"href":"http:\/\/fmriachuelo.it10.com.ar\/index.php\/wp-json\/wp\/v2\/posts"}],"about":[{"href":"http:\/\/fmriachuelo.it10.com.ar\/index.php\/wp-json\/wp\/v2\/types\/post"}],"author":[{"embeddable":true,"href":"http:\/\/fmriachuelo.it10.com.ar\/index.php\/wp-json\/wp\/v2\/users\/5"}],"replies":[{"embeddable":true,"href":"http:\/\/fmriachuelo.it10.com.ar\/index.php\/wp-json\/wp\/v2\/comments?post=9072"}],"version-history":[{"count":0,"href":"http:\/\/fmriachuelo.it10.com.ar\/index.php\/wp-json\/wp\/v2\/posts\/9072\/revisions"}],"wp:featuredmedia":[{"embeddable":true,"href":"http:\/\/fmriachuelo.it10.com.ar\/index.php\/wp-json\/wp\/v2\/media\/9070"}],"wp:attachment":[{"href":"http:\/\/fmriachuelo.it10.com.ar\/index.php\/wp-json\/wp\/v2\/media?parent=9072"}],"wp:term":[{"taxonomy":"category","embeddable":true,"href":"http:\/\/fmriachuelo.it10.com.ar\/index.php\/wp-json\/wp\/v2\/categories?post=9072"},{"taxonomy":"post_tag","embeddable":true,"href":"http:\/\/fmriachuelo.it10.com.ar\/index.php\/wp-json\/wp\/v2\/tags?post=9072"}],"curies":[{"name":"wp","href":"https:\/\/api.w.org\/{rel}","templated":true}]}}