{"id":907,"date":"2014-12-04T18:30:00","date_gmt":"2014-12-04T18:30:00","guid":{"rendered":"http:\/\/fmriachuelo.observatorioess.org.ar\/index.php\/2014\/12\/04\/marcha-en-la-boca-para-pedir-por-mas-y-mejores-politicas-publicas\/"},"modified":"2025-03-17T11:51:11","modified_gmt":"2025-03-17T14:51:11","slug":"marcha-en-la-boca-para-pedir-por-mas-y-mejores-politicas-publicas","status":"publish","type":"post","link":"http:\/\/fmriachuelo.it10.com.ar\/index.php\/2014\/12\/04\/marcha-en-la-boca-para-pedir-por-mas-y-mejores-politicas-publicas\/","title":{"rendered":"MARCHA EN LA BOCA PARA PEDIR POR M\u00c1S Y MEJORES POL\u00cdTICAS P\u00daBLICAS"},"content":{"rendered":"<p><b style=\"color: red\"><span style=\"font-family: Verdana, sans-serif;font-size: large\">LA BOCA RESISTE Y PROPONE<\/span><\/b><\/p>\n<div style=\"clear: both;text-align: center\"><span style=\"font-family: Verdana,sans-serif\"><span style=\"font-size: small\"><a href=\"http:\/\/2.bp.blogspot.com\/-zQ2EzLxyH64\/VH0g3kqTi1I\/AAAAAAAABu4\/kM-dJQQpUvM\/s1600\/La%2Bboca%2Bresiste.jpg\" style=\"clear: left;float: left;margin-bottom: 1em;margin-right: 1em\"><img loading=\"lazy\" decoding=\"async\" border=\"0\" src=\"http:\/\/2.bp.blogspot.com\/-zQ2EzLxyH64\/VH0g3kqTi1I\/AAAAAAAABu4\/kM-dJQQpUvM\/s1600\/La%2Bboca%2Bresiste.jpg\" height=\"400\" width=\"290\" \/><\/a><\/span><\/span><\/div>\n<p><span style=\"font-family: Verdana,sans-serif\"><span style=\"font-size: small\">El pr\u00f3ximo jueves 04 de diciembre&nbsp;a las 16 hs.&nbsp;los vecinos , vecinas y organizaciones sociales del barrio de la Boca marchan todos juntos para exigirle al Gobierno de la Ciudad pol\u00edticas p\u00fablicas destinadas a los ni\u00f1os, ni\u00f1as y j\u00f3venes del barrio.&nbsp;<\/span><span style=\"font-size: small\">Frente al vaciamiento de fondos destinados a las pol\u00edticas educativas y de asistencia en educaci\u00f3n, salud y vivienda, las fuerzas vivas del barrio marchan para hacer visible sus demandas.<\/span><\/span><br \/><span style=\"font-family: Verdana,sans-serif\"><span style=\"font-size: small\">Despu\u00e9s de venir sufriendo la p\u00e9rdida de j\u00f3venes, ni\u00f1os y ni\u00f1as que mueren por la desidia de los funcionarios p\u00fablicos que gobiernan para otros intereses y que provocan la estigmatizaci\u00f3n de&nbsp;los sectores populares.<\/span><\/span><br \/><span style=\"font-family: Verdana,sans-serif\"><span style=\"font-size: small\">Escuch\u00e1 el&nbsp;<\/span><span style=\"color: red;font-size: small\"><b>INFORME RIACHUELO<\/b><\/span><span style=\"color: red;font-size: small\"><b>&nbsp;<\/b><span style=\"color: black\">que te cuenta&nbsp;lo que viene sucediendo con&nbsp;distintos testimonios de los protagonistas.<\/span><\/span><\/span><\/p>\n<div style=\"clear: both;text-align: left\"><\/div>\n<p><\/p>\n<div style=\"clear: both;text-align: center\"><span style=\"clear: right;float: right;font-family: Verdana, sans-serif;margin-bottom: 1em;margin-left: 1em\"><\/span><\/div>\n<div style=\"clear: both;text-align: center\"><a href=\"https:\/\/images-blogger-opensocial.googleusercontent.com\/gadgets\/proxy?url=http%3A%2F%2F4.bp.blogspot.com%2F-4sm9penooxk%2FVHxjwy61KHI%2FAAAAAAAABsY%2FwiEz35B83S4%2Fs1600%2FCOOP%252BRIACHIUELO%252BPRODUCCIONES.jpg&amp;container=blogger&amp;gadget=a&amp;rewriteMime=image%2F*\" style=\"clear: left;float: left;margin-bottom: 1em;margin-right: 1em\"><img loading=\"lazy\" decoding=\"async\" border=\"0\" src=\"http:\/\/4.bp.blogspot.com\/-4sm9penooxk\/VHxjwy61KHI\/AAAAAAAABsY\/wiEz35B83S4\/s1600\/COOP%2BRIACHIUELO%2BPRODUCCIONES.jpg\" height=\"58\" width=\"200\" \/><\/a><a href=\"http:\/\/4.bp.blogspot.com\/-4sm9penooxk\/VHxjwy61KHI\/AAAAAAAABsY\/wiEz35B83S4\/s1600\/COOP%2BRIACHIUELO%2BPRODUCCIONES.jpg\" style=\"clear: left;float: left;margin-bottom: 1em;margin-right: 1em\"><span style=\"clear: right;float: right;font-family: Verdana, sans-serif;margin-bottom: 1em;margin-left: 1em\">&nbsp;<\/span><span style=\"clear: left;float: left;font-family: Verdana, sans-serif;margin-bottom: 1em;margin-right: 1em\">&nbsp;<\/span><\/a><\/div>\n","protected":false},"excerpt":{"rendered":"<p>LA BOCA RESISTE Y PROPONE El pr\u00f3ximo jueves 04 de diciembre&nbsp;a las 16 hs.&nbsp;los vecinos , vecinas y organizaciones sociales del barrio de la Boca marchan todos juntos para exigirle al Gobierno de la Ciudad pol\u00edticas p\u00fablicas destinadas a los ni\u00f1os, ni\u00f1as y j\u00f3venes del barrio.&nbsp;Frente al vaciamiento de fondos destinados a las pol\u00edticas educativas [&hellip;]<\/p>\n","protected":false},"author":4,"featured_media":0,"comment_status":"open","ping_status":"open","sticky":false,"template":"","format":"standard","meta":{"_monsterinsights_skip_tracking":false,"_monsterinsights_sitenote_active":false,"_monsterinsights_sitenote_note":"","_monsterinsights_sitenote_category":0,"jnews-multi-image_gallery":[],"jnews_single_post":{"format":"standard"},"jnews_primary_category":[],"_joinchat":[],"footnotes":""},"categories":[58],"tags":[147],"class_list":["post-907","post","type-post","status-publish","format-standard","hentry","category-noticiariachuelo","tag-habitat"],"_links":{"self":[{"href":"http:\/\/fmriachuelo.it10.com.ar\/index.php\/wp-json\/wp\/v2\/posts\/907","targetHints":{"allow":["GET"]}}],"collection":[{"href":"http:\/\/fmriachuelo.it10.com.ar\/index.php\/wp-json\/wp\/v2\/posts"}],"about":[{"href":"http:\/\/fmriachuelo.it10.com.ar\/index.php\/wp-json\/wp\/v2\/types\/post"}],"author":[{"embeddable":true,"href":"http:\/\/fmriachuelo.it10.com.ar\/index.php\/wp-json\/wp\/v2\/users\/4"}],"replies":[{"embeddable":true,"href":"http:\/\/fmriachuelo.it10.com.ar\/index.php\/wp-json\/wp\/v2\/comments?post=907"}],"version-history":[{"count":1,"href":"http:\/\/fmriachuelo.it10.com.ar\/index.php\/wp-json\/wp\/v2\/posts\/907\/revisions"}],"predecessor-version":[{"id":21999,"href":"http:\/\/fmriachuelo.it10.com.ar\/index.php\/wp-json\/wp\/v2\/posts\/907\/revisions\/21999"}],"wp:attachment":[{"href":"http:\/\/fmriachuelo.it10.com.ar\/index.php\/wp-json\/wp\/v2\/media?parent=907"}],"wp:term":[{"taxonomy":"category","embeddable":true,"href":"http:\/\/fmriachuelo.it10.com.ar\/index.php\/wp-json\/wp\/v2\/categories?post=907"},{"taxonomy":"post_tag","embeddable":true,"href":"http:\/\/fmriachuelo.it10.com.ar\/index.php\/wp-json\/wp\/v2\/tags?post=907"}],"curies":[{"name":"wp","href":"https:\/\/api.w.org\/{rel}","templated":true}]}}