{"id":9061,"date":"2019-02-18T23:22:05","date_gmt":"2019-02-18T23:22:05","guid":{"rendered":"http:\/\/fmriachuelo.com.ar\/?p=9061"},"modified":"2019-02-18T23:22:05","modified_gmt":"2019-02-18T23:22:05","slug":"abrazo-y-marcha-la-escuela-quinquela-no-se-toca","status":"publish","type":"post","link":"http:\/\/fmriachuelo.it10.com.ar\/index.php\/2019\/02\/18\/abrazo-y-marcha-la-escuela-quinquela-no-se-toca\/","title":{"rendered":"ABRAZO Y MARCHA: \u00abLA ESCUELA  QUINQUELA, NO SE TOCA\u00bb"},"content":{"rendered":"<p><strong>{Fm Riachuelo, 18\/02\/2019}<\/strong> <strong>Hoy se realiz\u00f2 un abrazo y marcha por el barrio con los vecinxs, padres, alumnos y maestrxs de la Escuela 9 del Barrio de la Boca, que est\u00e0 sufriendo una embestida contra su identidad, tal como fuera pensada por Benito Quinquela Mart\u00ecn,\u00a0 quien la so\u00f1\u00f2 como un espacio p\u00f9blico y comunitario que la une a su Casa Museo y al Teatro de la Ribera.\u00a0<\/strong><\/p>\n<p><img loading=\"lazy\" decoding=\"async\" class=\"alignnone wp-image-9063 size-large\" src=\"http:\/\/fmriachuelo.com.ar\/wp-content\/uploads\/2019\/02\/WhatsApp-Image-2019-02-18-at-12.37.47-1024x768.jpeg\" alt=\"\" width=\"640\" height=\"480\" srcset=\"http:\/\/fmriachuelo.it10.com.ar\/wp-content\/uploads\/2019\/02\/WhatsApp-Image-2019-02-18-at-12.37.47-1024x768.jpeg 1024w, http:\/\/fmriachuelo.it10.com.ar\/wp-content\/uploads\/2019\/02\/WhatsApp-Image-2019-02-18-at-12.37.47-300x225.jpeg 300w, http:\/\/fmriachuelo.it10.com.ar\/wp-content\/uploads\/2019\/02\/WhatsApp-Image-2019-02-18-at-12.37.47-768x576.jpeg 768w, http:\/\/fmriachuelo.it10.com.ar\/wp-content\/uploads\/2019\/02\/WhatsApp-Image-2019-02-18-at-12.37.47-750x563.jpeg 750w, http:\/\/fmriachuelo.it10.com.ar\/wp-content\/uploads\/2019\/02\/WhatsApp-Image-2019-02-18-at-12.37.47-1140x855.jpeg 1140w, http:\/\/fmriachuelo.it10.com.ar\/wp-content\/uploads\/2019\/02\/WhatsApp-Image-2019-02-18-at-12.37.47.jpeg 1280w\" sizes=\"auto, (max-width: 640px) 100vw, 640px\" \/><\/p>\n<p>Esto a partir de este mes fue modificado por una construcci\u00f2n ilegal que puso en marcha el Gobierno neoliberal de CABA, por lo cual los maestros se encontraron\u00a0 al llegar con que hab\u00ecan modificado la puerta de acceso cambi\u00e0ndola por un chapadur y una puerta de ingreso m\u00ecnima que no condice con los 200 alumnos que ingresan diariamente al establecimiento.<\/p>\n<p>Ante el peligro que \u00e8sto implica llamaron a toda la comunidad docente y a padrxs y vecinxs para visibilizar este atropello, que adem\u00e0s les impide la libre circulaci\u00f2n hacia el Museo y el Teatro que forman parte del espacio com\u00f9n del establecimiento. Y decidieron parar la obra adem\u00e0s por el riesgo al que se expon\u00ecan alumnos y docentes, y por ser una construcci\u00f2n no consensuada ni aprobada por los directivos escolares.<\/p>\n<p><img loading=\"lazy\" decoding=\"async\" class=\"alignnone wp-image-9064 size-large\" src=\"http:\/\/fmriachuelo.com.ar\/wp-content\/uploads\/2019\/02\/WhatsApp-Image-2019-02-18-at-12.49.38-1024x768.jpeg\" alt=\"\" width=\"640\" height=\"480\" srcset=\"http:\/\/fmriachuelo.it10.com.ar\/wp-content\/uploads\/2019\/02\/WhatsApp-Image-2019-02-18-at-12.49.38-1024x768.jpeg 1024w, http:\/\/fmriachuelo.it10.com.ar\/wp-content\/uploads\/2019\/02\/WhatsApp-Image-2019-02-18-at-12.49.38-300x225.jpeg 300w, http:\/\/fmriachuelo.it10.com.ar\/wp-content\/uploads\/2019\/02\/WhatsApp-Image-2019-02-18-at-12.49.38-768x576.jpeg 768w, http:\/\/fmriachuelo.it10.com.ar\/wp-content\/uploads\/2019\/02\/WhatsApp-Image-2019-02-18-at-12.49.38-750x563.jpeg 750w, http:\/\/fmriachuelo.it10.com.ar\/wp-content\/uploads\/2019\/02\/WhatsApp-Image-2019-02-18-at-12.49.38-1140x855.jpeg 1140w, http:\/\/fmriachuelo.it10.com.ar\/wp-content\/uploads\/2019\/02\/WhatsApp-Image-2019-02-18-at-12.49.38.jpeg 1280w\" sizes=\"auto, (max-width: 640px) 100vw, 640px\" \/><\/p>\n<p>Hoy se hizo un abrazo simb\u00f2lico rodeando al edificio junto a organizaciones populares del barrio que acompa\u00f1aron a docentes, alumnos, vecinos y padrxs. Luego se march\u00f2 por la zona para hacer conocer el riesgo que corre la escuela de perder su espacio f\u00edsico, generando un embudo a la salida y entrada de ni\u00f1as y ni\u00f1os<\/p>\n<p><img loading=\"lazy\" decoding=\"async\" class=\"alignnone wp-image-9065 size-large\" src=\"http:\/\/fmriachuelo.com.ar\/wp-content\/uploads\/2019\/02\/WhatsApp-Image-2019-02-18-at-12.56.43-1024x768.jpeg\" alt=\"\" width=\"640\" height=\"480\" srcset=\"http:\/\/fmriachuelo.it10.com.ar\/wp-content\/uploads\/2019\/02\/WhatsApp-Image-2019-02-18-at-12.56.43-1024x768.jpeg 1024w, http:\/\/fmriachuelo.it10.com.ar\/wp-content\/uploads\/2019\/02\/WhatsApp-Image-2019-02-18-at-12.56.43-300x225.jpeg 300w, http:\/\/fmriachuelo.it10.com.ar\/wp-content\/uploads\/2019\/02\/WhatsApp-Image-2019-02-18-at-12.56.43-768x576.jpeg 768w, http:\/\/fmriachuelo.it10.com.ar\/wp-content\/uploads\/2019\/02\/WhatsApp-Image-2019-02-18-at-12.56.43-750x563.jpeg 750w, http:\/\/fmriachuelo.it10.com.ar\/wp-content\/uploads\/2019\/02\/WhatsApp-Image-2019-02-18-at-12.56.43-1140x855.jpeg 1140w, http:\/\/fmriachuelo.it10.com.ar\/wp-content\/uploads\/2019\/02\/WhatsApp-Image-2019-02-18-at-12.56.43.jpeg 1280w\" sizes=\"auto, (max-width: 640px) 100vw, 640px\" \/>.<\/p>\n<p>Para seguir con la lucha se decidi\u00f2 en una Asamblea posterior,cuales ser\u00e0n las medidas a seguir para continuar\u00a0 reclamando, entendiendo que esta avanzada es una m\u00e1s de las que el gobierno intenta realizar sobre la Escuela P\u00f9blica, y se redact\u00f2 un petitorio para informar a todx la comunidad con el siguiente texto:<\/p>\n<p>\u00ab<strong>Nos encontramos en estado de Asamblea Permanente, junto con las familias y las organizaciones barriales, suspendiendo la obra, permaneciendo en nuestra escuela y exigiendo la inmediata recuperaci\u00f3n del espacio arrebatado.<\/strong><br \/>\n<strong>Convocamos a:<\/strong><br \/>\n<strong>*Todos los mediod\u00edas a las 12hs &#8211; CORTE de la calle Pedro de Mendoza 1835, seguido de asamblea<\/strong><br \/>\n<strong>*Firmar y difundir el petitorio<\/strong><br \/>\n<strong>*Mi\u00e9rcoles 20 \u2013 10hs Llevar nuestro conflicto al Ministerio de Educaci\u00f3n\u00bb<\/strong><\/p>\n<p>Las organizaciones del barrio seguiremos acompa\u00f1ando estas medidas bajo la consigna \u00ab<strong>La ESCUELA P\u00daBLICA NO SE TOCA\u00bb.<\/strong><\/p>\n","protected":false},"excerpt":{"rendered":"<p>{Fm Riachuelo, 18\/02\/2019} Hoy se realiz\u00f2 un abrazo y marcha por el barrio con los vecinxs, padres, alumnos y maestrxs de la Escuela 9 del Barrio de la Boca, que est\u00e0 sufriendo una embestida contra su identidad, tal como fuera pensada por Benito Quinquela Mart\u00ecn,\u00a0 quien la so\u00f1\u00f2 como un espacio p\u00f9blico y comunitario que [&hellip;]<\/p>\n","protected":false},"author":5,"featured_media":9062,"comment_status":"open","ping_status":"open","sticky":false,"template":"","format":"standard","meta":{"_monsterinsights_skip_tracking":false,"_monsterinsights_sitenote_active":false,"_monsterinsights_sitenote_note":"","_monsterinsights_sitenote_category":0,"jnews-multi-image_gallery":[],"jnews_single_post":[],"jnews_primary_category":[],"_joinchat":[],"footnotes":""},"categories":[78,76,77],"tags":[],"class_list":["post-9061","post","type-post","status-publish","format-standard","has-post-thumbnail","hentry","category-economia-popular","category-salud-comunitaria","category-soberania"],"_links":{"self":[{"href":"http:\/\/fmriachuelo.it10.com.ar\/index.php\/wp-json\/wp\/v2\/posts\/9061","targetHints":{"allow":["GET"]}}],"collection":[{"href":"http:\/\/fmriachuelo.it10.com.ar\/index.php\/wp-json\/wp\/v2\/posts"}],"about":[{"href":"http:\/\/fmriachuelo.it10.com.ar\/index.php\/wp-json\/wp\/v2\/types\/post"}],"author":[{"embeddable":true,"href":"http:\/\/fmriachuelo.it10.com.ar\/index.php\/wp-json\/wp\/v2\/users\/5"}],"replies":[{"embeddable":true,"href":"http:\/\/fmriachuelo.it10.com.ar\/index.php\/wp-json\/wp\/v2\/comments?post=9061"}],"version-history":[{"count":0,"href":"http:\/\/fmriachuelo.it10.com.ar\/index.php\/wp-json\/wp\/v2\/posts\/9061\/revisions"}],"wp:featuredmedia":[{"embeddable":true,"href":"http:\/\/fmriachuelo.it10.com.ar\/index.php\/wp-json\/wp\/v2\/media\/9062"}],"wp:attachment":[{"href":"http:\/\/fmriachuelo.it10.com.ar\/index.php\/wp-json\/wp\/v2\/media?parent=9061"}],"wp:term":[{"taxonomy":"category","embeddable":true,"href":"http:\/\/fmriachuelo.it10.com.ar\/index.php\/wp-json\/wp\/v2\/categories?post=9061"},{"taxonomy":"post_tag","embeddable":true,"href":"http:\/\/fmriachuelo.it10.com.ar\/index.php\/wp-json\/wp\/v2\/tags?post=9061"}],"curies":[{"name":"wp","href":"https:\/\/api.w.org\/{rel}","templated":true}]}}