{"id":906,"date":"2014-12-05T13:51:00","date_gmt":"2014-12-05T13:51:00","guid":{"rendered":"http:\/\/fmriachuelo.observatorioess.org.ar\/index.php\/2014\/12\/05\/unasur-inauguran-sede\/"},"modified":"2025-03-17T11:52:00","modified_gmt":"2025-03-17T14:52:00","slug":"unasur-inauguran-sede","status":"publish","type":"post","link":"http:\/\/fmriachuelo.it10.com.ar\/index.php\/2014\/12\/05\/unasur-inauguran-sede\/","title":{"rendered":"UNASUR: INAUGURAN SEDE"},"content":{"rendered":"<p><b style=\"color: red\"><span style=\"font-family: Verdana, sans-serif;font-size: large\">MANDATARIOS Y DELEGACIONES LLEGAN PARA INAUGURACI\u00d3N DE LA SEDE DE LA UNASUR<\/span><\/b><\/p>\n<div><a href=\"http:\/\/3.bp.blogspot.com\/-8gQ6EJecv5c\/VIG3enuszPI\/AAAAAAAABys\/j1zGLMtxqpg\/s1600\/SEDE%2BUNASUR.jpg\" style=\"clear: left;float: left;margin-bottom: 1em;margin-right: 1em;text-align: center\"><span style=\"font-family: Verdana, sans-serif\"><img loading=\"lazy\" decoding=\"async\" border=\"0\" src=\"http:\/\/3.bp.blogspot.com\/-8gQ6EJecv5c\/VIG3enuszPI\/AAAAAAAABys\/j1zGLMtxqpg\/s1600\/SEDE%2BUNASUR.jpg\" height=\"181\" width=\"320\" \/><\/span><\/a><span style=\"color: #222222;font-family: Verdana, sans-serif;line-height: 22px\">La Uni\u00f3n de Naciones Suramericanas (Unasur) estrenar\u00e1 hoy su nueva sede permanente en la ciudad de Quito, capital de Ecuador. Los Mandatarios y delegaciones que asisten a la cumbre ya comenzaron a llegar al acto y el presidente de Ecuador, Rafael Correa es el encargado de recibirlos.<\/span><\/div>\n<div><span style=\"background-color: white;color: #222222;font-family: Verdana, sans-serif;line-height: 22px\">Esta nueva estructura requiri\u00f3 dos a\u00f1os de construcci\u00f3n y la colaboraci\u00f3n de 400 trabajadores. Cuenta con 20 mil metros cuadrados de estructura interna y otros 14 mil metros cuadrados de espacios externos.<\/span><\/div>\n<div><span style=\"color: #222222;font-family: Verdana, sans-serif;line-height: 22px\">Uruguay asumi\u00f3 este jueves la presidencia temporal del organismo en una cumbre que tuvo lugar en la ciudad costera de Guayaquil, en el suroeste de Ecuador.<\/span><\/p>\n<div style=\"border: 0px;font-family: Arimo, sans-serif;font-size: 14px;line-height: 22px;margin-bottom: 10px;padding: 0px;vertical-align: baseline\"><b style=\"color: blue;font-family: Verdana, sans-serif\">FUENTE: TELESUR<\/b><br \/><b style=\"color: blue;font-family: Verdana, sans-serif\">PRODUCCIONES RIACHUELO<\/b><\/div>\n<\/div>\n","protected":false},"excerpt":{"rendered":"<p>MANDATARIOS Y DELEGACIONES LLEGAN PARA INAUGURACI\u00d3N DE LA SEDE DE LA UNASUR La Uni\u00f3n de Naciones Suramericanas (Unasur) estrenar\u00e1 hoy su nueva sede permanente en la ciudad de Quito, capital de Ecuador. Los Mandatarios y delegaciones que asisten a la cumbre ya comenzaron a llegar al acto y el presidente de Ecuador, Rafael Correa es [&hellip;]<\/p>\n","protected":false},"author":4,"featured_media":0,"comment_status":"open","ping_status":"open","sticky":false,"template":"","format":"standard","meta":{"_monsterinsights_skip_tracking":false,"_monsterinsights_sitenote_active":false,"_monsterinsights_sitenote_note":"","_monsterinsights_sitenote_category":0,"jnews-multi-image_gallery":[],"jnews_single_post":{"format":"standard"},"jnews_primary_category":[],"_joinchat":[],"footnotes":""},"categories":[58],"tags":[70],"class_list":["post-906","post","type-post","status-publish","format-standard","hentry","category-noticiariachuelo","tag-de-la-patria-grande"],"_links":{"self":[{"href":"http:\/\/fmriachuelo.it10.com.ar\/index.php\/wp-json\/wp\/v2\/posts\/906","targetHints":{"allow":["GET"]}}],"collection":[{"href":"http:\/\/fmriachuelo.it10.com.ar\/index.php\/wp-json\/wp\/v2\/posts"}],"about":[{"href":"http:\/\/fmriachuelo.it10.com.ar\/index.php\/wp-json\/wp\/v2\/types\/post"}],"author":[{"embeddable":true,"href":"http:\/\/fmriachuelo.it10.com.ar\/index.php\/wp-json\/wp\/v2\/users\/4"}],"replies":[{"embeddable":true,"href":"http:\/\/fmriachuelo.it10.com.ar\/index.php\/wp-json\/wp\/v2\/comments?post=906"}],"version-history":[{"count":1,"href":"http:\/\/fmriachuelo.it10.com.ar\/index.php\/wp-json\/wp\/v2\/posts\/906\/revisions"}],"predecessor-version":[{"id":22000,"href":"http:\/\/fmriachuelo.it10.com.ar\/index.php\/wp-json\/wp\/v2\/posts\/906\/revisions\/22000"}],"wp:attachment":[{"href":"http:\/\/fmriachuelo.it10.com.ar\/index.php\/wp-json\/wp\/v2\/media?parent=906"}],"wp:term":[{"taxonomy":"category","embeddable":true,"href":"http:\/\/fmriachuelo.it10.com.ar\/index.php\/wp-json\/wp\/v2\/categories?post=906"},{"taxonomy":"post_tag","embeddable":true,"href":"http:\/\/fmriachuelo.it10.com.ar\/index.php\/wp-json\/wp\/v2\/tags?post=906"}],"curies":[{"name":"wp","href":"https:\/\/api.w.org\/{rel}","templated":true}]}}