{"id":9053,"date":"2019-02-16T00:07:08","date_gmt":"2019-02-16T00:07:08","guid":{"rendered":"http:\/\/fmriachuelo.com.ar\/?p=9053"},"modified":"2019-02-16T00:07:08","modified_gmt":"2019-02-16T00:07:08","slug":"asamblea-en-la-escuela-9-de-la-boca-un-llamado-al-barrio-para-organizarse-en-defensa-de-la-educacion-publica","status":"publish","type":"post","link":"http:\/\/fmriachuelo.it10.com.ar\/index.php\/2019\/02\/16\/asamblea-en-la-escuela-9-de-la-boca-un-llamado-al-barrio-para-organizarse-en-defensa-de-la-educacion-publica\/","title":{"rendered":"ASAMBLEA EN LA ESCUELA 9 DE LA BOCA: UN LLAMADO AL BARRIO PARA ORGANIZARSE EN DEFENSA DE LA EDUCACI\u00d3N P\u00daBLICA"},"content":{"rendered":"<p><strong>[Fm Riachuelo 15\/02\/2019] En el d\u00eda de la fecha se realiz\u00f3 en la Escuela Museo \u201cBenito Quinquela Martin\u201d una asamblea integrada por docentes, estudiantes, familias de la comunidad educativa, a quienes se sumaron tambi\u00e9n vecinxs y organizaciones de La Boca. FM Riachuelo estuvo all\u00ed acompa\u00f1ando la convocatoria.<\/strong><\/p>\n<p>Desde un principio se plante\u00f3 la preocupaci\u00f3n de toda la comunidad al entender que el conflicto no es s\u00f3lo por la puerta de ingreso que se ha reducido, sino que es un conflicto que viene desde hace tiempo y que se enmarca en la l\u00f3gica del Gobierno de la Ciudad de correr del espacio p\u00fablico todo aquello que no sea funcional a los intereses del turismo internacional y del negocio inmobiliario que eso conlleva.<\/p>\n<p>El conflicto inicia el d\u00eda 13\/02 cuando lxs docentes ingresan luego del receso de verano y se encuentran con las reformas que hab\u00edan pr\u00e1cticamnete tapado la entrada de la Escuela Museo y de las cuales ni siquiera lxs directivos estaban al tanto. En seguida se organizaron buscando respuestas \u201coficiales\u201d que tardaron mucho en aparecer. Cuando finalmente la arquitecta del proyecto se hizo presente, dijo desconocer por completo la incomodidad y falta de seguridad que estas reformas supon\u00edan para la cotidianeidad escolar y present\u00f3 planos que lxs mismos docentes expresan son \u201cimprovisados y sin ninguna firma oficial que les de entidad\u201d.<\/p>\n<p>Remont\u00e1ndonos a lo hist\u00f3rico, Quinquela so\u00f1\u00f3 esta Escuela Museo como un espacio totalmente integrado, en el cual tanto visitantes del museo como estudiantes tuviesen acceso a la totalidad del espacio, pero esto no se ha respetado en los \u00faltimos tiempos. Una docente, Daniela, amablemente nos permiti\u00f3 recorrer la escuela tiempo antes que comenzara la asamblea y nos mostr\u00f3 como todas las puertas que unen el museo con el colegio est\u00e1n cerradas para lxs ni\u00f1xs pero no para lxs turistas que pueden acceder a los pasillos de la escuela, donde hay obras del pintor. Luego, en asamblea, otra docente expres\u00f3 \u201c<strong>si nosotrxs queremos visitar el museo tenemos que solicitar un permiso especial como cualquier escuela que venga de afuera\u201d<\/strong>. Incluso, el escenario del teatro (forma parte del mismo edificio) que supo ser el lugar de entrega de diplomas para lxs egresadxs, hoy est\u00e1 totalmente vedado para la comunidad educativa, por lo que han tenido que improvisar en el hall un escenario para poder realizar los actos escolares.<\/p>\n<p><img loading=\"lazy\" decoding=\"async\" class=\"alignnone size-full wp-image-9055\" src=\"http:\/\/fmriachuelo.com.ar\/wp-content\/uploads\/2019\/02\/cartel.jpg\" alt=\"\" width=\"1040\" height=\"780\" srcset=\"http:\/\/fmriachuelo.it10.com.ar\/wp-content\/uploads\/2019\/02\/cartel.jpg 1040w, http:\/\/fmriachuelo.it10.com.ar\/wp-content\/uploads\/2019\/02\/cartel-300x225.jpg 300w, http:\/\/fmriachuelo.it10.com.ar\/wp-content\/uploads\/2019\/02\/cartel-1024x768.jpg 1024w, http:\/\/fmriachuelo.it10.com.ar\/wp-content\/uploads\/2019\/02\/cartel-768x576.jpg 768w, http:\/\/fmriachuelo.it10.com.ar\/wp-content\/uploads\/2019\/02\/cartel-750x563.jpg 750w\" sizes=\"auto, (max-width: 1040px) 100vw, 1040px\" \/><\/p>\n<p>Fue emotivo escuchar a lxs adultxs que han cursado all\u00ed y que hoy lo eligen para lxs ni\u00f1xs, sin embargo no reconocen los espacios tal cual Quinquela los pens\u00f3 en el proyecto original de la Escuela Museo.<\/p>\n<p>Por \u00faltimo, a lxs dxcentes les interesa destacar que l<strong>a lucha no es por la puerta, sino que esta acci\u00f3n se da en el marco del vaciamiento de la escuela p\u00fablica<\/strong>, que esto se inscribe en la misma l\u00ednea de lxs responsables de cerrar las escuelas nocturnas, de hacer peligrar los profesorados con la creaci\u00f3n de la Unicaba y de hostigar a lxs docentes con p\u00e9simos salarios. En ese marco y sumando que <strong>La Boca es hoy un enorme negocio inmobiliario para la Ciudad es que se reduce al m\u00ednimo el espacio de la Escuela Nro. 9 preponderando el museo y el teatro como negocios privados para unxs pocxs.<\/strong><\/p>\n<p>La comunidad educativa ha presentado una solicitada al Ministerio de Educaci\u00f3n de Ciudad a la espera de una respuesta favorable. <strong>Mientras tanto se invita al barrio a un abrazo simb\u00f3lico que se realizar\u00e1 en la puerta de la instituci\u00f3n (ubicada en Av. Pedro de Mendoza 1835) el lunes 18\/02 a las 12 hs.<\/strong><\/p>\n","protected":false},"excerpt":{"rendered":"<p>[Fm Riachuelo 15\/02\/2019] En el d\u00eda de la fecha se realiz\u00f3 en la Escuela Museo \u201cBenito Quinquela Martin\u201d una asamblea integrada por docentes, estudiantes, familias de la comunidad educativa, a quienes se sumaron tambi\u00e9n vecinxs y organizaciones de La Boca. FM Riachuelo estuvo all\u00ed acompa\u00f1ando la convocatoria. Desde un principio se plante\u00f3 la preocupaci\u00f3n de [&hellip;]<\/p>\n","protected":false},"author":5,"featured_media":9054,"comment_status":"open","ping_status":"open","sticky":false,"template":"","format":"standard","meta":{"_monsterinsights_skip_tracking":false,"_monsterinsights_sitenote_active":false,"_monsterinsights_sitenote_note":"","_monsterinsights_sitenote_category":0,"jnews-multi-image_gallery":[],"jnews_single_post":[],"jnews_primary_category":[],"_joinchat":[],"footnotes":""},"categories":[78,76,77],"tags":[],"class_list":["post-9053","post","type-post","status-publish","format-standard","has-post-thumbnail","hentry","category-economia-popular","category-salud-comunitaria","category-soberania"],"_links":{"self":[{"href":"http:\/\/fmriachuelo.it10.com.ar\/index.php\/wp-json\/wp\/v2\/posts\/9053","targetHints":{"allow":["GET"]}}],"collection":[{"href":"http:\/\/fmriachuelo.it10.com.ar\/index.php\/wp-json\/wp\/v2\/posts"}],"about":[{"href":"http:\/\/fmriachuelo.it10.com.ar\/index.php\/wp-json\/wp\/v2\/types\/post"}],"author":[{"embeddable":true,"href":"http:\/\/fmriachuelo.it10.com.ar\/index.php\/wp-json\/wp\/v2\/users\/5"}],"replies":[{"embeddable":true,"href":"http:\/\/fmriachuelo.it10.com.ar\/index.php\/wp-json\/wp\/v2\/comments?post=9053"}],"version-history":[{"count":0,"href":"http:\/\/fmriachuelo.it10.com.ar\/index.php\/wp-json\/wp\/v2\/posts\/9053\/revisions"}],"wp:featuredmedia":[{"embeddable":true,"href":"http:\/\/fmriachuelo.it10.com.ar\/index.php\/wp-json\/wp\/v2\/media\/9054"}],"wp:attachment":[{"href":"http:\/\/fmriachuelo.it10.com.ar\/index.php\/wp-json\/wp\/v2\/media?parent=9053"}],"wp:term":[{"taxonomy":"category","embeddable":true,"href":"http:\/\/fmriachuelo.it10.com.ar\/index.php\/wp-json\/wp\/v2\/categories?post=9053"},{"taxonomy":"post_tag","embeddable":true,"href":"http:\/\/fmriachuelo.it10.com.ar\/index.php\/wp-json\/wp\/v2\/tags?post=9053"}],"curies":[{"name":"wp","href":"https:\/\/api.w.org\/{rel}","templated":true}]}}