{"id":905,"date":"2014-12-05T14:13:00","date_gmt":"2014-12-05T14:13:00","guid":{"rendered":"http:\/\/fmriachuelo.observatorioess.org.ar\/index.php\/2014\/12\/05\/onu-responsabiliza-al-gobierno-mexicano-por-las-desapariciones\/"},"modified":"2025-03-17T11:52:26","modified_gmt":"2025-03-17T14:52:26","slug":"onu-responsabiliza-al-gobierno-mexicano-por-las-desapariciones","status":"publish","type":"post","link":"http:\/\/fmriachuelo.it10.com.ar\/index.php\/2014\/12\/05\/onu-responsabiliza-al-gobierno-mexicano-por-las-desapariciones\/","title":{"rendered":"ONU: RESPONSABILIZA AL GOBIERNO MEXICANO POR LAS DESAPARICIONES"},"content":{"rendered":"<div style=\"clear: both;text-align: left\"><span style=\"color: red;font-family: Verdana, sans-serif;font-size: large\"><b>LAS DESAPARICIONES FORZADAS EN MEXICO<\/b><\/span><\/div>\n<div style=\"clear: both;text-align: center\"><a href=\"http:\/\/2.bp.blogspot.com\/-eY9hEnWNeNo\/VIG8FuTxc3I\/AAAAAAAABy4\/e0CkqwNKkHM\/s1600\/padres-normalistas-reuters.jpg_1718483346.jpg\" style=\"clear: left;float: left;margin-bottom: 1em;margin-right: 1em\"><span style=\"font-family: Verdana, sans-serif\"><img loading=\"lazy\" decoding=\"async\" border=\"0\" src=\"http:\/\/2.bp.blogspot.com\/-eY9hEnWNeNo\/VIG8FuTxc3I\/AAAAAAAABy4\/e0CkqwNKkHM\/s1600\/padres-normalistas-reuters.jpg_1718483346.jpg\" height=\"181\" width=\"320\" \/><\/span><\/a><\/div>\n<p><span style=\"font-family: Verdana, sans-serif\">El representante del Alto Comisionado de la ONU en M\u00e9xico, Javier Hern\u00e1ndez Valencia, se\u00f1al\u00f3 el jueves que el Estado mexicano es el principal responsable de la desaparici\u00f3n de los estudiantes normalistas de Ayotzinapa, ocurrida el pasado 26 de septiembre.<br \/>\u00abLos muchachos de la Normal Rural fueron atacados, capturados por servidores p\u00fablicos, y esa diferenciaci\u00f3n es fundamental para determinar no solo la responsabilidad estatal, sino el tipo de acci\u00f3n y esfuerzo en la b\u00fasqueda que hay que emprender\u00bb explic\u00f3 el funcionario durante una visita a la escuela normal donde pertenecen los desaparecidos.<br \/>\u00abNo hay otra forma de explicarlo: Cuando las autoridades cometen ese tipo de arbitrariedades, que son cr\u00edmenes, se est\u00e1 frente a una desaparici\u00f3n forzada. No tiene otro nombre\u00bb reiter\u00f3 el funcionario de la ONU.<br \/>Sobre este tipo de casos destac\u00f3 que se mantiene en pie un proyecto que permita ratificar el art\u00edculo 31 de la Convenci\u00f3n de Naciones Unidas sobre desapariciones forzadas para que el Comit\u00e9 Especializado pueda recibir e investigar denuncias de forma directa.<br \/>\u00abEste dolor que se concentra en Ayotzinapa est\u00e1 extendido en muchos otros lugares del pa\u00eds\u00bb manifest\u00f3 Valencia, quien garantiz\u00f3 a los familiares de los desaparecidos que cuenta con el respaldo del organismo en su clamor de justicia.<\/span><\/p>\n<div><span style=\"color: #3d85c6;font-family: Verdana, sans-serif;font-size: x-small\"><b>FUENTE: TELESUR<\/b><\/span><br \/><span style=\"color: #3d85c6;font-family: Verdana, sans-serif;font-size: x-small\"><b>PRODUCCIONES RIACHUELO<\/b><\/span><\/div>\n","protected":false},"excerpt":{"rendered":"<p>LAS DESAPARICIONES FORZADAS EN MEXICO El representante del Alto Comisionado de la ONU en M\u00e9xico, Javier Hern\u00e1ndez Valencia, se\u00f1al\u00f3 el jueves que el Estado mexicano es el principal responsable de la desaparici\u00f3n de los estudiantes normalistas de Ayotzinapa, ocurrida el pasado 26 de septiembre.\u00abLos muchachos de la Normal Rural fueron atacados, capturados por servidores p\u00fablicos, [&hellip;]<\/p>\n","protected":false},"author":4,"featured_media":0,"comment_status":"open","ping_status":"open","sticky":false,"template":"","format":"standard","meta":{"_monsterinsights_skip_tracking":false,"_monsterinsights_sitenote_active":false,"_monsterinsights_sitenote_note":"","_monsterinsights_sitenote_category":0,"jnews-multi-image_gallery":[],"jnews_single_post":{"format":"standard"},"jnews_primary_category":[],"_joinchat":[],"footnotes":""},"categories":[58],"tags":[70],"class_list":["post-905","post","type-post","status-publish","format-standard","hentry","category-noticiariachuelo","tag-de-la-patria-grande"],"_links":{"self":[{"href":"http:\/\/fmriachuelo.it10.com.ar\/index.php\/wp-json\/wp\/v2\/posts\/905","targetHints":{"allow":["GET"]}}],"collection":[{"href":"http:\/\/fmriachuelo.it10.com.ar\/index.php\/wp-json\/wp\/v2\/posts"}],"about":[{"href":"http:\/\/fmriachuelo.it10.com.ar\/index.php\/wp-json\/wp\/v2\/types\/post"}],"author":[{"embeddable":true,"href":"http:\/\/fmriachuelo.it10.com.ar\/index.php\/wp-json\/wp\/v2\/users\/4"}],"replies":[{"embeddable":true,"href":"http:\/\/fmriachuelo.it10.com.ar\/index.php\/wp-json\/wp\/v2\/comments?post=905"}],"version-history":[{"count":1,"href":"http:\/\/fmriachuelo.it10.com.ar\/index.php\/wp-json\/wp\/v2\/posts\/905\/revisions"}],"predecessor-version":[{"id":22001,"href":"http:\/\/fmriachuelo.it10.com.ar\/index.php\/wp-json\/wp\/v2\/posts\/905\/revisions\/22001"}],"wp:attachment":[{"href":"http:\/\/fmriachuelo.it10.com.ar\/index.php\/wp-json\/wp\/v2\/media?parent=905"}],"wp:term":[{"taxonomy":"category","embeddable":true,"href":"http:\/\/fmriachuelo.it10.com.ar\/index.php\/wp-json\/wp\/v2\/categories?post=905"},{"taxonomy":"post_tag","embeddable":true,"href":"http:\/\/fmriachuelo.it10.com.ar\/index.php\/wp-json\/wp\/v2\/tags?post=905"}],"curies":[{"name":"wp","href":"https:\/\/api.w.org\/{rel}","templated":true}]}}