{"id":9047,"date":"2019-02-15T16:04:48","date_gmt":"2019-02-15T16:04:48","guid":{"rendered":"http:\/\/fmriachuelo.com.ar\/?p=9047"},"modified":"2019-02-15T16:04:48","modified_gmt":"2019-02-15T16:04:48","slug":"reprimen-salvajemente-a-los-trabajadores-de-utt-en-el-feriazo-de-constitucion","status":"publish","type":"post","link":"http:\/\/fmriachuelo.it10.com.ar\/index.php\/2019\/02\/15\/reprimen-salvajemente-a-los-trabajadores-de-utt-en-el-feriazo-de-constitucion\/","title":{"rendered":"REPRIMEN SALVAJEMENTE A LOS TRABAJADORES DE UTT EN EL FERIAZO DE CONSTITUCI\u00d3N"},"content":{"rendered":"<p><strong>[FM Riachuelo, 15\/02\/2019] Hoy en Plaza Constituci\u00f3n reprimieron salvajemente a los compa\u00f1eros de Uni\u00f3n de Trabajadores de la Tierra cuando intentaron armar el Feriazo para vender sus productos a precios populares y para denunciar las pol\u00edticas de ajuste sobre los trabajadorxs de la tierra.<\/strong><\/p>\n<p>Mientras se armaban los gazebos para bajar la mercader\u00eda que se iba a vender a los m\u00e1s necesitados, comenz\u00f3 una feroz represi\u00f3n por parte de las fuerzas de seguridad, donde no respetaban ni a los feriantxs ni a los vecinxs presentes.La orden fue desde el Gobierno de CABA que no quiere permitir que los peque\u00f1os productores sigan con sus feriazos tan necesarios para la econom\u00eda popular y para el pueblo.<\/p>\n<p><img loading=\"lazy\" decoding=\"async\" class=\"aligncenter wp-image-9050 size-large\" src=\"http:\/\/fmriachuelo.com.ar\/wp-content\/uploads\/2019\/02\/WhatsApp-Image-2019-02-15-at-11.05.29-1024x614.jpeg\" alt=\"\" width=\"640\" height=\"384\" srcset=\"http:\/\/fmriachuelo.it10.com.ar\/wp-content\/uploads\/2019\/02\/WhatsApp-Image-2019-02-15-at-11.05.29-1024x614.jpeg 1024w, http:\/\/fmriachuelo.it10.com.ar\/wp-content\/uploads\/2019\/02\/WhatsApp-Image-2019-02-15-at-11.05.29-300x180.jpeg 300w, http:\/\/fmriachuelo.it10.com.ar\/wp-content\/uploads\/2019\/02\/WhatsApp-Image-2019-02-15-at-11.05.29-768x461.jpeg 768w, http:\/\/fmriachuelo.it10.com.ar\/wp-content\/uploads\/2019\/02\/WhatsApp-Image-2019-02-15-at-11.05.29-750x450.jpeg 750w, http:\/\/fmriachuelo.it10.com.ar\/wp-content\/uploads\/2019\/02\/WhatsApp-Image-2019-02-15-at-11.05.29-1140x684.jpeg 1140w, http:\/\/fmriachuelo.it10.com.ar\/wp-content\/uploads\/2019\/02\/WhatsApp-Image-2019-02-15-at-11.05.29.jpeg 1280w\" sizes=\"auto, (max-width: 640px) 100vw, 640px\" \/><\/p>\n<p>Luego de la feroz represi\u00f3n hablamos con Lito Borello Sec. de DDHH de la\u00a0 Confederaci\u00f3n de Trabajadores de la Econom\u00eda Popular y referente de la Organizaci\u00f3n Los Pibes, quien en un chispazo informativo nos dijo sobre esto:<em><strong>\u00abSe llevaron puesto todo sin contemplaci\u00f3n, cada vez es m\u00e1s preocupante como la Argentina se va deslizando hacia la pobreza, donde todos los dias los trabajadorxs se quedan sin sus puestos de trabajo, con un gobierno que sigue pol\u00edticas represivas salvajes sin intenci\u00f3n de solucionar nada de todx las penurias por las que pasa el pueblo. Est\u00e1n llevando al pueblo a condiciones de sometimiento y \u00e9sto es s\u00f3lo por las pol\u00edticas de ajuste del propio gobierno.\u00bb\u00a0<\/strong><\/em><\/p>\n<p><img loading=\"lazy\" decoding=\"async\" class=\"aligncenter wp-image-8602 size-full\" src=\"http:\/\/fmriachuelo.com.ar\/wp-content\/uploads\/2018\/11\/lito-tapa.jpg\" alt=\"\" width=\"400\" height=\"210\" \/><\/p>\n<p>Continu\u00f3 diciendo sobre lo sucedido hoy: <em>\u00ab<strong>Sin duda es la pol\u00edtica del gobierno que\u00a0 les quitan las posibilidades a quienes quieren vivir de vender sus productos, no cuidan la salud ni la educaci\u00f3n, son pol\u00edticas que preocupan a toda la Regi\u00f3n, es sometimiento a las pol\u00edticas del FMI, no se gobierna desde la Casa Rosada sino desde el Fondo, hambreando al pueblo. Quiero solidarizarme con los compa\u00f1erxs de la UTT quienes tratan de ayudar a que los m\u00e1s humildes puedan acercarse a un plato de comida digno, vaya a ellos toda la solidaridad\u00bb.<\/strong><\/em><\/p>\n<p><strong>HAY QUE UNIRSE Y ORGANIZARSE PORQUE SOLO LA LUCHA NOS HAR\u00c1 LIBRES<\/strong>!!!!<\/p>\n","protected":false},"excerpt":{"rendered":"<p>[FM Riachuelo, 15\/02\/2019] Hoy en Plaza Constituci\u00f3n reprimieron salvajemente a los compa\u00f1eros de Uni\u00f3n de Trabajadores de la Tierra cuando intentaron armar el Feriazo para vender sus productos a precios populares y para denunciar las pol\u00edticas de ajuste sobre los trabajadorxs de la tierra. Mientras se armaban los gazebos para bajar la mercader\u00eda que se [&hellip;]<\/p>\n","protected":false},"author":5,"featured_media":9048,"comment_status":"open","ping_status":"open","sticky":false,"template":"","format":"standard","meta":{"_monsterinsights_skip_tracking":false,"_monsterinsights_sitenote_active":false,"_monsterinsights_sitenote_note":"","_monsterinsights_sitenote_category":0,"jnews-multi-image_gallery":[],"jnews_single_post":[],"jnews_primary_category":[],"_joinchat":[],"footnotes":""},"categories":[78,76,74,126,75],"tags":[],"class_list":["post-9047","post","type-post","status-publish","format-standard","has-post-thumbnail","hentry","category-economia-popular","category-salud-comunitaria","category-san-cayetano","category-soberania-alimentaria","category-trabajo"],"_links":{"self":[{"href":"http:\/\/fmriachuelo.it10.com.ar\/index.php\/wp-json\/wp\/v2\/posts\/9047","targetHints":{"allow":["GET"]}}],"collection":[{"href":"http:\/\/fmriachuelo.it10.com.ar\/index.php\/wp-json\/wp\/v2\/posts"}],"about":[{"href":"http:\/\/fmriachuelo.it10.com.ar\/index.php\/wp-json\/wp\/v2\/types\/post"}],"author":[{"embeddable":true,"href":"http:\/\/fmriachuelo.it10.com.ar\/index.php\/wp-json\/wp\/v2\/users\/5"}],"replies":[{"embeddable":true,"href":"http:\/\/fmriachuelo.it10.com.ar\/index.php\/wp-json\/wp\/v2\/comments?post=9047"}],"version-history":[{"count":0,"href":"http:\/\/fmriachuelo.it10.com.ar\/index.php\/wp-json\/wp\/v2\/posts\/9047\/revisions"}],"wp:featuredmedia":[{"embeddable":true,"href":"http:\/\/fmriachuelo.it10.com.ar\/index.php\/wp-json\/wp\/v2\/media\/9048"}],"wp:attachment":[{"href":"http:\/\/fmriachuelo.it10.com.ar\/index.php\/wp-json\/wp\/v2\/media?parent=9047"}],"wp:term":[{"taxonomy":"category","embeddable":true,"href":"http:\/\/fmriachuelo.it10.com.ar\/index.php\/wp-json\/wp\/v2\/categories?post=9047"},{"taxonomy":"post_tag","embeddable":true,"href":"http:\/\/fmriachuelo.it10.com.ar\/index.php\/wp-json\/wp\/v2\/tags?post=9047"}],"curies":[{"name":"wp","href":"https:\/\/api.w.org\/{rel}","templated":true}]}}