{"id":9036,"date":"2019-02-15T02:36:42","date_gmt":"2019-02-15T02:36:42","guid":{"rendered":"http:\/\/fmriachuelo.com.ar\/?p=9036"},"modified":"2019-02-15T02:36:42","modified_gmt":"2019-02-15T02:36:42","slug":"obra-irregular-en-la-escuela-9-de-la-boca-sacaron-la-puerta-de-ingreso","status":"publish","type":"post","link":"http:\/\/fmriachuelo.it10.com.ar\/index.php\/2019\/02\/15\/obra-irregular-en-la-escuela-9-de-la-boca-sacaron-la-puerta-de-ingreso\/","title":{"rendered":"OBRA IRREGULAR EN LA ESCUELA 9 DE LA BOCA: SACARON LA PUERTA DE INGRESO"},"content":{"rendered":"<p><strong>[FM Riachuelo 14\/02\/2019]Hoy en el programa Rompe el Cerco Informativo nos visit\u00f3 Daniela, docente y vecina de La Boca, para denunciar \u00a0la situaci\u00f3n que est\u00e1n viviendo en la Escuela N\u00b0 9 \u00abBenito Quinquela Martin\u201d.<\/strong><\/p>\n<p>El d\u00eda mi\u00e9rcoles al retomar las tareas en la escuela,\u00a0 lxs \u00a0trabajadorxs se encontraron con \u00a0una obra irregular del Museo que funciona en el mismo edificio donde est\u00e1 la escuela\u00a0 en donde se \u00a0anul\u00f3 \u00a0la puerta por la que ingresaban les estudiantes\u00a0 y les trabajadores.<\/p>\n<p>Las autoridades del establecimiento que comparten la escuela y el museo informaron que \u00a0est\u00e1n haciendo remodelaciones de la puerta del museo para extender la\u00a0 entrada, pero achicando la puerta de acceso a la escuela.<\/p>\n<p>Es por eso que Daniela, docente visit\u00f3 RCI para denunciar lo que est\u00e1 sucediendo con esta reforma del complejo que fue pensado para la comunidad y que lo que pretenden hacer ahora \u00a0es poner en peligro el derecho que tienen les pibes \u00a0en los espacios p\u00fablicos que les pertenecen a todes.<\/p>\n<p>Daniela dijo: <em><strong>\u201cEste complejo fue donado por Quinquela Martin, donde pens\u00f3 en la comunidad, en les trabajadores, en les hijes de les trabajadores que necesitan espacios para estudiar, para formarse, entonces propuso este espacio del museo del teatro. Tambi\u00e9n agrego, les chiques cada vez tienen menos accesos a estos espacios que son p\u00fablicos, que son gratuitos y que es para todo el barrio\u201d.<\/strong><\/em><\/p>\n<p>Tambi\u00e9n cont\u00f3, que <em><strong>\u201cles chiques solo pueden entrar a estos lugares cuando es la noche de los museos, despu\u00e9s el resto del a\u00f1o no pueden ingresar a estos espacios\u201d.<\/strong><\/em><\/p>\n<p>Haciendo referencia a lo que pens\u00f3 Quinquela\u00a0 para les pibes, en este presente y con las pol\u00edticas de invasi\u00f3n que lleva adelante \u00a0el Gobierno de la Ciudad en los barrios populares negando y ocupando \u00a0espacios de la escuela y de los espacios p\u00fablicos para otros intereses.<\/p>\n<p>Daniela se refiri\u00f3 a que no hay comunicaci\u00f3n entre las \u00e1reas responsables y que la escuela est\u00e1 muy deteriorada por la falta de mantenimiento. Y \u00a0agreg\u00f3: <em><strong>\u201cNosotres les docentes no vamos a permitir que se ocupe ese lugar, que se nos quite m\u00e1s lugar\u201d.<\/strong><\/em><\/p>\n<p><strong>Les trabajadores se van a mantener en una asamblea permanente\u00a0 y decidieron convocar para ma\u00f1ana viernes a las 12:00hs otra asamblea en la puerta de la escuela\u00a0 para comenzar a organizar diferentes acciones junto a la comunidad, tambien el dia lunes van a hacer un abrazo para seguir luchando en \u00a0defensa de la escuela p\u00fablica. Por el momento no hubo ninguna notificaci\u00f3n sobre la \u00a0obra, ni nadie se acerc\u00f3 para contar lo que se esta haciendo.<\/strong><\/p>\n<p>&nbsp;<\/p>\n<p>&nbsp;<\/p>\n<p>&nbsp;<\/p>\n","protected":false},"excerpt":{"rendered":"<p>[FM Riachuelo 14\/02\/2019]Hoy en el programa Rompe el Cerco Informativo nos visit\u00f3 Daniela, docente y vecina de La Boca, para denunciar \u00a0la situaci\u00f3n que est\u00e1n viviendo en la Escuela N\u00b0 9 \u00abBenito Quinquela Martin\u201d. El d\u00eda mi\u00e9rcoles al retomar las tareas en la escuela,\u00a0 lxs \u00a0trabajadorxs se encontraron con \u00a0una obra irregular del Museo que [&hellip;]<\/p>\n","protected":false},"author":5,"featured_media":9037,"comment_status":"open","ping_status":"open","sticky":false,"template":"","format":"standard","meta":{"_monsterinsights_skip_tracking":false,"_monsterinsights_sitenote_active":false,"_monsterinsights_sitenote_note":"","_monsterinsights_sitenote_category":0,"jnews-multi-image_gallery":[],"jnews_single_post":[],"jnews_primary_category":[],"_joinchat":[],"footnotes":""},"categories":[78,76,77],"tags":[],"class_list":["post-9036","post","type-post","status-publish","format-standard","has-post-thumbnail","hentry","category-economia-popular","category-salud-comunitaria","category-soberania"],"_links":{"self":[{"href":"http:\/\/fmriachuelo.it10.com.ar\/index.php\/wp-json\/wp\/v2\/posts\/9036","targetHints":{"allow":["GET"]}}],"collection":[{"href":"http:\/\/fmriachuelo.it10.com.ar\/index.php\/wp-json\/wp\/v2\/posts"}],"about":[{"href":"http:\/\/fmriachuelo.it10.com.ar\/index.php\/wp-json\/wp\/v2\/types\/post"}],"author":[{"embeddable":true,"href":"http:\/\/fmriachuelo.it10.com.ar\/index.php\/wp-json\/wp\/v2\/users\/5"}],"replies":[{"embeddable":true,"href":"http:\/\/fmriachuelo.it10.com.ar\/index.php\/wp-json\/wp\/v2\/comments?post=9036"}],"version-history":[{"count":0,"href":"http:\/\/fmriachuelo.it10.com.ar\/index.php\/wp-json\/wp\/v2\/posts\/9036\/revisions"}],"wp:featuredmedia":[{"embeddable":true,"href":"http:\/\/fmriachuelo.it10.com.ar\/index.php\/wp-json\/wp\/v2\/media\/9037"}],"wp:attachment":[{"href":"http:\/\/fmriachuelo.it10.com.ar\/index.php\/wp-json\/wp\/v2\/media?parent=9036"}],"wp:term":[{"taxonomy":"category","embeddable":true,"href":"http:\/\/fmriachuelo.it10.com.ar\/index.php\/wp-json\/wp\/v2\/categories?post=9036"},{"taxonomy":"post_tag","embeddable":true,"href":"http:\/\/fmriachuelo.it10.com.ar\/index.php\/wp-json\/wp\/v2\/tags?post=9036"}],"curies":[{"name":"wp","href":"https:\/\/api.w.org\/{rel}","templated":true}]}}