{"id":9031,"date":"2019-02-14T17:02:16","date_gmt":"2019-02-14T17:02:16","guid":{"rendered":"http:\/\/fmriachuelo.com.ar\/?p=9031"},"modified":"2019-02-14T17:02:16","modified_gmt":"2019-02-14T17:02:16","slug":"movilizacion-en-la-9-de-julio-la-agenda-es-tierra-techo-y-trabajo","status":"publish","type":"post","link":"http:\/\/fmriachuelo.it10.com.ar\/index.php\/2019\/02\/14\/movilizacion-en-la-9-de-julio-la-agenda-es-tierra-techo-y-trabajo\/","title":{"rendered":"MOVILIZACI\u00d3N EN LA 9 DE JULIO: LA AGENDA ES TIERRA, TECHO Y TRABAJO"},"content":{"rendered":"<p><strong>[FM Riachuelo, 14\/02\/2019] En el d\u00eda de ayer, las organizaciones sociales se movilizaron\u00a0 desde diferentes puntos de la Ciudad, y en todo el pa\u00eds, al Ministerio de Desarrollo Social y sus delegaciones en el marco de una jornada de lucha nacional por \u201cTierra, Techo y Trabajo\u201d.<\/strong><\/p>\n<p>FM Riachuelo estuvo presente en la movilizaci\u00f3n acompa\u00f1ando a los trabajadores de la Econom\u00eda Popular que tambi\u00e9n movilizaron desde nuestro barrio de La Boca. Desde muy temprano miles de mujeres y hombres \u00a0coparon lo largo y ancho de la Avenida 9 de Julio.<\/p>\n<p>El acto central que tuvo lugar sobre la Avenida de Mayo tambi\u00e9n vio esa arteria colmada por los compa\u00f1eros y compa\u00f1eras que marcharon desde el Congreso. Cientos de miles de trabajadores demostraron en la calle la vigencia de la agenda Tierra, Techo y Trabajo que marca el rumbo de las transformaciones necesarias para una Argentina con dignidad y justicia social para todos los trabajadores.<\/p>\n<p>Las intervenciones en el escenario estuvieron a cargo de los referentes de las organizaciones convocantes (CTEP, CCC, Barrios de Pie, FOL y Frente Popular Dar\u00edo Santill\u00e1n) junto con el saludo de los representantes de organizaciones sindicales que acompa\u00f1aron la movilizaci\u00f3n: Hugo \u201cCachorro\u201d Godoy, por la CTA Aut\u00f3noma; Roberto Baradel, del SUTEBA; Juan Carlos Schmid, de Dragado y Balizamiento; y H\u00e9ctor Amichetti, del sindicato Gr\u00e1fico que acerc\u00f3 el saludo de la Corriente Federal Sindical. Los oradores coincidieron en el repudio a la profundizaci\u00f3n de las pol\u00edticas de ajuste y hambre, y el rechazo al endeudamiento y el FMI.<\/p>\n<p>Por su parte, desde las organizaciones de la Econom\u00eda Popular se exigi\u00f3 una paritaria social que contemple los aumentos de la canasta b\u00e1sica de alimentos y de las tarifas, y la promulgaci\u00f3n de las cuatro leyes presentadas al Congreso Nacional para fortalecer el trabajo comunitario que los trabajadores de la Econom\u00eda Popular realizan cotidianamente en las barriadas de todo el pa\u00eds.<\/p>\n<p>En el cierre del acto, Esteban \u201cGringo\u201d Castro, Secretario General de la CTEP expres\u00f3 algunos de estos reclamos:<em><strong> \u201cEste es un proyecto de ajuste es un proyecto de hambre, y lo vamos a combatir todxs juntxs. Venimos trabajando desde una experiencia de unidad hist\u00f3rica, los movimientos populares, la CTA\u00a0 todas las corrientes de\u00a0 lxs trabajadores y trabajadoras de este pa\u00eds, nos apoyaron en la ley de emergencia social y fue ah\u00ed\u00a0 en ese contexto de unidad, que planteamos que cada uno y cada una de los compa\u00f1eros y compa\u00f1eras de la econom\u00eda popular, ten\u00edan que recibir un salario social complementario que no s\u00e9 llama plan social, se llama salario, eso es lo que queremos, por eso peleamos\u201d<\/strong><\/em><\/p>\n<p><img loading=\"lazy\" decoding=\"async\" class=\"alignnone size-full wp-image-9034\" src=\"http:\/\/fmriachuelo.com.ar\/wp-content\/uploads\/2019\/02\/52263868_2014615695290836_2591650362385498112_n.jpg\" alt=\"\" width=\"720\" height=\"960\" srcset=\"http:\/\/fmriachuelo.it10.com.ar\/wp-content\/uploads\/2019\/02\/52263868_2014615695290836_2591650362385498112_n.jpg 720w, http:\/\/fmriachuelo.it10.com.ar\/wp-content\/uploads\/2019\/02\/52263868_2014615695290836_2591650362385498112_n-225x300.jpg 225w\" sizes=\"auto, (max-width: 720px) 100vw, 720px\" \/><\/p>\n<p>De cara al 8 de marzo, tambi\u00e9n estuvo presente la agenda del feminismo con una mirada desde las organizaciones sociales sobre el rol de las mujeres en la sociedad y el rechazo a la violencia de g\u00e9nero. Dina S\u00e1nchez, del FPDS, enfatiz\u00f3 en esta cuesti\u00f3n: <em><strong>\u201cQuiero que sepan que \u00a0en los barrios estamos de luto, porque nos est\u00e1n matando porque matan a una mujer cada 36 horas y est\u00e9 gobierno se llena la boca hablando de combatir la violencia, cuando solo aporta once miserables pesos por cada mujer. Mientras que nosotras las mujeres nos organizamos para combatir la violencia machista, somos nosotras las que le ponemos el cuerpo, no solo \u00a0para combatirla le ponemos el cuerpo al hambre y al ajuste, desde ac\u00e1 vamos a seguir luchando por el derecho a decidir sobre nuestros cuerpos, hasta que el aborto sea ley\u201d.<\/strong><\/em><\/p>\n<p>El tema tambi\u00e9n ocup\u00f3 una decidida menci\u00f3n por parte de Castro:<em><strong>\u201cSon las compa\u00f1eras las que se organizan en un feminismo\u00a0 comunitario que establece otra relaci\u00f3n con nuestro pueblo,\u00a0 hacen la comida para millones de pibes y pibas y son el germen de una sociedad del nuevo tipo, que viva entonces ese feminismo popular que junto al resto de las compa\u00f1eras, van a dar vuelta este pa\u00eds.\u00a0 Pero Adem\u00e1s eso que hacen las compa\u00f1eras en los barrios, que le salvan la vida a nuestrxs\u00a0 pibxs, nos va a salvar la vida a nosotrxs, nosotrxs tenemos que dejar de lado el patriarcado y el machismo, es una obligaci\u00f3n revolucionaria\u00a0 no hay transformaci\u00f3n posible sin la unidad de los trabajadores y trabajadoras, las compa\u00f1eras necesitan poder y nosotros tenemos que trabajar para eso\u201d<\/strong><\/em><\/p>\n<p>&nbsp;<\/p>\n<p>&nbsp;<\/p>\n<p>&nbsp;<\/p>\n","protected":false},"excerpt":{"rendered":"<p>[FM Riachuelo, 14\/02\/2019] En el d\u00eda de ayer, las organizaciones sociales se movilizaron\u00a0 desde diferentes puntos de la Ciudad, y en todo el pa\u00eds, al Ministerio de Desarrollo Social y sus delegaciones en el marco de una jornada de lucha nacional por \u201cTierra, Techo y Trabajo\u201d. FM Riachuelo estuvo presente en la movilizaci\u00f3n acompa\u00f1ando a [&hellip;]<\/p>\n","protected":false},"author":5,"featured_media":9030,"comment_status":"open","ping_status":"open","sticky":false,"template":"","format":"standard","meta":{"_monsterinsights_skip_tracking":false,"_monsterinsights_sitenote_active":false,"_monsterinsights_sitenote_note":"","_monsterinsights_sitenote_category":0,"jnews-multi-image_gallery":[],"jnews_single_post":[],"jnews_primary_category":[],"_joinchat":[],"footnotes":""},"categories":[78,76,74,75],"tags":[],"class_list":["post-9031","post","type-post","status-publish","format-standard","has-post-thumbnail","hentry","category-economia-popular","category-salud-comunitaria","category-san-cayetano","category-trabajo"],"_links":{"self":[{"href":"http:\/\/fmriachuelo.it10.com.ar\/index.php\/wp-json\/wp\/v2\/posts\/9031","targetHints":{"allow":["GET"]}}],"collection":[{"href":"http:\/\/fmriachuelo.it10.com.ar\/index.php\/wp-json\/wp\/v2\/posts"}],"about":[{"href":"http:\/\/fmriachuelo.it10.com.ar\/index.php\/wp-json\/wp\/v2\/types\/post"}],"author":[{"embeddable":true,"href":"http:\/\/fmriachuelo.it10.com.ar\/index.php\/wp-json\/wp\/v2\/users\/5"}],"replies":[{"embeddable":true,"href":"http:\/\/fmriachuelo.it10.com.ar\/index.php\/wp-json\/wp\/v2\/comments?post=9031"}],"version-history":[{"count":0,"href":"http:\/\/fmriachuelo.it10.com.ar\/index.php\/wp-json\/wp\/v2\/posts\/9031\/revisions"}],"wp:featuredmedia":[{"embeddable":true,"href":"http:\/\/fmriachuelo.it10.com.ar\/index.php\/wp-json\/wp\/v2\/media\/9030"}],"wp:attachment":[{"href":"http:\/\/fmriachuelo.it10.com.ar\/index.php\/wp-json\/wp\/v2\/media?parent=9031"}],"wp:term":[{"taxonomy":"category","embeddable":true,"href":"http:\/\/fmriachuelo.it10.com.ar\/index.php\/wp-json\/wp\/v2\/categories?post=9031"},{"taxonomy":"post_tag","embeddable":true,"href":"http:\/\/fmriachuelo.it10.com.ar\/index.php\/wp-json\/wp\/v2\/tags?post=9031"}],"curies":[{"name":"wp","href":"https:\/\/api.w.org\/{rel}","templated":true}]}}