{"id":903,"date":"2014-12-05T14:33:00","date_gmt":"2014-12-05T14:33:00","guid":{"rendered":"http:\/\/fmriachuelo.observatorioess.org.ar\/index.php\/2014\/12\/05\/se-restituyo-la-identidad-desaparecida-del-nieto-116\/"},"modified":"2025-03-17T11:53:24","modified_gmt":"2025-03-17T14:53:24","slug":"se-restituyo-la-identidad-desaparecida-del-nieto-116","status":"publish","type":"post","link":"http:\/\/fmriachuelo.it10.com.ar\/index.php\/2014\/12\/05\/se-restituyo-la-identidad-desaparecida-del-nieto-116\/","title":{"rendered":"SE RESTITUY\u00d3 LA IDENTIDAD DESAPARECIDA DEL NIETO 116"},"content":{"rendered":"<p><span style=\"font-family: Verdana, sans-serif\">BIENVENIDO<\/span><\/p>\n<div><span style=\"font-family: Verdana, sans-serif\"><b><span style=\"color: red;font-size: x-large\">116<\/span><\/b><\/span><br \/><span style=\"font-family: Verdana, sans-serif\">Ignacio Guido Carlotto, nieto 114, fue el primero en publicar ayer en una red social que fue identificado el hijo de Hugo Alberto Castro y de Ana Rubel, ambos desaparecidos a manos de los genocidas de la dictadura. Al rato, la informaci\u00f3n fue confirmada por la Comisi\u00f3n Nacional por el Derecho a la Identidad (Conadi) y por las Abuelas de Plaza de Mayo, quienes emitieron un comunicado en el que expresaron su \u201calegr\u00eda\u201d por el hallazgo. Aunque indicaron que a\u00fan no se dar\u00eda a conocer el nombre con el que fue criado el nieto recuperado, las respectivas familias ya hab\u00edan sido informadas.<\/span><br \/><a name='more'><\/a><span style=\"font-family: Verdana, sans-serif\">Ana Rubel era maestra y estudiante de Ciencias Econ\u00f3micas, cursaba el tercer a\u00f1o de esa carrera cuando fue secuestrada con un embarazo de dos meses. Hugo Castro era maestro mayor de obra y vivi\u00f3 en C\u00f3rdoba, donde trabaj\u00f3 como obrero en la empresa Ford. Cuando se mud\u00f3 a Buenos Aires, comenz\u00f3 a estudiar Arquitectura en la Universidad de Buenos Aires. Ambos militaban en el Frente Argentino de Liberaci\u00f3n, fueron secuestrados en enero de 1977 y trasladados al ex centro clandestino de detenci\u00f3n que funcion\u00f3 en la Escuela Mec\u00e1nica de la Armada (ESMA), \u00faltimo lugar donde fueron vistos con vida. Ambos permanecen desaparecidos. El ni\u00f1o naci\u00f3 en la ESMA y habr\u00eda sido trasladado al Hospital de Ni\u00f1os porque estaba cian\u00f3tico. Estela Carlotto confirm\u00f3 la noticia desde M\u00e9xico y adelant\u00f3 que el joven fue criado por un m\u00e9dico de la Casa Cuna.<br \/>El joven recuperado vive en Buenos Aires y se someti\u00f3 al an\u00e1lisis gen\u00e9tico hace dos meses, aunque coment\u00f3 que estaba seguro de que iba a dar positivo y que cuando se enter\u00f3 de que no era hijo biol\u00f3gico de sus padres, sinti\u00f3 la responsabilidad de conocer la verdad sobre su identidad. Ayer, cerca de las 11 de la ma\u00f1ana, el Banco de Datos Gen\u00e9ticos aport\u00f3 la informaci\u00f3n sobre este caso a la secretar\u00eda, donde funciona la Conadi, y al juzgado federal de Mar\u00eda Servini de Cubr\u00eda, donde se investiga el caso de la desaparici\u00f3n de sus padres. Seg\u00fan explic\u00f3 Fresneda, los cuatro abuelos del nuevo nieto recuperado han fallecido, por lo cual desde la secretar\u00eda se tom\u00f3 contacto con sus t\u00edos y t\u00edas.<br \/><span style=\"color: #3d85c6;font-size: x-small\"><b>FUENTE: P\u00c1GINA 12<\/b><\/span><\/span><\/p>\n<div><span style=\"color: #3d85c6;font-family: Verdana, sans-serif;font-size: x-small\"><b>PRODUCIONES&nbsp;<\/b><\/span><\/div>\n<\/div>\n","protected":false},"excerpt":{"rendered":"<p>BIENVENIDO 116Ignacio Guido Carlotto, nieto 114, fue el primero en publicar ayer en una red social que fue identificado el hijo de Hugo Alberto Castro y de Ana Rubel, ambos desaparecidos a manos de los genocidas de la dictadura. Al rato, la informaci\u00f3n fue confirmada por la Comisi\u00f3n Nacional por el Derecho a la Identidad [&hellip;]<\/p>\n","protected":false},"author":4,"featured_media":0,"comment_status":"open","ping_status":"open","sticky":false,"template":"","format":"standard","meta":{"_monsterinsights_skip_tracking":false,"_monsterinsights_sitenote_active":false,"_monsterinsights_sitenote_note":"","_monsterinsights_sitenote_category":0,"jnews-multi-image_gallery":[],"jnews_single_post":{"format":"standard"},"jnews_primary_category":[],"_joinchat":[],"footnotes":""},"categories":[58],"tags":[119],"class_list":["post-903","post","type-post","status-publish","format-standard","hentry","category-noticiariachuelo","tag-derechos-humanos"],"_links":{"self":[{"href":"http:\/\/fmriachuelo.it10.com.ar\/index.php\/wp-json\/wp\/v2\/posts\/903","targetHints":{"allow":["GET"]}}],"collection":[{"href":"http:\/\/fmriachuelo.it10.com.ar\/index.php\/wp-json\/wp\/v2\/posts"}],"about":[{"href":"http:\/\/fmriachuelo.it10.com.ar\/index.php\/wp-json\/wp\/v2\/types\/post"}],"author":[{"embeddable":true,"href":"http:\/\/fmriachuelo.it10.com.ar\/index.php\/wp-json\/wp\/v2\/users\/4"}],"replies":[{"embeddable":true,"href":"http:\/\/fmriachuelo.it10.com.ar\/index.php\/wp-json\/wp\/v2\/comments?post=903"}],"version-history":[{"count":1,"href":"http:\/\/fmriachuelo.it10.com.ar\/index.php\/wp-json\/wp\/v2\/posts\/903\/revisions"}],"predecessor-version":[{"id":22003,"href":"http:\/\/fmriachuelo.it10.com.ar\/index.php\/wp-json\/wp\/v2\/posts\/903\/revisions\/22003"}],"wp:attachment":[{"href":"http:\/\/fmriachuelo.it10.com.ar\/index.php\/wp-json\/wp\/v2\/media?parent=903"}],"wp:term":[{"taxonomy":"category","embeddable":true,"href":"http:\/\/fmriachuelo.it10.com.ar\/index.php\/wp-json\/wp\/v2\/categories?post=903"},{"taxonomy":"post_tag","embeddable":true,"href":"http:\/\/fmriachuelo.it10.com.ar\/index.php\/wp-json\/wp\/v2\/tags?post=903"}],"curies":[{"name":"wp","href":"https:\/\/api.w.org\/{rel}","templated":true}]}}