{"id":9020,"date":"2019-02-12T23:11:16","date_gmt":"2019-02-12T23:11:16","guid":{"rendered":"http:\/\/fmriachuelo.com.ar\/?p=9020"},"modified":"2019-02-12T23:11:16","modified_gmt":"2019-02-12T23:11:16","slug":"el-pueblo-tiene-que-ser-el-actor-centralel-artifice-de-su-destino","status":"publish","type":"post","link":"http:\/\/fmriachuelo.it10.com.ar\/index.php\/2019\/02\/12\/el-pueblo-tiene-que-ser-el-actor-centralel-artifice-de-su-destino\/","title":{"rendered":"\u201cEL PUEBLO TIENE QUE SER EL ACTOR CENTRAL,EL ARTIFICE DE SU DESTINO\u201d"},"content":{"rendered":"<p><strong>[FM Riachuelo 12\/02\/2019]Hoy en \u201cRompe el Cerco Informativo\u201d conversamos con Luciano \u00c1lvarez, referente de la Casa Popular El Fog\u00f3n de Avellaneda, para reflexionar sobre la marcha que se realizara el d\u00eda de ma\u00f1ana por Tierra, Techo y Trabajo hacia el Ministerio de Desarrollo Social, donde se exigir\u00e1 una paritaria social que contemple los aumentos de la canasta b\u00e1sica de alimentos y de las tarifas.<\/strong><\/p>\n<p>A partir de las 11 hs se estar\u00e1 llevando adelante una nueva jornada de lucha nacional, convocada por la CTEP (Confederaci\u00f3n de Trabajadores de la Econom\u00eda Popular), la Corriente Clasista y Combativa, Barrios de Pie, Frente Popular Dar\u00edo Santill\u00e1n y el Frente de Organizaciones en Lucha. Adem\u00e1s acompa\u00f1aran el reclamo diversas organizaciones sociales y sindicales, como la CTA Aut\u00f3noma, la Corriente Federal y el Sector Gremial del Transporte.<\/p>\n<p>Luciano \u00c1lvarez, referente de la C.P El Fog\u00f3n de Avellaneda nos comparti\u00f3 un par de reflexiones sobre la necesidad de seguir manteniendo la lucha en la calle<em>:\u201dEn Avellaneda se viene acompa\u00f1ando fuertemente toda la pelea contra los tarifazos, como en todo el pa\u00eds. Fundamentalmente todo el tema de las empresas de servicio est\u00e1 pegando muy duro. Fue un tema que nos mantuvo en la calle durante estos dos meses de vacaciones\u201d<\/em>.<\/p>\n<p>Con respecto a la movilizaci\u00f3n de ma\u00f1ana, El Fog\u00f3n viene realizando asambleas donde se defini\u00f3 la participaci\u00f3n en la marcha porque<em>\u201dnosotros creemos que el pueblo tiene que ser el actor central, que es el art\u00edfice de su destino\u201d<\/em>. Tambi\u00e9n haciendo hincapi\u00e9 en que este 2019 es un a\u00f1o electoral, considera fundamental la participaci\u00f3n activa del campo popular: <em>\u201cCreemos que la calle tiene que poder hablar y en todo caso, ser un condicionador importante en el planteamiento de la agenda para resolver los problemas del cotidiano de nuestra gente\u201d.<\/em><\/p>\n<p>\u201c<em>La marcha de ma\u00f1ana creemos que tiene que ser un primer jal\u00f3n, de un a\u00f1o de mucha movilizaci\u00f3n, de mucha calle, de mayor unidad de los sectores populares y de profundizaci\u00f3n de la construcci\u00f3n de este movimiento de los trabajadores<\/em>\u201d, as\u00ed se refiri\u00f3 a la jornada de lucha nacional, y adem\u00e1s plantea la necesidad urgente de la implementaci\u00f3n de las cuatro leyes presentadas al Congreso Nacional y que aun no tienen tratamiento: Emergencia Alimentaria, Agricultura Familiar, Infraestructura Social, Emergencia en Adicciones. Como tambi\u00e9n, el presupuesto para la ley de Urbanizaci\u00f3n de Barrios Populares, aprobada en 2018, y que aun no fue reglamentada.<\/p>\n<p>Para finalizar, dijo que \u201c<em>No hay mejor representante de los intereses de los trabajadores, que los trabajadores. Y eso se lo vamos a demostrar ma\u00f1ana en la calle, inaugurando el 2019 con una marcha unitaria\u00bb<\/em><\/p>\n<p>Escucha la entrevista completa\u00a0<a href=\"https:\/\/radiocut.fm\/audiocut\/es-indispensable-la-unidad-luciano-alvarez-cp-el-fogon\/\" target=\"_blank\" rel=\"noopener\"><span style=\"color: #ff0000\"><strong>AC\u00c1<\/strong><\/span><\/a><\/p>\n","protected":false},"excerpt":{"rendered":"<p>[FM Riachuelo 12\/02\/2019]Hoy en \u201cRompe el Cerco Informativo\u201d conversamos con Luciano \u00c1lvarez, referente de la Casa Popular El Fog\u00f3n de Avellaneda, para reflexionar sobre la marcha que se realizara el d\u00eda de ma\u00f1ana por Tierra, Techo y Trabajo hacia el Ministerio de Desarrollo Social, donde se exigir\u00e1 una paritaria social que contemple los aumentos de [&hellip;]<\/p>\n","protected":false},"author":5,"featured_media":9021,"comment_status":"open","ping_status":"open","sticky":false,"template":"","format":"standard","meta":{"_monsterinsights_skip_tracking":false,"_monsterinsights_sitenote_active":false,"_monsterinsights_sitenote_note":"","_monsterinsights_sitenote_category":0,"jnews-multi-image_gallery":[],"jnews_single_post":[],"jnews_primary_category":[],"_joinchat":[],"footnotes":""},"categories":[76,74,75],"tags":[],"class_list":["post-9020","post","type-post","status-publish","format-standard","has-post-thumbnail","hentry","category-salud-comunitaria","category-san-cayetano","category-trabajo"],"_links":{"self":[{"href":"http:\/\/fmriachuelo.it10.com.ar\/index.php\/wp-json\/wp\/v2\/posts\/9020","targetHints":{"allow":["GET"]}}],"collection":[{"href":"http:\/\/fmriachuelo.it10.com.ar\/index.php\/wp-json\/wp\/v2\/posts"}],"about":[{"href":"http:\/\/fmriachuelo.it10.com.ar\/index.php\/wp-json\/wp\/v2\/types\/post"}],"author":[{"embeddable":true,"href":"http:\/\/fmriachuelo.it10.com.ar\/index.php\/wp-json\/wp\/v2\/users\/5"}],"replies":[{"embeddable":true,"href":"http:\/\/fmriachuelo.it10.com.ar\/index.php\/wp-json\/wp\/v2\/comments?post=9020"}],"version-history":[{"count":0,"href":"http:\/\/fmriachuelo.it10.com.ar\/index.php\/wp-json\/wp\/v2\/posts\/9020\/revisions"}],"wp:featuredmedia":[{"embeddable":true,"href":"http:\/\/fmriachuelo.it10.com.ar\/index.php\/wp-json\/wp\/v2\/media\/9021"}],"wp:attachment":[{"href":"http:\/\/fmriachuelo.it10.com.ar\/index.php\/wp-json\/wp\/v2\/media?parent=9020"}],"wp:term":[{"taxonomy":"category","embeddable":true,"href":"http:\/\/fmriachuelo.it10.com.ar\/index.php\/wp-json\/wp\/v2\/categories?post=9020"},{"taxonomy":"post_tag","embeddable":true,"href":"http:\/\/fmriachuelo.it10.com.ar\/index.php\/wp-json\/wp\/v2\/tags?post=9020"}],"curies":[{"name":"wp","href":"https:\/\/api.w.org\/{rel}","templated":true}]}}