{"id":902,"date":"2014-12-05T15:10:00","date_gmt":"2014-12-05T15:10:00","guid":{"rendered":"http:\/\/fmriachuelo.observatorioess.org.ar\/index.php\/2014\/12\/05\/marcha-la-boca-resiste-y-propone\/"},"modified":"2025-03-17T11:53:50","modified_gmt":"2025-03-17T14:53:50","slug":"marcha-la-boca-resiste-y-propone","status":"publish","type":"post","link":"http:\/\/fmriachuelo.it10.com.ar\/index.php\/2014\/12\/05\/marcha-la-boca-resiste-y-propone\/","title":{"rendered":"MARCHA: LA BOCA RESISTE Y PROPONE"},"content":{"rendered":"<div style=\"background-color: white;color: #444444;line-height: 21.2999992370605px;text-align: center\">\n<div style=\"text-align: left\"><span style=\"line-height: 21.2999992370605px\"><span style=\"font-family: Verdana, sans-serif;line-height: normal\"><span style=\"line-height: 25.5599994659424px\">EL PUEBLO SE ORGANIZA, RESISTE Y LUCHA<\/span><span lang=\"ES-AR\" style=\"line-height: 21.2999992370605px\"><br style=\"line-height: 21.2999992370605px\" \/><\/span><\/span><\/span><\/div>\n<\/div>\n<div style=\"background-color: white;color: #444444;line-height: 21.2999992370605px;text-align: center\">\n<div style=\"text-align: left\"><span style=\"line-height: 21.2999992370605px\"><span style=\"line-height: normal\"><span lang=\"ES-AR\" style=\"line-height: 21.2999992370605px\"><span style=\"color: red;line-height: 21.2999992370605px\"><b style=\"line-height: 21.2999992370605px\"><span style=\"font-family: Verdana, sans-serif;font-size: large;line-height: normal\">POR UN PROYECTO DE VIDA&nbsp;DIGNA<\/span><\/b><\/span><\/span><\/span><\/span><\/div>\n<\/div>\n<div style=\"background-color: white;color: #444444;line-height: 21.2999992370605px;text-align: center\">\n<div style=\"clear: both;text-align: center\"><a href=\"https:\/\/images-blogger-opensocial.googleusercontent.com\/gadgets\/proxy?url=http%3A%2F%2F4.bp.blogspot.com%2F-bUPF7Ls9fQ8%2FVIHKUWx7i6I%2FAAAAAAAABzI%2FO74SfJix_nY%2Fs1600%2F10658618_802448723147645_1255611351088621093_o.jpg&amp;container=blogger&amp;gadget=a&amp;rewriteMime=image%2F*\" style=\"clear: left;float: left;margin-bottom: 1em;margin-right: 1em\"><span style=\"font-family: Verdana, sans-serif\"><img loading=\"lazy\" decoding=\"async\" border=\"0\" src=\"http:\/\/4.bp.blogspot.com\/-bUPF7Ls9fQ8\/VIHKUWx7i6I\/AAAAAAAABzI\/O74SfJix_nY\/s1600\/10658618_802448723147645_1255611351088621093_o.jpg\" height=\"168\" width=\"320\" \/><\/span><\/a><\/div>\n<div style=\"text-align: left\"><b style=\"line-height: 21.2999992370605px\"><span style=\"line-height: normal\"><span lang=\"ES-AR\" style=\"font-family: Verdana, sans-serif;line-height: 21.2999992370605px\"><span style=\"line-height: normal\">FMR Viernes 5\/12\/14]&nbsp;<\/span>Con la consigna&nbsp;<span style=\"line-height: 21.2999992370605px\">LA BOCA RESISTE Y PROPONE&nbsp;<\/span>casi medio millar de personas marcharon ayer, entre vecinos y organizaciones sociales y pol\u00edticas<span style=\"line-height: normal\">,&nbsp;<\/span>desde la emblem\u00e1tica esquina de Caminito en&nbsp;<span style=\"line-height: normal\">La&nbsp;V<\/span>uelta de&nbsp;<span style=\"line-height: normal\">R<\/span>ocha hasta el demolido Parque Lezama contra la violencia institucional y exigiendo pol\u00edticas p<span style=\"line-height: normal\">\u00fa<\/span>blicas inclusivas.<\/span><\/span><\/b><\/div>\n<\/div>\n<div style=\"clear: both;text-align: left\"><a href=\"http:\/\/4.bp.blogspot.com\/-bUPF7Ls9fQ8\/VIHKUWx7i6I\/AAAAAAAABzI\/O74SfJix_nY\/s1600\/10658618_802448723147645_1255611351088621093_o.jpg\" style=\"margin-left: 1em;margin-right: 1em\"><span style=\"font-family: Verdana, sans-serif\"><\/span><\/a><\/div>\n<div style=\"background-color: white;text-align: center\">\n<div style=\"color: #444444;line-height: normal;margin-bottom: 1.35em\">\n<div style=\"text-align: left\"><span style=\"line-height: 21.2999992370605px\"><span style=\"line-height: normal\"><span lang=\"ES-AR\" style=\"font-family: Verdana, sans-serif;line-height: 21.2999992370605px\">La reciente muerte de Gonzalo, apu\u00f1alado en la puerta de un parador porte\u00f1o para j\u00f3venes en situaci\u00f3nn de calle, fue la gota que rebals\u00f3 el vaso.<\/span><\/span><\/span><\/div>\n<p><a name='more'><\/a><span style=\"font-family: Verdana, sans-serif\"><\/p>\n<div style=\"text-align: left\"><span style=\"line-height: 21.2999992370605px\">En los \u00faltimos 10 a\u00f1os ya son m\u00e1s de 10 los chicos muertos en el barrio. V\u00edctimas de las pol\u00edticas exclusivas y expulsivas de un gobierno que pretende, con nuestro trabajo, construir una ciudad para pocos.<\/span><a href=\"https:\/\/images-blogger-opensocial.googleusercontent.com\/gadgets\/proxy?url=http%3A%2F%2F2.bp.blogspot.com%2F-GQijfh-CNQc%2FVIHKlEeyeuI%2FAAAAAAAABzQ%2Fu4WbTnjx4uM%2Fs1600%2F10481976_802449406480910_808732114548115863_o.jpg&amp;container=blogger&amp;gadget=a&amp;rewriteMime=image%2F*\" style=\"clear: left;margin-bottom: 1em;margin-right: 1em\"><img loading=\"lazy\" decoding=\"async\" border=\"0\" src=\"http:\/\/2.bp.blogspot.com\/-GQijfh-CNQc\/VIHKlEeyeuI\/AAAAAAAABzQ\/u4WbTnjx4uM\/s1600\/10481976_802449406480910_808732114548115863_o.jpg\" height=\"157\" width=\"320\" \/><\/a><span style=\"line-height: 21.2999992370605px\">En el cierre, en la entrada de La Boca, se ley\u00f3 un petitorio con una lista de reclamos al gobierno de Mauricio Macri. L<\/span>es ofrecemos<a href=\"http:\/\/www.divshare.com\/download\/26521914-c5e\" style=\"color: #0068cf;cursor: pointer;font-weight: inherit;line-height: 21.2999992370605px\" target=\"_blank\" rel=\"noopener\"><span style=\"color: #3d85c6;line-height: 21.2999992370605px\"><b style=\"line-height: 21.2999992370605px\">&nbsp;INFORME RIACHUELO<\/b><\/span><\/a>&nbsp;producido por los estudiantes de los cursos de Formaci\u00f3n Profesional que se realizan en la FM Riachuelo<span lang=\"ES-AR\" style=\"line-height: 21.2999992370605px\"><span style=\"line-height: normal\">&nbsp;y los&nbsp;<\/span>los siguientes testimonios.<\/span><\/div>\n<p><\/span><\/div>\n<div style=\"color: #444444;line-height: normal;margin-bottom: 1.35em\">\n<div style=\"margin-bottom: 1.35em\">\n<div style=\"text-align: left\"><span style=\"color: #0068cf;cursor: pointer;font-weight: inherit;line-height: normal\"><b style=\"line-height: 21.2999992370605px\"><span style=\"color: #3d85c6;line-height: 21.2999992370605px\"><span lang=\"ES-AR\" style=\"font-family: Verdana, sans-serif;line-height: 21.2999992370605px\"><a href=\"http:\/\/www.divshare.com\/download\/26519502-153\" style=\"color: #0068cf;cursor: pointer;font-weight: inherit;line-height: 21.2999992370605px\" target=\"_blank\" rel=\"noopener\">CELIA &#8211; ORGANIZACI\u00d3N SOCIAL YPOL\u00cdTICA LOS PIBES<\/a><\/span><\/span><\/b><\/span><\/div>\n<div style=\"text-align: left\"><b style=\"line-height: 21.2999992370605px\"><span style=\"color: #3d85c6;line-height: 21.2999992370605px\"><span style=\"font-family: Verdana, sans-serif;line-height: 21.2999992370605px\"><a href=\"http:\/\/www.divshare.com\/download\/26519515-2b2\" style=\"color: #0068cf;cursor: pointer;font-weight: inherit;line-height: 21.2999992370605px\" target=\"_blank\" rel=\"noopener\">TERESA STAMBAZI<\/a><\/span><\/span><\/b><\/div>\n<div style=\"text-align: left\"><b style=\"line-height: 21.2999992370605px\"><span style=\"color: #3d85c6;line-height: 21.2999992370605px\"><span style=\"font-family: Verdana, sans-serif;line-height: 21.2999992370605px\"><a href=\"http:\/\/www.divshare.com\/download\/26519514-baf\" style=\"color: #0068cf;cursor: pointer;font-weight: inherit;line-height: 21.2999992370605px\" target=\"_blank\" rel=\"noopener\">OSVALDO Y PAULINA<\/a><\/span><\/span><\/b><\/div>\n<div style=\"text-align: left\"><b style=\"line-height: 21.2999992370605px\"><span style=\"color: #3d85c6;line-height: 21.2999992370605px\"><span style=\"font-family: Verdana, sans-serif;line-height: 21.2999992370605px\"><a href=\"http:\/\/www.divshare.com\/download\/26519507-8f2\" style=\"color: #0068cf;cursor: pointer;font-weight: inherit;line-height: 21.2999992370605px\" target=\"_blank\" rel=\"noopener\">MALVINA &#8211; ENFERMERA CESAC 41<\/a><\/span><\/span><\/b><\/div>\n<div style=\"text-align: left\"><b style=\"line-height: 21.2999992370605px\"><span style=\"color: #3d85c6;line-height: 21.2999992370605px\"><span style=\"font-family: Verdana, sans-serif;line-height: 21.2999992370605px\"><a href=\"http:\/\/www.divshare.com\/download\/26519508-9fd\" style=\"color: #0068cf;cursor: pointer;font-weight: inherit;line-height: 21.2999992370605px\" target=\"_blank\" rel=\"noopener\">MAT\u00cdA &#8211; BOCA ES PUEBLO<\/a><\/span><\/span><\/b><\/div>\n<div style=\"text-align: left\"><b style=\"line-height: 21.2999992370605px\"><span style=\"color: #3d85c6;line-height: 21.2999992370605px\"><span style=\"font-family: Verdana, sans-serif;line-height: 21.2999992370605px\"><a href=\"http:\/\/www.divshare.com\/download\/26519503-3d9\" style=\"color: #0068cf;cursor: pointer;font-weight: inherit;line-height: 21.2999992370605px\" target=\"_bl\nank\" rel=\"noopener\">FRANCISCO NU\u00d1EZ<\/a><\/span><\/span><\/b><\/div>\n<div style=\"text-align: left\"><b style=\"color: #0068cf;line-height: 21.2999992370605px\"><span style=\"color: #3d85c6;line-height: 21.2999992370605px\"><span style=\"line-height: 21.2999992370605px\"><b style=\"color: #444444;line-height: 21.2999992370605px\"><span style=\"color: #3d85c6;line-height: 21.2999992370605px\"><span style=\"font-family: Verdana, sans-serif;line-height: 21.2999992370605px\"><a href=\"http:\/\/www.divshare.com\/download\/26519501-aaa\" style=\"color: #0068cf;cursor: pointer;font-weight: inherit;line-height: 21.2999992370605px\" target=\"_blank\" rel=\"noopener\">ALEJANDRA FENOCHIO<\/a><\/span><\/span><\/b><\/span><\/span><\/b><\/div>\n<div style=\"text-align: left\"><b style=\"line-height: 21.2999992370605px\"><span style=\"color: #3d85c6;line-height: 21.2999992370605px\"><span style=\"font-family: Verdana, sans-serif;line-height: 21.2999992370605px\"><a href=\"http:\/\/www.divshare.com\/download\/26519506-052\" style=\"color: #0068cf;cursor: pointer;font-weight: inherit;line-height: 21.2999992370605px\" target=\"_blank\" rel=\"noopener\">LECTURA PETITORIO &#8211; PAP\u00c1 DE PITU Y POLA<\/a><\/span><\/span><\/b><\/div>\n<div style=\"text-align: left\"><b style=\"line-height: 21.2999992370605px\"><span style=\"color: #3d85c6;line-height: 21.2999992370605px\"><span style=\"font-family: Verdana, sans-serif;line-height: 21.2999992370605px\"><a href=\"http:\/\/www.divshare.com\/download\/26519504-3b4\" style=\"color: #0068cf;cursor: pointer;font-weight: inherit;line-height: 21.2999992370605px\" target=\"_blank\" rel=\"noopener\">LA BOCA PROPONE &#8211; LECTURA DE PUNTOS DEL PETITORIO<\/a><\/span><\/span><\/b><\/div>\n<div style=\"text-align: left\"><span style=\"color: blue;line-height: 21.2999992370605px\"><span style=\"font-family: Verdana, sans-serif;font-size: x-small\"><b>PRODUCCIONES RIACHUELO<\/b><\/span><\/span><\/div>\n<\/div>\n<\/div>\n<\/div>\n","protected":false},"excerpt":{"rendered":"<p>EL PUEBLO SE ORGANIZA, RESISTE Y LUCHA POR UN PROYECTO DE VIDA&nbsp;DIGNA FMR Viernes 5\/12\/14]&nbsp;Con la consigna&nbsp;LA BOCA RESISTE Y PROPONE&nbsp;casi medio millar de personas marcharon ayer, entre vecinos y organizaciones sociales y pol\u00edticas,&nbsp;desde la emblem\u00e1tica esquina de Caminito en&nbsp;La&nbsp;Vuelta de&nbsp;Rocha hasta el demolido Parque Lezama contra la violencia institucional y exigiendo pol\u00edticas p\u00fablicas inclusivas. [&hellip;]<\/p>\n","protected":false},"author":4,"featured_media":0,"comment_status":"open","ping_status":"open","sticky":false,"template":"","format":"standard","meta":{"_monsterinsights_skip_tracking":false,"_monsterinsights_sitenote_active":false,"_monsterinsights_sitenote_note":"","_monsterinsights_sitenote_category":0,"jnews-multi-image_gallery":[],"jnews_single_post":{"format":"standard"},"jnews_primary_category":[],"_joinchat":[],"footnotes":""},"categories":[58],"tags":[119],"class_list":["post-902","post","type-post","status-publish","format-standard","hentry","category-noticiariachuelo","tag-derechos-humanos"],"_links":{"self":[{"href":"http:\/\/fmriachuelo.it10.com.ar\/index.php\/wp-json\/wp\/v2\/posts\/902","targetHints":{"allow":["GET"]}}],"collection":[{"href":"http:\/\/fmriachuelo.it10.com.ar\/index.php\/wp-json\/wp\/v2\/posts"}],"about":[{"href":"http:\/\/fmriachuelo.it10.com.ar\/index.php\/wp-json\/wp\/v2\/types\/post"}],"author":[{"embeddable":true,"href":"http:\/\/fmriachuelo.it10.com.ar\/index.php\/wp-json\/wp\/v2\/users\/4"}],"replies":[{"embeddable":true,"href":"http:\/\/fmriachuelo.it10.com.ar\/index.php\/wp-json\/wp\/v2\/comments?post=902"}],"version-history":[{"count":1,"href":"http:\/\/fmriachuelo.it10.com.ar\/index.php\/wp-json\/wp\/v2\/posts\/902\/revisions"}],"predecessor-version":[{"id":22004,"href":"http:\/\/fmriachuelo.it10.com.ar\/index.php\/wp-json\/wp\/v2\/posts\/902\/revisions\/22004"}],"wp:attachment":[{"href":"http:\/\/fmriachuelo.it10.com.ar\/index.php\/wp-json\/wp\/v2\/media?parent=902"}],"wp:term":[{"taxonomy":"category","embeddable":true,"href":"http:\/\/fmriachuelo.it10.com.ar\/index.php\/wp-json\/wp\/v2\/categories?post=902"},{"taxonomy":"post_tag","embeddable":true,"href":"http:\/\/fmriachuelo.it10.com.ar\/index.php\/wp-json\/wp\/v2\/tags?post=902"}],"curies":[{"name":"wp","href":"https:\/\/api.w.org\/{rel}","templated":true}]}}