{"id":9012,"date":"2019-02-12T15:31:55","date_gmt":"2019-02-12T15:31:55","guid":{"rendered":"http:\/\/fmriachuelo.com.ar\/?p=9012"},"modified":"2019-02-12T15:31:55","modified_gmt":"2019-02-12T15:31:55","slug":"los-movimientos-populares-tenemos-que-acumular-fuerzas-para-la-embestida","status":"publish","type":"post","link":"http:\/\/fmriachuelo.it10.com.ar\/index.php\/2019\/02\/12\/los-movimientos-populares-tenemos-que-acumular-fuerzas-para-la-embestida\/","title":{"rendered":"\u00abLOS MOVIMIENTOS POPULARES TENEMOS QUE ACUMULAR FUERZAS PARA LA EMBESTIDA\u00bb"},"content":{"rendered":"<p><strong>[FM Riachuelo, 12\/02\/2019]En el d\u00eda de ayer \u00a0Rompe el Cerco Informativo \u00a0entrevist\u00f3 \u00a0a Lito Borello Secretario de Derechos Humanos de la Confederaci\u00f3n General de Trabajadores de la Econom\u00eda Popular, qui\u00e9n se refiri\u00f3 a la jornada de lucha \u00a0a nivel nacional que van a llevar \u00a0adelante los movimientos populares el d\u00eda mi\u00e9rcoles.<\/strong><\/p>\n<p>Ayer lunes en la sede de CTEP (Pedro Echague 1270) se dio una conferencia de prensa\u00a0 anunciando \u00a0la nueva movilizaci\u00f3n, donde los movimientos populares junto a organizaciones sociales y sindicales, marcharan por \u00a0Tierra, Techo y Trabajo en todo el pa\u00eds.<\/p>\n<p>Es por eso, que desde el programa RCI\u00a0 conversamos con Lito, que expres\u00f3: <em><strong>\u201cEs muy importante\u00a0 que los movimientos populares, las organizaciones populares en su conjunto los sindicatos que tienen una actitud de pelea, \u00a0las distintas organizaciones que vienen mostrando en la calle y en\u00a0 la pr\u00e1ctica una actitud de pelea, salgamos a la calle revalidando el concepto de que solo la lucha nos\u00a0 har\u00e1 libre\u201d.<\/strong><\/em><\/p>\n<p>Tambi\u00e9n \u00a0dijo: <em><strong>\u201cEs parte del ejercicio que tienen que hacer los movimientos populares en la construcci\u00f3n de ir acumulando fuerzas, para resistir la embestida de las pol\u00edticas que lleva adelante el gobierno nacional, el mal gobierno de Mauricio Macri, pero tambi\u00e9n para ir construyendo la capacidad popular la organizaci\u00f3n necesaria \u00a0la unidad indispensable de los principales actores que construyen la historia, que son los pueblos que se organizan y \u00a0que luchan\u201d.<\/strong><\/em><\/p>\n<p>Para finalizar Borello\u00a0 expres\u00f3, que celebra que\u00a0 los movimientos populares se est\u00e9n organizando para esta nueva marcha que pelea por las reivindicaciones y para seguir reencontr\u00e1ndonos en el escenario\u00a0 principal\u00a0 de la acumulaci\u00f3n de fuerza del campo popular que es la calle.<\/p>\n<p><strong>Este mi\u00e9rcoles desde la Av. San Juan y 9 de Julio\/Congreso\/C\u00f3rdoba y 9 de Julio a partir de las 10hs los movimientos populares vuelven a\u00a0 marchar hasta el Ministerio de Desarrollo Social donde se realizara un acto central a las 13hs. Para exigir una paritaria social que contemple los aumentos de la canasta b\u00e1sica de alimentos y de las tarifas.<\/strong><\/p>\n<p><span style=\"color: #ff0000\"><span style=\"color: #000000\">Escucha la entrevista<\/span>:<a href=\"https:\/\/radiocut.fm\/audiocut\/lito-borello-los-movimientos-populares-tenemos-que-acumular-fuerzas-para-la-embestida\/\">https:\/\/radiocut.fm\/audiocut\/lito-borello-los-movimientos-populares-tenemos-que-acumular-fuerzas-para-la-embestida\/<\/a><\/span><\/p>\n","protected":false},"excerpt":{"rendered":"<p>[FM Riachuelo, 12\/02\/2019]En el d\u00eda de ayer \u00a0Rompe el Cerco Informativo \u00a0entrevist\u00f3 \u00a0a Lito Borello Secretario de Derechos Humanos de la Confederaci\u00f3n General de Trabajadores de la Econom\u00eda Popular, qui\u00e9n se refiri\u00f3 a la jornada de lucha \u00a0a nivel nacional que van a llevar \u00a0adelante los movimientos populares el d\u00eda mi\u00e9rcoles. Ayer lunes en la [&hellip;]<\/p>\n","protected":false},"author":5,"featured_media":8491,"comment_status":"open","ping_status":"open","sticky":false,"template":"","format":"standard","meta":{"_monsterinsights_skip_tracking":false,"_monsterinsights_sitenote_active":false,"_monsterinsights_sitenote_note":"","_monsterinsights_sitenote_category":0,"jnews-multi-image_gallery":[],"jnews_single_post":[],"jnews_primary_category":[],"_joinchat":[],"footnotes":""},"categories":[78,76,74,75],"tags":[],"class_list":["post-9012","post","type-post","status-publish","format-standard","has-post-thumbnail","hentry","category-economia-popular","category-salud-comunitaria","category-san-cayetano","category-trabajo"],"_links":{"self":[{"href":"http:\/\/fmriachuelo.it10.com.ar\/index.php\/wp-json\/wp\/v2\/posts\/9012","targetHints":{"allow":["GET"]}}],"collection":[{"href":"http:\/\/fmriachuelo.it10.com.ar\/index.php\/wp-json\/wp\/v2\/posts"}],"about":[{"href":"http:\/\/fmriachuelo.it10.com.ar\/index.php\/wp-json\/wp\/v2\/types\/post"}],"author":[{"embeddable":true,"href":"http:\/\/fmriachuelo.it10.com.ar\/index.php\/wp-json\/wp\/v2\/users\/5"}],"replies":[{"embeddable":true,"href":"http:\/\/fmriachuelo.it10.com.ar\/index.php\/wp-json\/wp\/v2\/comments?post=9012"}],"version-history":[{"count":0,"href":"http:\/\/fmriachuelo.it10.com.ar\/index.php\/wp-json\/wp\/v2\/posts\/9012\/revisions"}],"wp:featuredmedia":[{"embeddable":true,"href":"http:\/\/fmriachuelo.it10.com.ar\/index.php\/wp-json\/"}],"wp:attachment":[{"href":"http:\/\/fmriachuelo.it10.com.ar\/index.php\/wp-json\/wp\/v2\/media?parent=9012"}],"wp:term":[{"taxonomy":"category","embeddable":true,"href":"http:\/\/fmriachuelo.it10.com.ar\/index.php\/wp-json\/wp\/v2\/categories?post=9012"},{"taxonomy":"post_tag","embeddable":true,"href":"http:\/\/fmriachuelo.it10.com.ar\/index.php\/wp-json\/wp\/v2\/tags?post=9012"}],"curies":[{"name":"wp","href":"https:\/\/api.w.org\/{rel}","templated":true}]}}