{"id":901,"date":"2014-12-05T19:27:00","date_gmt":"2014-12-05T19:27:00","guid":{"rendered":"http:\/\/fmriachuelo.observatorioess.org.ar\/index.php\/2014\/12\/05\/llamada-de-candombe-en-la-ciudad\/"},"modified":"2025-03-17T11:54:14","modified_gmt":"2025-03-17T14:54:14","slug":"llamada-de-candombe-en-la-ciudad","status":"publish","type":"post","link":"http:\/\/fmriachuelo.it10.com.ar\/index.php\/2014\/12\/05\/llamada-de-candombe-en-la-ciudad\/","title":{"rendered":"LLAMADA DE CANDOMBE EN LA CIUDAD"},"content":{"rendered":"<div style=\"clear: both;text-align: center\"><a href=\"http:\/\/2.bp.blogspot.com\/-uR_2DdWKVQs\/VIIGyj8A4SI\/AAAAAAAABzg\/oxbjWeCrGrw\/s1600\/candombe.jpg\" style=\"clear: left;float: left;margin-bottom: 1em;margin-right: 1em\"><span style=\"font-family: Verdana, sans-serif\"><img loading=\"lazy\" decoding=\"async\" border=\"0\" src=\"http:\/\/2.bp.blogspot.com\/-uR_2DdWKVQs\/VIIGyj8A4SI\/AAAAAAAABzg\/oxbjWeCrGrw\/s1600\/candombe.jpg\" height=\"179\" width=\"320\" \/><\/span><\/a><\/div>\n<p><span style=\"background-color: white;color: red;font-family: Verdana, sans-serif;font-size: large;line-height: 17.9200000762939px\"><b>9\u00ba LLAMADA DE CANDOMBE DE SAN TELMO<\/b><\/span><br \/><span style=\"background-color: white;color: #141823;font-family: Verdana, sans-serif;line-height: 17.9200000762939px\">\u201cHOMENAJE a Santa Hilda \u00abLa Pocha\u00bb Techera y Juan Candamia Prieto Nazareno\u201d&nbsp;<\/span><br \/><span style=\"background-color: white;color: #141823;font-family: Verdana, sans-serif;line-height: 17.9200000762939px\">Por noveno a\u00f1o consecutivo, la Agrupaci\u00f3n de comparsas realizar\u00e1, La Llamada de Candombe de San Telmo. S\u00e1bado 6 de diciembre de 16 a 23 horas, en la calle Defensa \u2013entre Av. Independencia y Garay.<\/span><br \/><a name='more'><\/a><br \/><span style=\"background-color: white;color: #141823;font-family: Verdana, sans-serif;line-height: 17.9200000762939px\">La Llamada de Candombe de San Telmo es un evento en el que 35 comparsas de candombe con 1500 artistas, desfilan tocando y danzando generando un gran atractivo en el p\u00fablico local y turista. Alrededor de 10 mil espectadores disfrutan de la propuesta.<\/span><br \/><span style=\"background-color: white;color: #141823;font-family: Verdana, sans-serif;line-height: 17.9200000762939px\">Las comparsas participantes, organizan este evento y cuentan con el auspicio del Ministerio de Cultura de la Naci\u00f3n.<\/span><br \/><span style=\"font-family: Verdana, sans-serif\"><span style=\"background-color: white;color: #141823;line-height: 17.9200000762939px\">Este A\u00f1o, la Agrupaci\u00f3n de Comparsas, d<\/span><span style=\"background-color: white;color: #141823;line-height: 17.9200000762939px\">ecidi\u00f3 darle un marco m\u00e1s a este desfile, ser\u00e1n Homenajeados dos Referentes de la cultura del candombe como lo son la Sra. Santa Hilda \u201cLa Pocha\u201d Techera y el Sr. Juan Candamia Prieto Nazareno. Siendo este, el primero de futuros homenajes a referentes de la comunidad del Candombe.<br \/><\/span><\/span><br \/><span style=\"font-family: Verdana, sans-serif\"><span style=\"background-color: white;line-height: 17.9200000762939px\"><b><span style=\"color: #141823\">Del Espect\u00e1culo<\/span><\/b><\/span><\/span><\/p>\n<ul style=\"color: #141823\">\n<li><span style=\"font-family: Verdana, sans-serif\"><span style=\"background-color: white;line-height: 17.9200000762939px\"><span style=\"line-height: 17.9200000762939px\">En el Pasaje San Lorenzo habr\u00e1 fuegos para el templado de los tambores que comienza a las 15 horas.<\/span><\/span><\/span><\/li>\n<li><span style=\"font-family: Verdana, sans-serif\"><span style=\"background-color: white;line-height: 17.9200000762939px\"><span style=\"line-height: 17.9200000762939px\">La largada de la llamada tendr\u00e1 dos puntos de partida: Uno sobre Pje San Lorenzo y el otro sobre Defensa<\/span><\/span><\/span><\/li>\n<li><span style=\"font-family: Verdana, sans-serif\"><span style=\"background-color: white;line-height: 17.9200000762939px\"><span style=\"line-height: 17.9200000762939px\">El horario de inicio ser\u00e1 a partir de las 16 horas, cada comparsa tarda aproximadamente una hora en hacer el recorrido completo (8 cuadras).<\/span><\/span><\/span><\/li>\n<li><span style=\"font-family: Verdana, sans-serif\"><span style=\"background-color: white;line-height: 17.9200000762939px\"><span style=\"line-height: 17.9200000762939px\">La llegada es en Defensa y Av. Garay.<\/span><\/span><\/span><\/li>\n<\/ul>\n<p><span style=\"font-family: Verdana, sans-serif\"><span style=\"background-color: white;line-height: 17.9200000762939px\"><span style=\"color: #141823\">Como es tradici\u00f3n, cada una de las 35 comparsas hace su salida con estandarte, banderas, trofeos (estrella y medialuna), escobero, gramillero y mama vieja (personajes t\u00edpicos del candombe).<\/span><\/p>\n<p><span style=\"color: #141823\">PARTICIPAN:<\/span><br \/><span style=\"color: #141823\">K&#8217;NDOMBE K&#8217;NDOMBE<\/span><br \/><span style=\"color: #141823\">LA JUSTA CANDOMBE<\/span><br \/><span style=\"color: #141823\">LA CUMPARSA<\/span><br \/><span style=\"color: #141823\">GUARILO<\/span><br \/><span style=\"color: #141823\">YUMBA<\/span><br \/><span style=\"color: #141823\">CRUZADERA (Uruguay)<\/span><br \/><span style=\"color: #141823\">COMPARSA BANTU<\/span><br \/><span style=\"color: #141823\">COLOR DE LEON<\/span><br \/><span style=\"color: #141823\">AFRICA RUGE<\/span><br \/><span style=\"color: #141823\">KIMBA<\/span><br \/><span style=\"color: #141823\">LA CHILINGA COMPARSA<\/span><br \/><span style=\"color: #141823\">JUANA DE AMERICA<\/span><br \/><span style=\"color: #141823\">LA REVUELTA CANDOMBE CIMARR\u00d3N<\/span><br \/><span style=\"color: #141823\">LUNAYEMBE LA COMPARSA<\/span><br \/><span style=\"color: #141823\">AGUANIL\u00c9-ESCUELA DE CANDOMBE<\/span><br \/><span style=\"color: #141823\">NACION BOMBELE<\/span><br \/><span style=\"color: #141823\">KILEMBE (Uruguay)<\/span><br \/><span style=\"color: #141823\">CANDOMBE HORMIGA (Rosario)<\/span><br \/><span style=\"color: #141823\">ESCALANDOMBE<\/span><br \/><span style=\"color: #141823\">LA CANDELA DE SAN TELMO<\/span><br \/><span style=\"color: #141823\">IDIL\u00c8, CANDOMBE EN FAMILIA<\/span><br \/><span style=\"color: #141823\">CANDOMBE DEL CEMENTERIO<\/span><br \/><span style=\"color: #141823\">LA ROSA NEGRA<\/span><br \/><span style=\"color: #141823\">KUMBABANTU<\/span><br \/><span style=\"color: #141823\">IRALA CANDOMBE<\/span><br \/><span style=\"color: #141823\">ERIB\u00d3 CANDOMBE<\/span><br \/><span style=\"color: #141823\">MBURUCUYA CANDOMBE<\/span><br \/><span style=\"color: #141823\">LA ITU XANGO<\/span><br \/><span style=\"color: #141823\">CURIMBO<\/span><br \/><span style=\"color: #141823\">IYAKERERE<\/span><br \/><span style=\"color: #141823\">ESCUELA DE CANDOMBE LONJAS DE SAN TELMO<\/span><br \/><span style=\"color: #141823\">ESCUELA INTEGRAL DE CANDOMBE \u00abBONGA\u00bb<\/span><br \/><span style=\"color: #141823\">AFRO RAIZ CANDOMBE<\/span><br \/><span style=\"color: #141823\">PUERTO SAUCE (Uruguay)<\/span><br \/><span style=\"color: #141823\">LONJAS 932<\/span><\/p>\n<p><b><span style=\"color: #141823\">A destacar:<\/span><\/b><span style=\"color: #141823\">\u00b7 35 comparsas de candombe.<\/span><br \/><span style=\"color: #141823\">\u00b7 Alrededor de 1.500 artistas con vestuarios de gran atracci\u00f3n est\u00e9tica<\/span><br \/><span style=\"color: #141823\">\u00b7 7 horas de espect\u00e1culo consecutivas<\/span><br \/><span style=\"color: #141823\">\u00b7 8 cuadras del barrio de San Telmo (calle Defensa) como escenario<\/span><br \/><span style=\"color: #141823\">\u00b7 Homenaje a dos Referentes Sra Santa Hilda \u201cLa Pocha\u201d Techera y el Sr. Juan Candamia Prieto Nazareno<\/span><br \/><span style=\"color: #141823\">\u00b7 Gran atractivo cultural y tur\u00edstico<\/span><br \/><span style=\"color: #141823\">\u00b7 Gran convocatoria de p\u00fablico, m\u00e1s de 10.000 espectadores<\/span><br \/><span style=\"color: #141823\">(link del evento oficial)&nbsp;<\/span><a href=\"https:\/\/www.facebook.com\/events\/323011067899421\/?ref=4\" rel=\"nofollow\" style=\"color: #3b5998;cursor: pointer;text-decoration: none\">https:\/\/www.facebook.com\/<span><\/span>events\/323011067899421\/<span><\/span>?ref=4<\/a><\/p>\n<p><b><span style=\"color: red\">\u00a1INVITE Y DIFUNDA!<\/span><\/b><\/span><\/span><\/p>\n","protected":false},"excerpt":{"rendered":"<p>9\u00ba LLAMADA DE CANDOMBE DE SAN TELMO\u201cHOMENAJE a Santa Hilda \u00abLa Pocha\u00bb Techera y Juan Candamia Prieto Nazareno\u201d&nbsp;Por noveno a\u00f1o consecutivo, la Agrupaci\u00f3n de comparsas realizar\u00e1, La Llamada de Candombe de San Telmo. S\u00e1bado 6 de diciembre de 16 a 23 horas, en la calle Defensa \u2013entre Av. Independencia y Garay.La Llamada de Candombe de [&hellip;]<\/p>\n","protected":false},"author":4,"featured_media":0,"comment_status":"open","ping_status":"open","sticky":false,"template":"","format":"standard","meta":{"_monsterinsights_skip_tracking":false,"_monsterinsights_sitenote_active":false,"_monsterinsights_sitenote_note":"","_monsterinsights_sitenote_category":0,"jnews-multi-image_gallery":[],"jnews_single_post":{"format":"standard"},"jnews_primary_category":[],"_joinchat":[],"footnotes":""},"categories":[58],"tags":[152],"class_list":["post-901","post","type-post","status-publish","format-standard","hentry","category-noticiariachuelo","tag-cultura"],"_links":{"self":[{"href":"http:\/\/fmriachuelo.it10.com.ar\/index.php\/wp-json\/wp\/v2\/posts\/901","targetHints":{"allow":["GET"]}}],"collection":[{"href":"http:\/\/fmriachuelo.it10.com.ar\/index.php\/wp-json\/wp\/v2\/posts"}],"about":[{"href":"http:\/\/fmriachuelo.it10.com.ar\/index.php\/wp-json\/wp\/v2\/types\/post"}],"author":[{"embeddable":true,"href":"http:\/\/fmriachuelo.it10.com.ar\/index.php\/wp-json\/wp\/v2\/users\/4"}],"replies":[{"embeddable":true,"href":"http:\/\/fmriachuelo.it10.com.ar\/index.php\/wp-json\/wp\/v2\/comments?post=901"}],"version-history":[{"count":1,"href":"http:\/\/fmriachuelo.it10.com.ar\/index.php\/wp-json\/wp\/v2\/posts\/901\/revisions"}],"predecessor-version":[{"id":22005,"href":"http:\/\/fmriachuelo.it10.com.ar\/index.php\/wp-json\/wp\/v2\/posts\/901\/revisions\/22005"}],"wp:attachment":[{"href":"http:\/\/fmriachuelo.it10.com.ar\/index.php\/wp-json\/wp\/v2\/media?parent=901"}],"wp:term":[{"taxonomy":"category","embeddable":true,"href":"http:\/\/fmriachuelo.it10.com.ar\/index.php\/wp-json\/wp\/v2\/categories?post=901"},{"taxonomy":"post_tag","embeddable":true,"href":"http:\/\/fmriachuelo.it10.com.ar\/index.php\/wp-json\/wp\/v2\/tags?post=901"}],"curies":[{"name":"wp","href":"https:\/\/api.w.org\/{rel}","templated":true}]}}