{"id":90,"date":"2015-08-30T15:52:00","date_gmt":"2015-08-30T15:52:00","guid":{"rendered":"http:\/\/fmriachuelo.observatorioess.org.ar\/index.php\/2015\/08\/30\/peru-aumenta-el-numero-de-soldados-de-ee-uu\/"},"modified":"2025-05-13T15:33:36","modified_gmt":"2025-05-13T18:33:36","slug":"peru-aumenta-el-numero-de-soldados-de-ee-uu","status":"publish","type":"post","link":"http:\/\/fmriachuelo.it10.com.ar\/index.php\/2015\/08\/30\/peru-aumenta-el-numero-de-soldados-de-ee-uu\/","title":{"rendered":"PER\u00da: AUMENTA EL N\u00daMERO DE SOLDADOS DE EE.UU."},"content":{"rendered":"<div><span style=\"color: red;font-family: Verdana, sans-serif;font-size: large\"><b>AMENAZADOS<\/b><\/span><\/div>\n<p><span style=\"font-family: Verdana, sans-serif\">EE.UU. eleva su contingente militar en Per\u00fa<\/span><\/p>\n<div style=\"clear: both;text-align: center\"><a href=\"http:\/\/2.bp.blogspot.com\/-LGAi-hZPJOw\/VeMkoN507nI\/AAAAAAAAGKw\/lHmJAo96woY\/s1600\/peru.jpg\" style=\"margin-left: 1em;margin-right: 1em\"><img loading=\"lazy\" decoding=\"async\" border=\"0\" height=\"254\" src=\"http:\/\/2.bp.blogspot.com\/-LGAi-hZPJOw\/VeMkoN507nI\/AAAAAAAAGKw\/lHmJAo96woY\/s320\/peru.jpg\" width=\"320\" \/><\/a><\/div>\n<p><span style=\"font-family: Verdana, sans-serif\"><\/p>\n<div style=\"text-align: justify\">La noticia ha sido ocultada por los grandes medios en Per\u00fa y en la Patria Grande. El incremento del militarismo de procedencia de EE.UU viene aumentando en la regi\u00f3n de manera silenciosa. Bases militares de EE:UU en Per\u00fa, Paraguay y Colombia van creciendo y constituyen una amenaza para el continente y contra los pueblos que se vienen organizando para luchar por mas y mejores derechos, que los poderes econ\u00f3micos y financieros han mercantilizado durante muchas d\u00e9cadas.&nbsp;<\/div>\n<p><\/span><\/p>\n<div><span style=\"font-family: Verdana, sans-serif\"><br \/>Washington incrementar\u00e1 el contingente militar en Per\u00fa de 125 a 3. 200 soldados. Est\u00e1 previsto que esos marines desembarquen el 1 de septiembre. <\/p>\n<p>La operaci\u00f3n cuenta con la aprobaci\u00f3n del Congreso norteamericano. Seg\u00fan declaraciones oficiales, el aumento servir\u00e1 para mejorar en la lucha conjunta con los soldados de la Marina peruana contra los insurgentes y narcotraficantes, informa Defensa.com.<br \/><a name='more'><\/a><br \/>Las fuerzas peruanas se enfrentan regularmente con el grupo guerrillero Sendero Luminoso, y Lima ha manifestado que requiere de al menos 2.500 efectivos para redoblar la presencia policial en las zonas menos accesibles.<\/p>\n<p>Seg\u00fan el investigador principal del Instituto del Per\u00fa, Miguel Santillana, la iniciativa de EE.UU. se fundamenta en su inter\u00e9s por conservar su presencia militar en Sudam\u00e9rica, a expensas del pueblo peruano.<\/p>\n<p>\u00abLos norteamericanos tienen una presencia en Per\u00fa como en cualquier pa\u00eds de Am\u00e9rica Latina porque sienten que somos su zona de influencia. Ellos se sienten con el derecho de tener presencia oficial y no oficial en nuestro territorio\u00bb, dijo Santillana a RT. <\/span><\/div>\n<div><span style=\"font-family: Verdana, sans-serif\"><br \/><\/span><\/div>\n<div><span style=\"color: blue;font-family: Verdana, sans-serif\">Rusia Today, Colectivo Dignidad, Producci\u00f3n Riachuelo<\/span><\/div>\n","protected":false},"excerpt":{"rendered":"<p>AMENAZADOS EE.UU. eleva su contingente militar en Per\u00fa La noticia ha sido ocultada por los grandes medios en Per\u00fa y en la Patria Grande. El incremento del militarismo de procedencia de EE.UU viene aumentando en la regi\u00f3n de manera silenciosa. Bases militares de EE:UU en Per\u00fa, Paraguay y Colombia van creciendo y constituyen una amenaza [&hellip;]<\/p>\n","protected":false},"author":4,"featured_media":0,"comment_status":"open","ping_status":"open","sticky":false,"template":"","format":"standard","meta":{"_monsterinsights_skip_tracking":false,"_monsterinsights_sitenote_active":false,"_monsterinsights_sitenote_note":"","_monsterinsights_sitenote_category":0,"jnews-multi-image_gallery":[],"jnews_single_post":{"format":"standard"},"jnews_primary_category":[],"_joinchat":[],"footnotes":""},"categories":[58],"tags":[70,167],"class_list":["post-90","post","type-post","status-publish","format-standard","hentry","category-noticiariachuelo","tag-de-la-patria-grande","tag-politica-internacional"],"_links":{"self":[{"href":"http:\/\/fmriachuelo.it10.com.ar\/index.php\/wp-json\/wp\/v2\/posts\/90","targetHints":{"allow":["GET"]}}],"collection":[{"href":"http:\/\/fmriachuelo.it10.com.ar\/index.php\/wp-json\/wp\/v2\/posts"}],"about":[{"href":"http:\/\/fmriachuelo.it10.com.ar\/index.php\/wp-json\/wp\/v2\/types\/post"}],"author":[{"embeddable":true,"href":"http:\/\/fmriachuelo.it10.com.ar\/index.php\/wp-json\/wp\/v2\/users\/4"}],"replies":[{"embeddable":true,"href":"http:\/\/fmriachuelo.it10.com.ar\/index.php\/wp-json\/wp\/v2\/comments?post=90"}],"version-history":[{"count":1,"href":"http:\/\/fmriachuelo.it10.com.ar\/index.php\/wp-json\/wp\/v2\/posts\/90\/revisions"}],"predecessor-version":[{"id":23996,"href":"http:\/\/fmriachuelo.it10.com.ar\/index.php\/wp-json\/wp\/v2\/posts\/90\/revisions\/23996"}],"wp:attachment":[{"href":"http:\/\/fmriachuelo.it10.com.ar\/index.php\/wp-json\/wp\/v2\/media?parent=90"}],"wp:term":[{"taxonomy":"category","embeddable":true,"href":"http:\/\/fmriachuelo.it10.com.ar\/index.php\/wp-json\/wp\/v2\/categories?post=90"},{"taxonomy":"post_tag","embeddable":true,"href":"http:\/\/fmriachuelo.it10.com.ar\/index.php\/wp-json\/wp\/v2\/tags?post=90"}],"curies":[{"name":"wp","href":"https:\/\/api.w.org\/{rel}","templated":true}]}}